{"id":1233,"date":"2009-07-26T13:15:23","date_gmt":"2009-07-26T10:15:23","guid":{"rendered":"http:\/\/birlikdayanisma.com\/v3\/?p=1233"},"modified":"2009-08-18T16:25:19","modified_gmt":"2009-08-18T13:25:19","slug":"disk-hukuk-mucadelemizi-surdurecegiz","status":"publish","type":"post","link":"https:\/\/birlikdayanisma.com\/v3\/2009\/07\/disk-hukuk-mucadelemizi-surdurecegiz\/","title":{"rendered":"D\u0130SK; Kurucu Genel Ba\u015fkan\u0131m\u0131z\u0131 unutmad\u0131k, hukuk m\u00fccadelemizi s\u00fcrd\u00fcrece\u011fiz!"},"content":{"rendered":"<p><!-- \t\t@page { margin: 2cm } \t\tP { margin-bottom: 0.21cm } --><\/p>\n<p style=\"margin-bottom: 0cm;\">D\u0130SK Kurucu Genel Ba\u015fkan\u0131 Kemal T\u00fcrkler, 22 Temmuz 1980 y\u0131l\u0131nda fa\u015fist katiller taraf\u0131ndan katledildi.  D\u0130SK, katledili\u015finin 29. y\u0131l\u0131nda hala s\u00fcren davaya m\u00fcdahil olabilmek i\u00e7in hukuk m\u00fccadelesini \u0131srarla s\u00fcrd\u00fcrd\u00fc. Ancak, davan\u0131n son iki duru\u015fmas\u0131nda m\u00fcdahil olabildi.<\/p>\n<p style=\"margin-bottom: 0cm;\"><!--more-->D\u0130SK, dava ile ilgili bir bas\u0131n a\u00e7\u0131klamas\u0131 yapt\u0131.<\/p>\n<p style=\"margin-bottom: 0cm;\">D\u0130SK Genel Sekreteri Tayfun G\u00f6rg\u00fcn\u2019\u00fcn, 30 Temmuz\u2019da yeniden g\u00f6r\u00fclecek Kemal T\u00fcrkler davas\u0131 ile ilgili bas\u0131n a\u00e7\u0131klamas\u0131:<\/p>\n<p style=\"margin-bottom: 0cm;\"><strong>SU\u0130KAST\u0130N 29. YILINDA KEMAL T\u00dcRKLER\u2019\u0130 ANIYOR, ADALET ARIYORUZ!<\/strong><\/p>\n<p style=\"margin-bottom: 0cm;\">22 Temmuz 2009, konfederasyonumuzun Kurucu Genel Ba\u015fkan\u0131 Kemal T\u00fcrkler\u2019in fa\u015fist katiller taraf\u0131ndan katledili\u015finin 29. y\u0131l\u0131.<\/p>\n<p style=\"margin-bottom: 0cm;\">29 y\u0131l \u00f6nce, i\u015f\u00e7i s\u0131n\u0131f\u0131n\u0131n unutulmaz \u00f6nderi Kemal T\u00fcrkler\u2019in hayat dolu kalbine namlular\u0131n\u0131 do\u011frultanlardan ve bunu onlardan yapmas\u0131n\u0131 isteyenlerden hesap sorulamad\u0131!..<\/p>\n<p style=\"margin-bottom: 0cm;\">Bu siyasi suikastin ard\u0131ndaki sis perdesi bug\u00fcn h\u00e2l\u00e2 kald\u0131r\u0131labilmi\u015f de\u011fil&#8230;<\/p>\n<p style=\"margin-bottom: 0cm;\"><strong>29 y\u0131ld\u0131r ADALET ARIYORUZ!..<\/strong><\/p>\n<p style=\"margin-bottom: 0cm;\">Arad\u0131\u011f\u0131m\u0131z bu adalet ne sadece T\u00fcrkler Ailesi\u2019nin sorunu ve ne de sadece D\u0130SK\u2019lilerin sorunudur&#8230;<\/p>\n<p style=\"margin-bottom: 0cm;\">Bu sorun, T\u00fcrkiye i\u015f\u00e7i s\u0131n\u0131f\u0131n\u0131n, ayd\u0131nlar\u0131n, t\u00fcm demokrasi g\u00fc\u00e7lerinin sorunudur. \u00dclkemizin yak\u0131n ge\u00e7mi\u015finin ayd\u0131nlat\u0131larak demokrasinin yerle\u015ftirilmesi sorunudur!..<\/p>\n<p style=\"margin-bottom: 0cm;\">Bizler biliyoruz ki, 12 Eyl\u00fcl\u2019c\u00fcler ve Kontrgerilla yarg\u0131 \u00f6n\u00fcne \u00e7\u0131kar\u0131lmadan,<\/p>\n<p style=\"margin-bottom: 0cm;\">1 May\u0131s 77, \u00c7orum, Mara\u015f ve Sivas katliamlar\u0131n\u0131n, Genel Ba\u015fkan\u0131m\u0131z Kemal T\u00fcrkler\u2019in katledilmesi benzeri siyasi cinayetlerin ve kimli\u011fi me\u00e7hul b\u0131rak\u0131lan cinayetlerin ger\u00e7ek sorumlular\u0131n\u0131 a\u00e7\u0131\u011fa \u00e7\u0131kar\u0131p yarg\u0131lamadan \u00fclkemizde ger\u00e7ek demokrasi yerle\u015fmeyecektir.<\/p>\n<p style=\"margin-bottom: 0cm;\">Ger\u00e7ek bir demokratikle\u015fmenin sa\u011flanabilmesi i\u00e7in \u00f6n\u00fcm\u00fczdeki \u00f6nemli se\u00e7eneklerden biri bu yarg\u0131lamalar\u0131n yap\u0131lmas\u0131d\u0131r.<\/p>\n<p style=\"margin-bottom: 0cm;\">12 Eyl\u00fcl \u00f6ncesinin en planl\u0131 cinayetlerinden biri olan bu davada, san\u0131k sandalyesinde oturan \u015fah\u0131s uzun y\u0131llar yurtd\u0131\u015f\u0131nda firari olarak ya\u015fad\u0131ktan sonra zamana\u015f\u0131m\u0131 s\u00fcresinin dolmas\u0131na az bir zaman kala Kemal T\u00fcrkler ailesi avukatlar\u0131n\u0131n uzun \u00e7abalar\u0131yla san\u0131k sandalyesine oturtulabildi&#8230;<\/p>\n<p style=\"margin-bottom: 0cm;\">Bug\u00fcn de beklentimiz, bu davan\u0131n zaman a\u015f\u0131m\u0131na u\u011frat\u0131lmadan adil bir yarg\u0131lamadan ge\u00e7mesi, Kemal T\u00fcrkler cinayetinin arkas\u0131ndaki karanl\u0131k odaklar\u0131n ortaya \u00e7\u0131kar\u0131larak ger\u00e7ek adaletin sa\u011flanmas\u0131d\u0131r.<\/p>\n<p style=\"margin-bottom: 0cm;\">Yeniden a\u00e7\u0131lan davan\u0131n \u00fc\u00e7\u00fcnc\u00fc duru\u015fmas\u0131 <strong>30 Temmuz Per\u015fembe g\u00fcn\u00fc saat 14:30\u2019da Bak\u0131rk\u00f6y Adliyesi<\/strong>\u2019nde g\u00f6r\u00fclecek&#8230;<\/p>\n<p style=\"margin-bottom: 0cm;\">\u00dclkemizin ayd\u0131nl\u0131k gelece\u011fi i\u00e7in, demokrasi ve \u00f6zg\u00fcrl\u00fckler m\u00fccadelesi i\u00e7in<\/p>\n<p style=\"margin-bottom: 0cm;\">30 TEMMUZ\u2019DA ADL\u0130YE \u00d6N\u00dcNDE TOPLANIYORUZ!..<\/p>\n<p style=\"margin-bottom: 0cm;\">\n","protected":false},"excerpt":{"rendered":"<p>D\u0130SK Kurucu Genel Ba\u015fkan\u0131 Kemal T\u00fcrkler, 22 Temmuz 1980 y\u0131l\u0131nda fa\u015fist katiller taraf\u0131ndan katledildi. D\u0130SK, katledili\u015finin 29. y\u0131l\u0131nda hala s\u00fcren davaya m\u00fcdahil olabilmek i\u00e7in hukuk m\u00fccadelesini \u0131srarla s\u00fcrd\u00fcrd\u00fc. Ancak, davan\u0131n son iki duru\u015fmas\u0131nda m\u00fcdahil olabildi.<\/p>\n","protected":false},"author":4,"featured_media":0,"comment_status":"closed","ping_status":"open","sticky":false,"template":"","format":"standard","meta":{"_et_pb_use_builder":"","_et_pb_old_content":"","_et_gb_content_width":"","footnotes":""},"categories":[103],"tags":[41,5],"class_list":["post-1233","post","type-post","status-publish","format-standard","hentry","category-turkiyeden","tag-disk","tag-kemal-turkler","et-doesnt-have-format-content","et_post_format-et-post-format-standard"],"yoast_head":"<!-- This site is optimized with the Yoast SEO plugin v26.8 - https:\/\/yoast.com\/product\/yoast-seo-wordpress\/ -->\n<title>D\u0130SK; Kurucu Genel Ba\u015fkan\u0131m\u0131z\u0131 unutmad\u0131k, hukuk m\u00fccadelemizi s\u00fcrd\u00fcrece\u011fiz! &#8211; Birlik Dayan\u0131\u015fma Hareketi<\/title>\n<meta name=\"description\" content=\"D\u0130SK Kurucu Genel Ba\u015fkan\u0131 Kemal T\u00fcrkler, 22 Temmuz 1980 y\u0131l\u0131nda fa\u015fist katiller taraf\u0131ndan katledildi. D\u0130SK, katledili\u015finin 29. y\u0131l\u0131nda hala s\u00fcren davaya\" \/>\n<meta name=\"robots\" content=\"index, follow, max-snippet:-1, max-image-preview:large, max-video-preview:-1\" \/>\n<link rel=\"canonical\" href=\"https:\/\/birlikdayanisma.com\/v3\/2009\/07\/disk-hukuk-mucadelemizi-surdurecegiz\/\" \/>\n<meta property=\"og:locale\" content=\"tr_TR\" \/>\n<meta property=\"og:type\" content=\"article\" \/>\n<meta property=\"og:title\" content=\"D\u0130SK; Kurucu Genel Ba\u015fkan\u0131m\u0131z\u0131 unutmad\u0131k, hukuk m\u00fccadelemizi s\u00fcrd\u00fcrece\u011fiz! &#8211; Birlik Dayan\u0131\u015fma Hareketi\" \/>\n<meta property=\"og:description\" content=\"D\u0130SK Kurucu Genel Ba\u015fkan\u0131 Kemal T\u00fcrkler, 22 Temmuz 1980 y\u0131l\u0131nda fa\u015fist katiller taraf\u0131ndan katledildi. D\u0130SK, katledili\u015finin 29. y\u0131l\u0131nda hala s\u00fcren davaya\" \/>\n<meta property=\"og:url\" content=\"https:\/\/birlikdayanisma.com\/v3\/2009\/07\/disk-hukuk-mucadelemizi-surdurecegiz\/\" \/>\n<meta property=\"og:site_name\" content=\"Birlik Dayan\u0131\u015fma Hareketi\" \/>\n<meta property=\"article:published_time\" content=\"2009-07-26T10:15:23+00:00\" \/>\n<meta property=\"article:modified_time\" content=\"2009-08-18T13:25:19+00:00\" \/>\n<meta name=\"author\" content=\"root\" \/>\n<meta name=\"twitter:card\" content=\"summary_large_image\" \/>\n<meta name=\"twitter:label1\" content=\"Yazan:\" \/>\n\t<meta name=\"twitter:data1\" content=\"root\" \/>\n\t<meta name=\"twitter:label2\" content=\"Tahmini okuma s\u00fcresi\" \/>\n\t<meta name=\"twitter:data2\" content=\"2 dakika\" \/>\n<script type=\"application\/ld+json\" class=\"yoast-schema-graph\">{\"@context\":\"https:\/\/schema.org\",\"@graph\":[{\"@type\":\"Article\",\"@id\":\"https:\/\/birlikdayanisma.com\/v3\/2009\/07\/disk-hukuk-mucadelemizi-surdurecegiz\/#article\",\"isPartOf\":{\"@id\":\"https:\/\/birlikdayanisma.com\/v3\/2009\/07\/disk-hukuk-mucadelemizi-surdurecegiz\/\"},\"author\":{\"name\":\"root\",\"@id\":\"https:\/\/birlikdayanisma.com\/v3\/#\/schema\/person\/2fd4a0bf332f1634d637e73cafde5aff\"},\"headline\":\"D\u0130SK; Kurucu Genel Ba\u015fkan\u0131m\u0131z\u0131 unutmad\u0131k, hukuk m\u00fccadelemizi s\u00fcrd\u00fcrece\u011fiz!\",\"datePublished\":\"2009-07-26T10:15:23+00:00\",\"dateModified\":\"2009-08-18T13:25:19+00:00\",\"mainEntityOfPage\":{\"@id\":\"https:\/\/birlikdayanisma.com\/v3\/2009\/07\/disk-hukuk-mucadelemizi-surdurecegiz\/\"},\"wordCount\":463,\"publisher\":{\"@id\":\"https:\/\/birlikdayanisma.com\/v3\/#organization\"},\"keywords\":[\"D\u0130SK\",\"Kemal T\u00fcrkler\"],\"articleSection\":[\"T\u00fcrkiyeden\"],\"inLanguage\":\"tr\"},{\"@type\":\"WebPage\",\"@id\":\"https:\/\/birlikdayanisma.com\/v3\/2009\/07\/disk-hukuk-mucadelemizi-surdurecegiz\/\",\"url\":\"https:\/\/birlikdayanisma.com\/v3\/2009\/07\/disk-hukuk-mucadelemizi-surdurecegiz\/\",\"name\":\"D\u0130SK; Kurucu Genel Ba\u015fkan\u0131m\u0131z\u0131 unutmad\u0131k, hukuk m\u00fccadelemizi s\u00fcrd\u00fcrece\u011fiz! &#8211; Birlik Dayan\u0131\u015fma Hareketi\",\"isPartOf\":{\"@id\":\"https:\/\/birlikdayanisma.com\/v3\/#website\"},\"datePublished\":\"2009-07-26T10:15:23+00:00\",\"dateModified\":\"2009-08-18T13:25:19+00:00\",\"description\":\"D\u0130SK Kurucu Genel Ba\u015fkan\u0131 Kemal T\u00fcrkler, 22 Temmuz 1980 y\u0131l\u0131nda fa\u015fist katiller taraf\u0131ndan katledildi. D\u0130SK, katledili\u015finin 29. y\u0131l\u0131nda hala s\u00fcren davaya\",\"breadcrumb\":{\"@id\":\"https:\/\/birlikdayanisma.com\/v3\/2009\/07\/disk-hukuk-mucadelemizi-surdurecegiz\/#breadcrumb\"},\"inLanguage\":\"tr\",\"potentialAction\":[{\"@type\":\"ReadAction\",\"target\":[\"https:\/\/birlikdayanisma.com\/v3\/2009\/07\/disk-hukuk-mucadelemizi-surdurecegiz\/\"]}]},{\"@type\":\"BreadcrumbList\",\"@id\":\"https:\/\/birlikdayanisma.com\/v3\/2009\/07\/disk-hukuk-mucadelemizi-surdurecegiz\/#breadcrumb\",\"itemListElement\":[{\"@type\":\"ListItem\",\"position\":1,\"name\":\"Ana sayfa\",\"item\":\"https:\/\/birlikdayanisma.com\/v3\/\"},{\"@type\":\"ListItem\",\"position\":2,\"name\":\"D\u0130SK; Kurucu Genel Ba\u015fkan\u0131m\u0131z\u0131 unutmad\u0131k, hukuk m\u00fccadelemizi s\u00fcrd\u00fcrece\u011fiz!\"}]},{\"@type\":\"WebSite\",\"@id\":\"https:\/\/birlikdayanisma.com\/v3\/#website\",\"url\":\"https:\/\/birlikdayanisma.com\/v3\/\",\"name\":\"Birlik Dayan\u0131\u015fma Hareketi\",\"description\":\"\",\"publisher\":{\"@id\":\"https:\/\/birlikdayanisma.com\/v3\/#organization\"},\"potentialAction\":[{\"@type\":\"SearchAction\",\"target\":{\"@type\":\"EntryPoint\",\"urlTemplate\":\"https:\/\/birlikdayanisma.com\/v3\/?s={search_term_string}\"},\"query-input\":{\"@type\":\"PropertyValueSpecification\",\"valueRequired\":true,\"valueName\":\"search_term_string\"}}],\"inLanguage\":\"tr\"},{\"@type\":\"Organization\",\"@id\":\"https:\/\/birlikdayanisma.com\/v3\/#organization\",\"name\":\"Birlik Dayan\u0131\u015fma Hareketi\",\"url\":\"https:\/\/birlikdayanisma.com\/v3\/\",\"logo\":{\"@type\":\"ImageObject\",\"inLanguage\":\"tr\",\"@id\":\"https:\/\/birlikdayanisma.com\/v3\/#\/schema\/logo\/image\/\",\"url\":\"https:\/\/birlikdayanisma.com\/v3\/wp-content\/uploads\/bdh_logo_2016.png\",\"contentUrl\":\"https:\/\/birlikdayanisma.com\/v3\/wp-content\/uploads\/bdh_logo_2016.png\",\"width\":468,\"height\":60,\"caption\":\"Birlik Dayan\u0131\u015fma Hareketi\"},\"image\":{\"@id\":\"https:\/\/birlikdayanisma.com\/v3\/#\/schema\/logo\/image\/\"}},{\"@type\":\"Person\",\"@id\":\"https:\/\/birlikdayanisma.com\/v3\/#\/schema\/person\/2fd4a0bf332f1634d637e73cafde5aff\",\"name\":\"root\",\"image\":{\"@type\":\"ImageObject\",\"inLanguage\":\"tr\",\"@id\":\"https:\/\/birlikdayanisma.com\/v3\/#\/schema\/person\/image\/\",\"url\":\"https:\/\/secure.gravatar.com\/avatar\/d112a0f70b7f65f990d41bcb2260b0d5?s=96&d=mm&r=g\",\"contentUrl\":\"https:\/\/secure.gravatar.com\/avatar\/d112a0f70b7f65f990d41bcb2260b0d5?s=96&d=mm&r=g\",\"caption\":\"root\"},\"url\":\"https:\/\/birlikdayanisma.com\/v3\/author\/root\/\"}]}<\/script>\n<!-- \/ Yoast SEO plugin. -->","yoast_head_json":{"title":"D\u0130SK; Kurucu Genel Ba\u015fkan\u0131m\u0131z\u0131 unutmad\u0131k, hukuk m\u00fccadelemizi s\u00fcrd\u00fcrece\u011fiz! &#8211; Birlik Dayan\u0131\u015fma Hareketi","description":"D\u0130SK Kurucu Genel Ba\u015fkan\u0131 Kemal T\u00fcrkler, 22 Temmuz 1980 y\u0131l\u0131nda fa\u015fist katiller taraf\u0131ndan katledildi. D\u0130SK, katledili\u015finin 29. y\u0131l\u0131nda hala s\u00fcren davaya","robots":{"index":"index","follow":"follow","max-snippet":"max-snippet:-1","max-image-preview":"max-image-preview:large","max-video-preview":"max-video-preview:-1"},"canonical":"https:\/\/birlikdayanisma.com\/v3\/2009\/07\/disk-hukuk-mucadelemizi-surdurecegiz\/","og_locale":"tr_TR","og_type":"article","og_title":"D\u0130SK; Kurucu Genel Ba\u015fkan\u0131m\u0131z\u0131 unutmad\u0131k, hukuk m\u00fccadelemizi s\u00fcrd\u00fcrece\u011fiz! &#8211; Birlik Dayan\u0131\u015fma Hareketi","og_description":"D\u0130SK Kurucu Genel Ba\u015fkan\u0131 Kemal T\u00fcrkler, 22 Temmuz 1980 y\u0131l\u0131nda fa\u015fist katiller taraf\u0131ndan katledildi. D\u0130SK, katledili\u015finin 29. y\u0131l\u0131nda hala s\u00fcren davaya","og_url":"https:\/\/birlikdayanisma.com\/v3\/2009\/07\/disk-hukuk-mucadelemizi-surdurecegiz\/","og_site_name":"Birlik Dayan\u0131\u015fma Hareketi","article_published_time":"2009-07-26T10:15:23+00:00","article_modified_time":"2009-08-18T13:25:19+00:00","author":"root","twitter_card":"summary_large_image","twitter_misc":{"Yazan:":"root","Tahmini okuma s\u00fcresi":"2 dakika"},"schema":{"@context":"https:\/\/schema.org","@graph":[{"@type":"Article","@id":"https:\/\/birlikdayanisma.com\/v3\/2009\/07\/disk-hukuk-mucadelemizi-surdurecegiz\/#article","isPartOf":{"@id":"https:\/\/birlikdayanisma.com\/v3\/2009\/07\/disk-hukuk-mucadelemizi-surdurecegiz\/"},"author":{"name":"root","@id":"https:\/\/birlikdayanisma.com\/v3\/#\/schema\/person\/2fd4a0bf332f1634d637e73cafde5aff"},"headline":"D\u0130SK; Kurucu Genel Ba\u015fkan\u0131m\u0131z\u0131 unutmad\u0131k, hukuk m\u00fccadelemizi s\u00fcrd\u00fcrece\u011fiz!","datePublished":"2009-07-26T10:15:23+00:00","dateModified":"2009-08-18T13:25:19+00:00","mainEntityOfPage":{"@id":"https:\/\/birlikdayanisma.com\/v3\/2009\/07\/disk-hukuk-mucadelemizi-surdurecegiz\/"},"wordCount":463,"publisher":{"@id":"https:\/\/birlikdayanisma.com\/v3\/#organization"},"keywords":["D\u0130SK","Kemal T\u00fcrkler"],"articleSection":["T\u00fcrkiyeden"],"inLanguage":"tr"},{"@type":"WebPage","@id":"https:\/\/birlikdayanisma.com\/v3\/2009\/07\/disk-hukuk-mucadelemizi-surdurecegiz\/","url":"https:\/\/birlikdayanisma.com\/v3\/2009\/07\/disk-hukuk-mucadelemizi-surdurecegiz\/","name":"D\u0130SK; Kurucu Genel Ba\u015fkan\u0131m\u0131z\u0131 unutmad\u0131k, hukuk m\u00fccadelemizi s\u00fcrd\u00fcrece\u011fiz! &#8211; Birlik Dayan\u0131\u015fma Hareketi","isPartOf":{"@id":"https:\/\/birlikdayanisma.com\/v3\/#website"},"datePublished":"2009-07-26T10:15:23+00:00","dateModified":"2009-08-18T13:25:19+00:00","description":"D\u0130SK Kurucu Genel Ba\u015fkan\u0131 Kemal T\u00fcrkler, 22 Temmuz 1980 y\u0131l\u0131nda fa\u015fist katiller taraf\u0131ndan katledildi. D\u0130SK, katledili\u015finin 29. y\u0131l\u0131nda hala s\u00fcren davaya","breadcrumb":{"@id":"https:\/\/birlikdayanisma.com\/v3\/2009\/07\/disk-hukuk-mucadelemizi-surdurecegiz\/#breadcrumb"},"inLanguage":"tr","potentialAction":[{"@type":"ReadAction","target":["https:\/\/birlikdayanisma.com\/v3\/2009\/07\/disk-hukuk-mucadelemizi-surdurecegiz\/"]}]},{"@type":"BreadcrumbList","@id":"https:\/\/birlikdayanisma.com\/v3\/2009\/07\/disk-hukuk-mucadelemizi-surdurecegiz\/#breadcrumb","itemListElement":[{"@type":"ListItem","position":1,"name":"Ana sayfa","item":"https:\/\/birlikdayanisma.com\/v3\/"},{"@type":"ListItem","position":2,"name":"D\u0130SK; Kurucu Genel Ba\u015fkan\u0131m\u0131z\u0131 unutmad\u0131k, hukuk m\u00fccadelemizi s\u00fcrd\u00fcrece\u011fiz!"}]},{"@type":"WebSite","@id":"https:\/\/birlikdayanisma.com\/v3\/#website","url":"https:\/\/birlikdayanisma.com\/v3\/","name":"Birlik Dayan\u0131\u015fma Hareketi","description":"","publisher":{"@id":"https:\/\/birlikdayanisma.com\/v3\/#organization"},"potentialAction":[{"@type":"SearchAction","target":{"@type":"EntryPoint","urlTemplate":"https:\/\/birlikdayanisma.com\/v3\/?s={search_term_string}"},"query-input":{"@type":"PropertyValueSpecification","valueRequired":true,"valueName":"search_term_string"}}],"inLanguage":"tr"},{"@type":"Organization","@id":"https:\/\/birlikdayanisma.com\/v3\/#organization","name":"Birlik Dayan\u0131\u015fma Hareketi","url":"https:\/\/birlikdayanisma.com\/v3\/","logo":{"@type":"ImageObject","inLanguage":"tr","@id":"https:\/\/birlikdayanisma.com\/v3\/#\/schema\/logo\/image\/","url":"https:\/\/birlikdayanisma.com\/v3\/wp-content\/uploads\/bdh_logo_2016.png","contentUrl":"https:\/\/birlikdayanisma.com\/v3\/wp-content\/uploads\/bdh_logo_2016.png","width":468,"height":60,"caption":"Birlik Dayan\u0131\u015fma Hareketi"},"image":{"@id":"https:\/\/birlikdayanisma.com\/v3\/#\/schema\/logo\/image\/"}},{"@type":"Person","@id":"https:\/\/birlikdayanisma.com\/v3\/#\/schema\/person\/2fd4a0bf332f1634d637e73cafde5aff","name":"root","image":{"@type":"ImageObject","inLanguage":"tr","@id":"https:\/\/birlikdayanisma.com\/v3\/#\/schema\/person\/image\/","url":"https:\/\/secure.gravatar.com\/avatar\/d112a0f70b7f65f990d41bcb2260b0d5?s=96&d=mm&r=g","contentUrl":"https:\/\/secure.gravatar.com\/avatar\/d112a0f70b7f65f990d41bcb2260b0d5?s=96&d=mm&r=g","caption":"root"},"url":"https:\/\/birlikdayanisma.com\/v3\/author\/root\/"}]}},"_links":{"self":[{"href":"https:\/\/birlikdayanisma.com\/v3\/wp-json\/wp\/v2\/posts\/1233","targetHints":{"allow":["GET"]}}],"collection":[{"href":"https:\/\/birlikdayanisma.com\/v3\/wp-json\/wp\/v2\/posts"}],"about":[{"href":"https:\/\/birlikdayanisma.com\/v3\/wp-json\/wp\/v2\/types\/post"}],"author":[{"embeddable":true,"href":"https:\/\/birlikdayanisma.com\/v3\/wp-json\/wp\/v2\/users\/4"}],"replies":[{"embeddable":true,"href":"https:\/\/birlikdayanisma.com\/v3\/wp-json\/wp\/v2\/comments?post=1233"}],"version-history":[{"count":0,"href":"https:\/\/birlikdayanisma.com\/v3\/wp-json\/wp\/v2\/posts\/1233\/revisions"}],"wp:attachment":[{"href":"https:\/\/birlikdayanisma.com\/v3\/wp-json\/wp\/v2\/media?parent=1233"}],"wp:term":[{"taxonomy":"category","embeddable":true,"href":"https:\/\/birlikdayanisma.com\/v3\/wp-json\/wp\/v2\/categories?post=1233"},{"taxonomy":"post_tag","embeddable":true,"href":"https:\/\/birlikdayanisma.com\/v3\/wp-json\/wp\/v2\/tags?post=1233"}],"curies":[{"name":"wp","href":"https:\/\/api.w.org\/{rel}","templated":true}]}}