{"id":1239,"date":"2009-07-21T11:11:53","date_gmt":"2009-07-21T08:11:53","guid":{"rendered":"http:\/\/birlikdayanisma.com\/v3\/?p=1239"},"modified":"2009-07-21T11:13:07","modified_gmt":"2009-07-21T08:13:07","slug":"kemal-turkler-kavgamizda-yasiyor","status":"publish","type":"post","link":"https:\/\/birlikdayanisma.com\/v3\/2009\/07\/kemal-turkler-kavgamizda-yasiyor\/","title":{"rendered":"Kemal T\u00fcrkler kavgam\u0131zda ya\u015f\u0131yor!"},"content":{"rendered":"<p><!-- \t\t@page { margin: 2cm } \t\tP { margin-bottom: 0.21cm } --><\/p>\n<p style=\"margin-bottom: 0cm;\"><a href=\"http:\/\/birlikdayanisma.com\/v3\/wp-content\/uploads\/2009\/07\/kemal_turkler.jpg\"><img loading=\"lazy\" decoding=\"async\" class=\"alignleft size-full wp-image-1238\" style=\"border: 1px solid black; margin: 2px;\" title=\"kemal_turkler\" src=\"http:\/\/birlikdayanisma.com\/v3\/wp-content\/uploads\/2009\/07\/kemal_turkler.jpg\" alt=\"kemal_turkler\" width=\"350\" height=\"182\" srcset=\"https:\/\/birlikdayanisma.com\/v3\/wp-content\/uploads\/2009\/07\/kemal_turkler.jpg 350w, https:\/\/birlikdayanisma.com\/v3\/wp-content\/uploads\/2009\/07\/kemal_turkler-300x156.jpg 300w\" sizes=\"auto, (max-width: 350px) 100vw, 350px\" \/><\/a>BDH (Birlik Dayan\u0131\u015fma Hareketi) olarak T\u00fcrkiye i\u015f\u00e7i s\u0131n\u0131f\u0131n\u0131n yeti\u015ftirdi\u011fi yi\u011fit evlatlar\u0131ndan KEMAL T\u00dcRKLER\u2019i 22 Temmuz \u00c7ar\u015famba g\u00fcn\u00fc saat: 11:00\u2032de \u0130stanbul\u2019da Topkap\u0131 Mezarl\u0131\u011f\u0131\u2019nda bulunan mezar\u0131 ba\u015f\u0131nda anaca\u011f\u0131z.<\/p>\n<p style=\"margin-bottom: 0cm;\"><!--more-->KEMAL T\u00dcRKLER 22 Temmuz 1980\u2019de D\u0130SK\u2019e giderken evinin \u00f6n\u00fcnde kurulmu\u015f hain bir pusuda fa\u015fistlerce \u00f6ld\u00fcr\u00fclm\u00fc\u015ft\u00fc. \u00d6l\u00fcm emrini do\u011frudan Alparslan T\u00fcrke\u015f\u2019in verdi\u011fi hukuksal olarak olmasa da fiilen ortaya \u00e7\u0131km\u0131\u015ft\u0131.<\/p>\n<p style=\"margin-bottom: 0cm;\">Burjuvazinin i\u015f\u00e7i s\u0131n\u0131f\u0131m\u0131za ve emek\u00e7i halklar\u0131m\u0131za hayas\u0131zca sald\u0131r\u0131lar\u0131n\u0131n artt\u0131\u011f\u0131, sosyal ve ekonomik y\u0131k\u0131m\u0131n\u0131n daha da \u015fiddetlendi\u011fi g\u00fcn\u00fcm\u00fczde i\u015f\u00e7i s\u0131n\u0131f\u0131n\u0131n KEMAL T\u00dcRKLER gibi yeni s\u0131ra neferlerine ihtiyac\u0131 oldu\u011funu biliyoruz.<\/p>\n<p style=\"margin-bottom: 0cm;\">S\u0131n\u0131f ve kitle sendikac\u0131l\u0131\u011f\u0131n\u0131 \u015fiar edinmi\u015f, i\u015f\u00e7inin-emek\u00e7inin yan\u0131nda, uzla\u015fmaz, s\u0131n\u0131f \u00e7eli\u015fkilerinden beslenen, d\u00fcr\u00fcst ve namuslu sendikac\u0131larla bu m\u00fccadeleyi tekrar ye\u015fertece\u011fimize inan\u0131yoruz.<\/p>\n<p style=\"margin-bottom: 0cm;\">\u0130\u015f\u00e7i s\u0131n\u0131f\u0131 ve emek\u00e7i halklar\u0131m\u0131z\u0131n t\u00fcm dostlar\u0131n\u0131 anmaya davet ediyoruz.<\/p>\n<p><strong>Tarih: 22 Temmuz \u00c7ar\u015famba<\/strong><\/p>\n<p style=\"margin-bottom: 0cm;\"><strong>Saat  : 11.00<\/strong><\/p>\n<p style=\"margin-bottom: 0cm;\"><strong>Yer   : Topkap\u0131 Mezarl\u0131\u011f\u0131<\/strong><\/p>\n<p style=\"margin-bottom: 0cm;\">\n","protected":false},"excerpt":{"rendered":"<p>BDH (Birlik Dayan\u0131\u015fma Hareketi) olarak T\u00fcrkiye i\u015f\u00e7i s\u0131n\u0131f\u0131n\u0131n yeti\u015ftirdi\u011fi yi\u011fit evlatlar\u0131ndan KEMAL T\u00dcRKLER\u2019i 22 Temmuz \u00c7ar\u015famba g\u00fcn\u00fc saat: 11:00\u2032de \u0130stanbul\u2019da Topkap\u0131 Mezarl\u0131\u011f\u0131\u2019nda bulunan mezar\u0131 ba\u015f\u0131nda anaca\u011f\u0131z.<\/p>\n","protected":false},"author":4,"featured_media":0,"comment_status":"closed","ping_status":"open","sticky":false,"template":"","format":"standard","meta":{"_et_pb_use_builder":"","_et_pb_old_content":"","_et_gb_content_width":"","footnotes":""},"categories":[103],"tags":[7,6,5],"class_list":["post-1239","post","type-post","status-publish","format-standard","hentry","category-turkiyeden","tag-anma","tag-bdh","tag-kemal-turkler","et-doesnt-have-format-content","et_post_format-et-post-format-standard"],"yoast_head":"<!-- This site is optimized with the Yoast SEO plugin v26.8 - https:\/\/yoast.com\/product\/yoast-seo-wordpress\/ -->\n<title>Kemal T\u00fcrkler kavgam\u0131zda ya\u015f\u0131yor! &#8211; Birlik Dayan\u0131\u015fma Hareketi<\/title>\n<meta name=\"description\" content=\"BDH (Birlik Dayan\u0131\u015fma Hareketi) olarak T\u00fcrkiye i\u015f\u00e7i s\u0131n\u0131f\u0131n\u0131n yeti\u015ftirdi\u011fi yi\u011fit evlatlar\u0131ndan KEMAL T\u00dcRKLER\u2019i 22 Temmuz \u00c7ar\u015famba g\u00fcn\u00fc saat: 11:00\u2032de\" \/>\n<meta name=\"robots\" content=\"index, follow, max-snippet:-1, max-image-preview:large, max-video-preview:-1\" \/>\n<link rel=\"canonical\" href=\"https:\/\/birlikdayanisma.com\/v3\/2009\/07\/kemal-turkler-kavgamizda-yasiyor\/\" \/>\n<meta property=\"og:locale\" content=\"tr_TR\" \/>\n<meta property=\"og:type\" content=\"article\" \/>\n<meta property=\"og:title\" content=\"Kemal T\u00fcrkler kavgam\u0131zda ya\u015f\u0131yor! &#8211; Birlik Dayan\u0131\u015fma Hareketi\" \/>\n<meta property=\"og:description\" content=\"BDH (Birlik Dayan\u0131\u015fma Hareketi) olarak T\u00fcrkiye i\u015f\u00e7i s\u0131n\u0131f\u0131n\u0131n yeti\u015ftirdi\u011fi yi\u011fit evlatlar\u0131ndan KEMAL T\u00dcRKLER\u2019i 22 Temmuz \u00c7ar\u015famba g\u00fcn\u00fc saat: 11:00\u2032de\" \/>\n<meta property=\"og:url\" content=\"https:\/\/birlikdayanisma.com\/v3\/2009\/07\/kemal-turkler-kavgamizda-yasiyor\/\" \/>\n<meta property=\"og:site_name\" content=\"Birlik Dayan\u0131\u015fma Hareketi\" \/>\n<meta property=\"article:published_time\" content=\"2009-07-21T08:11:53+00:00\" \/>\n<meta property=\"article:modified_time\" content=\"2009-07-21T08:13:07+00:00\" \/>\n<meta property=\"og:image\" content=\"https:\/\/birlikdayanisma.com\/v3\/wp-content\/uploads\/2009\/07\/kemal_turkler.jpg\" \/>\n\t<meta property=\"og:image:width\" content=\"350\" \/>\n\t<meta property=\"og:image:height\" content=\"182\" \/>\n\t<meta property=\"og:image:type\" content=\"image\/jpeg\" \/>\n<meta name=\"author\" content=\"root\" \/>\n<meta name=\"twitter:card\" content=\"summary_large_image\" \/>\n<meta name=\"twitter:label1\" content=\"Yazan:\" \/>\n\t<meta name=\"twitter:data1\" content=\"root\" \/>\n\t<meta name=\"twitter:label2\" content=\"Tahmini okuma s\u00fcresi\" \/>\n\t<meta name=\"twitter:data2\" content=\"1 dakika\" \/>\n<script type=\"application\/ld+json\" class=\"yoast-schema-graph\">{\"@context\":\"https:\/\/schema.org\",\"@graph\":[{\"@type\":\"Article\",\"@id\":\"https:\/\/birlikdayanisma.com\/v3\/2009\/07\/kemal-turkler-kavgamizda-yasiyor\/#article\",\"isPartOf\":{\"@id\":\"https:\/\/birlikdayanisma.com\/v3\/2009\/07\/kemal-turkler-kavgamizda-yasiyor\/\"},\"author\":{\"name\":\"root\",\"@id\":\"https:\/\/birlikdayanisma.com\/v3\/#\/schema\/person\/2fd4a0bf332f1634d637e73cafde5aff\"},\"headline\":\"Kemal T\u00fcrkler kavgam\u0131zda ya\u015f\u0131yor!\",\"datePublished\":\"2009-07-21T08:11:53+00:00\",\"dateModified\":\"2009-07-21T08:13:07+00:00\",\"mainEntityOfPage\":{\"@id\":\"https:\/\/birlikdayanisma.com\/v3\/2009\/07\/kemal-turkler-kavgamizda-yasiyor\/\"},\"wordCount\":214,\"publisher\":{\"@id\":\"https:\/\/birlikdayanisma.com\/v3\/#organization\"},\"image\":{\"@id\":\"https:\/\/birlikdayanisma.com\/v3\/2009\/07\/kemal-turkler-kavgamizda-yasiyor\/#primaryimage\"},\"thumbnailUrl\":\"http:\/\/birlikdayanisma.com\/v3\/wp-content\/uploads\/2009\/07\/kemal_turkler.jpg\",\"keywords\":[\"Anma\",\"Bdh\",\"Kemal T\u00fcrkler\"],\"articleSection\":[\"T\u00fcrkiyeden\"],\"inLanguage\":\"tr\"},{\"@type\":\"WebPage\",\"@id\":\"https:\/\/birlikdayanisma.com\/v3\/2009\/07\/kemal-turkler-kavgamizda-yasiyor\/\",\"url\":\"https:\/\/birlikdayanisma.com\/v3\/2009\/07\/kemal-turkler-kavgamizda-yasiyor\/\",\"name\":\"Kemal T\u00fcrkler kavgam\u0131zda ya\u015f\u0131yor! &#8211; Birlik Dayan\u0131\u015fma Hareketi\",\"isPartOf\":{\"@id\":\"https:\/\/birlikdayanisma.com\/v3\/#website\"},\"primaryImageOfPage\":{\"@id\":\"https:\/\/birlikdayanisma.com\/v3\/2009\/07\/kemal-turkler-kavgamizda-yasiyor\/#primaryimage\"},\"image\":{\"@id\":\"https:\/\/birlikdayanisma.com\/v3\/2009\/07\/kemal-turkler-kavgamizda-yasiyor\/#primaryimage\"},\"thumbnailUrl\":\"http:\/\/birlikdayanisma.com\/v3\/wp-content\/uploads\/2009\/07\/kemal_turkler.jpg\",\"datePublished\":\"2009-07-21T08:11:53+00:00\",\"dateModified\":\"2009-07-21T08:13:07+00:00\",\"description\":\"BDH (Birlik Dayan\u0131\u015fma Hareketi) olarak T\u00fcrkiye i\u015f\u00e7i s\u0131n\u0131f\u0131n\u0131n yeti\u015ftirdi\u011fi yi\u011fit evlatlar\u0131ndan KEMAL T\u00dcRKLER\u2019i 22 Temmuz \u00c7ar\u015famba g\u00fcn\u00fc saat: 11:00\u2032de\",\"breadcrumb\":{\"@id\":\"https:\/\/birlikdayanisma.com\/v3\/2009\/07\/kemal-turkler-kavgamizda-yasiyor\/#breadcrumb\"},\"inLanguage\":\"tr\",\"potentialAction\":[{\"@type\":\"ReadAction\",\"target\":[\"https:\/\/birlikdayanisma.com\/v3\/2009\/07\/kemal-turkler-kavgamizda-yasiyor\/\"]}]},{\"@type\":\"ImageObject\",\"inLanguage\":\"tr\",\"@id\":\"https:\/\/birlikdayanisma.com\/v3\/2009\/07\/kemal-turkler-kavgamizda-yasiyor\/#primaryimage\",\"url\":\"http:\/\/birlikdayanisma.com\/v3\/wp-content\/uploads\/2009\/07\/kemal_turkler.jpg\",\"contentUrl\":\"http:\/\/birlikdayanisma.com\/v3\/wp-content\/uploads\/2009\/07\/kemal_turkler.jpg\"},{\"@type\":\"BreadcrumbList\",\"@id\":\"https:\/\/birlikdayanisma.com\/v3\/2009\/07\/kemal-turkler-kavgamizda-yasiyor\/#breadcrumb\",\"itemListElement\":[{\"@type\":\"ListItem\",\"position\":1,\"name\":\"Ana sayfa\",\"item\":\"https:\/\/birlikdayanisma.com\/v3\/\"},{\"@type\":\"ListItem\",\"position\":2,\"name\":\"Kemal T\u00fcrkler kavgam\u0131zda ya\u015f\u0131yor!\"}]},{\"@type\":\"WebSite\",\"@id\":\"https:\/\/birlikdayanisma.com\/v3\/#website\",\"url\":\"https:\/\/birlikdayanisma.com\/v3\/\",\"name\":\"Birlik Dayan\u0131\u015fma Hareketi\",\"description\":\"\",\"publisher\":{\"@id\":\"https:\/\/birlikdayanisma.com\/v3\/#organization\"},\"potentialAction\":[{\"@type\":\"SearchAction\",\"target\":{\"@type\":\"EntryPoint\",\"urlTemplate\":\"https:\/\/birlikdayanisma.com\/v3\/?s={search_term_string}\"},\"query-input\":{\"@type\":\"PropertyValueSpecification\",\"valueRequired\":true,\"valueName\":\"search_term_string\"}}],\"inLanguage\":\"tr\"},{\"@type\":\"Organization\",\"@id\":\"https:\/\/birlikdayanisma.com\/v3\/#organization\",\"name\":\"Birlik Dayan\u0131\u015fma Hareketi\",\"url\":\"https:\/\/birlikdayanisma.com\/v3\/\",\"logo\":{\"@type\":\"ImageObject\",\"inLanguage\":\"tr\",\"@id\":\"https:\/\/birlikdayanisma.com\/v3\/#\/schema\/logo\/image\/\",\"url\":\"https:\/\/birlikdayanisma.com\/v3\/wp-content\/uploads\/bdh_logo_2016.png\",\"contentUrl\":\"https:\/\/birlikdayanisma.com\/v3\/wp-content\/uploads\/bdh_logo_2016.png\",\"width\":468,\"height\":60,\"caption\":\"Birlik Dayan\u0131\u015fma Hareketi\"},\"image\":{\"@id\":\"https:\/\/birlikdayanisma.com\/v3\/#\/schema\/logo\/image\/\"}},{\"@type\":\"Person\",\"@id\":\"https:\/\/birlikdayanisma.com\/v3\/#\/schema\/person\/2fd4a0bf332f1634d637e73cafde5aff\",\"name\":\"root\",\"image\":{\"@type\":\"ImageObject\",\"inLanguage\":\"tr\",\"@id\":\"https:\/\/birlikdayanisma.com\/v3\/#\/schema\/person\/image\/\",\"url\":\"https:\/\/secure.gravatar.com\/avatar\/d112a0f70b7f65f990d41bcb2260b0d5?s=96&d=mm&r=g\",\"contentUrl\":\"https:\/\/secure.gravatar.com\/avatar\/d112a0f70b7f65f990d41bcb2260b0d5?s=96&d=mm&r=g\",\"caption\":\"root\"},\"url\":\"https:\/\/birlikdayanisma.com\/v3\/author\/root\/\"}]}<\/script>\n<!-- \/ Yoast SEO plugin. -->","yoast_head_json":{"title":"Kemal T\u00fcrkler kavgam\u0131zda ya\u015f\u0131yor! &#8211; Birlik Dayan\u0131\u015fma Hareketi","description":"BDH (Birlik Dayan\u0131\u015fma Hareketi) olarak T\u00fcrkiye i\u015f\u00e7i s\u0131n\u0131f\u0131n\u0131n yeti\u015ftirdi\u011fi yi\u011fit evlatlar\u0131ndan KEMAL T\u00dcRKLER\u2019i 22 Temmuz \u00c7ar\u015famba g\u00fcn\u00fc saat: 11:00\u2032de","robots":{"index":"index","follow":"follow","max-snippet":"max-snippet:-1","max-image-preview":"max-image-preview:large","max-video-preview":"max-video-preview:-1"},"canonical":"https:\/\/birlikdayanisma.com\/v3\/2009\/07\/kemal-turkler-kavgamizda-yasiyor\/","og_locale":"tr_TR","og_type":"article","og_title":"Kemal T\u00fcrkler kavgam\u0131zda ya\u015f\u0131yor! &#8211; Birlik Dayan\u0131\u015fma Hareketi","og_description":"BDH (Birlik Dayan\u0131\u015fma Hareketi) olarak T\u00fcrkiye i\u015f\u00e7i s\u0131n\u0131f\u0131n\u0131n yeti\u015ftirdi\u011fi yi\u011fit evlatlar\u0131ndan KEMAL T\u00dcRKLER\u2019i 22 Temmuz \u00c7ar\u015famba g\u00fcn\u00fc saat: 11:00\u2032de","og_url":"https:\/\/birlikdayanisma.com\/v3\/2009\/07\/kemal-turkler-kavgamizda-yasiyor\/","og_site_name":"Birlik Dayan\u0131\u015fma Hareketi","article_published_time":"2009-07-21T08:11:53+00:00","article_modified_time":"2009-07-21T08:13:07+00:00","og_image":[{"width":350,"height":182,"url":"https:\/\/birlikdayanisma.com\/v3\/wp-content\/uploads\/2009\/07\/kemal_turkler.jpg","type":"image\/jpeg"}],"author":"root","twitter_card":"summary_large_image","twitter_misc":{"Yazan:":"root","Tahmini okuma s\u00fcresi":"1 dakika"},"schema":{"@context":"https:\/\/schema.org","@graph":[{"@type":"Article","@id":"https:\/\/birlikdayanisma.com\/v3\/2009\/07\/kemal-turkler-kavgamizda-yasiyor\/#article","isPartOf":{"@id":"https:\/\/birlikdayanisma.com\/v3\/2009\/07\/kemal-turkler-kavgamizda-yasiyor\/"},"author":{"name":"root","@id":"https:\/\/birlikdayanisma.com\/v3\/#\/schema\/person\/2fd4a0bf332f1634d637e73cafde5aff"},"headline":"Kemal T\u00fcrkler kavgam\u0131zda ya\u015f\u0131yor!","datePublished":"2009-07-21T08:11:53+00:00","dateModified":"2009-07-21T08:13:07+00:00","mainEntityOfPage":{"@id":"https:\/\/birlikdayanisma.com\/v3\/2009\/07\/kemal-turkler-kavgamizda-yasiyor\/"},"wordCount":214,"publisher":{"@id":"https:\/\/birlikdayanisma.com\/v3\/#organization"},"image":{"@id":"https:\/\/birlikdayanisma.com\/v3\/2009\/07\/kemal-turkler-kavgamizda-yasiyor\/#primaryimage"},"thumbnailUrl":"http:\/\/birlikdayanisma.com\/v3\/wp-content\/uploads\/2009\/07\/kemal_turkler.jpg","keywords":["Anma","Bdh","Kemal T\u00fcrkler"],"articleSection":["T\u00fcrkiyeden"],"inLanguage":"tr"},{"@type":"WebPage","@id":"https:\/\/birlikdayanisma.com\/v3\/2009\/07\/kemal-turkler-kavgamizda-yasiyor\/","url":"https:\/\/birlikdayanisma.com\/v3\/2009\/07\/kemal-turkler-kavgamizda-yasiyor\/","name":"Kemal T\u00fcrkler kavgam\u0131zda ya\u015f\u0131yor! &#8211; Birlik Dayan\u0131\u015fma Hareketi","isPartOf":{"@id":"https:\/\/birlikdayanisma.com\/v3\/#website"},"primaryImageOfPage":{"@id":"https:\/\/birlikdayanisma.com\/v3\/2009\/07\/kemal-turkler-kavgamizda-yasiyor\/#primaryimage"},"image":{"@id":"https:\/\/birlikdayanisma.com\/v3\/2009\/07\/kemal-turkler-kavgamizda-yasiyor\/#primaryimage"},"thumbnailUrl":"http:\/\/birlikdayanisma.com\/v3\/wp-content\/uploads\/2009\/07\/kemal_turkler.jpg","datePublished":"2009-07-21T08:11:53+00:00","dateModified":"2009-07-21T08:13:07+00:00","description":"BDH (Birlik Dayan\u0131\u015fma Hareketi) olarak T\u00fcrkiye i\u015f\u00e7i s\u0131n\u0131f\u0131n\u0131n yeti\u015ftirdi\u011fi yi\u011fit evlatlar\u0131ndan KEMAL T\u00dcRKLER\u2019i 22 Temmuz \u00c7ar\u015famba g\u00fcn\u00fc saat: 11:00\u2032de","breadcrumb":{"@id":"https:\/\/birlikdayanisma.com\/v3\/2009\/07\/kemal-turkler-kavgamizda-yasiyor\/#breadcrumb"},"inLanguage":"tr","potentialAction":[{"@type":"ReadAction","target":["https:\/\/birlikdayanisma.com\/v3\/2009\/07\/kemal-turkler-kavgamizda-yasiyor\/"]}]},{"@type":"ImageObject","inLanguage":"tr","@id":"https:\/\/birlikdayanisma.com\/v3\/2009\/07\/kemal-turkler-kavgamizda-yasiyor\/#primaryimage","url":"http:\/\/birlikdayanisma.com\/v3\/wp-content\/uploads\/2009\/07\/kemal_turkler.jpg","contentUrl":"http:\/\/birlikdayanisma.com\/v3\/wp-content\/uploads\/2009\/07\/kemal_turkler.jpg"},{"@type":"BreadcrumbList","@id":"https:\/\/birlikdayanisma.com\/v3\/2009\/07\/kemal-turkler-kavgamizda-yasiyor\/#breadcrumb","itemListElement":[{"@type":"ListItem","position":1,"name":"Ana sayfa","item":"https:\/\/birlikdayanisma.com\/v3\/"},{"@type":"ListItem","position":2,"name":"Kemal T\u00fcrkler kavgam\u0131zda ya\u015f\u0131yor!"}]},{"@type":"WebSite","@id":"https:\/\/birlikdayanisma.com\/v3\/#website","url":"https:\/\/birlikdayanisma.com\/v3\/","name":"Birlik Dayan\u0131\u015fma Hareketi","description":"","publisher":{"@id":"https:\/\/birlikdayanisma.com\/v3\/#organization"},"potentialAction":[{"@type":"SearchAction","target":{"@type":"EntryPoint","urlTemplate":"https:\/\/birlikdayanisma.com\/v3\/?s={search_term_string}"},"query-input":{"@type":"PropertyValueSpecification","valueRequired":true,"valueName":"search_term_string"}}],"inLanguage":"tr"},{"@type":"Organization","@id":"https:\/\/birlikdayanisma.com\/v3\/#organization","name":"Birlik Dayan\u0131\u015fma Hareketi","url":"https:\/\/birlikdayanisma.com\/v3\/","logo":{"@type":"ImageObject","inLanguage":"tr","@id":"https:\/\/birlikdayanisma.com\/v3\/#\/schema\/logo\/image\/","url":"https:\/\/birlikdayanisma.com\/v3\/wp-content\/uploads\/bdh_logo_2016.png","contentUrl":"https:\/\/birlikdayanisma.com\/v3\/wp-content\/uploads\/bdh_logo_2016.png","width":468,"height":60,"caption":"Birlik Dayan\u0131\u015fma Hareketi"},"image":{"@id":"https:\/\/birlikdayanisma.com\/v3\/#\/schema\/logo\/image\/"}},{"@type":"Person","@id":"https:\/\/birlikdayanisma.com\/v3\/#\/schema\/person\/2fd4a0bf332f1634d637e73cafde5aff","name":"root","image":{"@type":"ImageObject","inLanguage":"tr","@id":"https:\/\/birlikdayanisma.com\/v3\/#\/schema\/person\/image\/","url":"https:\/\/secure.gravatar.com\/avatar\/d112a0f70b7f65f990d41bcb2260b0d5?s=96&d=mm&r=g","contentUrl":"https:\/\/secure.gravatar.com\/avatar\/d112a0f70b7f65f990d41bcb2260b0d5?s=96&d=mm&r=g","caption":"root"},"url":"https:\/\/birlikdayanisma.com\/v3\/author\/root\/"}]}},"_links":{"self":[{"href":"https:\/\/birlikdayanisma.com\/v3\/wp-json\/wp\/v2\/posts\/1239","targetHints":{"allow":["GET"]}}],"collection":[{"href":"https:\/\/birlikdayanisma.com\/v3\/wp-json\/wp\/v2\/posts"}],"about":[{"href":"https:\/\/birlikdayanisma.com\/v3\/wp-json\/wp\/v2\/types\/post"}],"author":[{"embeddable":true,"href":"https:\/\/birlikdayanisma.com\/v3\/wp-json\/wp\/v2\/users\/4"}],"replies":[{"embeddable":true,"href":"https:\/\/birlikdayanisma.com\/v3\/wp-json\/wp\/v2\/comments?post=1239"}],"version-history":[{"count":0,"href":"https:\/\/birlikdayanisma.com\/v3\/wp-json\/wp\/v2\/posts\/1239\/revisions"}],"wp:attachment":[{"href":"https:\/\/birlikdayanisma.com\/v3\/wp-json\/wp\/v2\/media?parent=1239"}],"wp:term":[{"taxonomy":"category","embeddable":true,"href":"https:\/\/birlikdayanisma.com\/v3\/wp-json\/wp\/v2\/categories?post=1239"},{"taxonomy":"post_tag","embeddable":true,"href":"https:\/\/birlikdayanisma.com\/v3\/wp-json\/wp\/v2\/tags?post=1239"}],"curies":[{"name":"wp","href":"https:\/\/api.w.org\/{rel}","templated":true}]}}