{"id":1254,"date":"2009-07-22T23:05:55","date_gmt":"2009-07-22T20:05:55","guid":{"rendered":"http:\/\/birlikdayanisma.com\/v3\/?p=1254"},"modified":"2009-08-18T16:26:54","modified_gmt":"2009-08-18T13:26:54","slug":"isci-sinifi-kemal-turkleri-unutmadi","status":"publish","type":"post","link":"https:\/\/birlikdayanisma.com\/v3\/2009\/07\/isci-sinifi-kemal-turkleri-unutmadi\/","title":{"rendered":"\u0130\u015f\u00e7i s\u0131n\u0131f\u0131 Kemal T\u00fcrkler&#8217;i unutmad\u0131!"},"content":{"rendered":"<p><!-- \t\t@page { margin: 2cm } \t\tP { margin-bottom: 0.21cm } --><\/p>\n<p style=\"margin-bottom: 0cm;\">\u0130\u015f\u00e7i s\u0131n\u0131f\u0131n\u0131n unutulmaz<a href=\"http:\/\/birlikdayanisma.com\/v3\/wp-content\/uploads\/kemal_turkler_anma_20090722_1.jpg\"><img loading=\"lazy\" decoding=\"async\" class=\"alignleft size-full wp-image-1252\" style=\"border: 1px solid black; margin: 2px;\" title=\"kemal_turkler_anma_20090722_1\" src=\"http:\/\/birlikdayanisma.com\/v3\/wp-content\/uploads\/kemal_turkler_anma_20090722_1.jpg\" alt=\"kemal_turkler_anma_20090722_1\" width=\"300\" height=\"200\" \/><\/a> \u00f6nderlerinden Devrimci \u0130\u015f\u00e7i Sendikalar\u0131 Konfederasyonu D\u0130SK&#8217;in Kurucu Genel Ba\u015fkan\u0131 Kemal T\u00fcrkler katledili\u015finin 29. y\u0131l d\u00f6n\u00fcm\u00fc dolay\u0131s\u0131yla Topkap\u0131&#8217;daki mezar\u0131 ba\u015f\u0131nda bug\u00fcn (22.07.2009) BDH (Birlik Dayan\u0131\u015fma Hareketi) emek\u00e7ilerinin de kat\u0131l\u0131m\u0131yla bir kez daha an\u0131ld\u0131.<br \/>\n<!--more-->Saat 11.00&#8217;da ba\u015flayan anmada \u201cKemal T\u00fcrkler Aram\u0131zda!\u201d pankart\u0131yla Birle\u015fik Metal \u2013 \u0130\u015f Sendikas\u0131 ve D\u0130SK\u2019e ba\u011fl\u0131 di\u011fer sendikalar ve \u00e7e\u015fitli kurumlar da kat\u0131ld\u0131.<\/p>\n<p style=\"margin-bottom: 0cm;\">Mezar\u0131n ba\u015f\u0131nda yap\u0131lan 1 dakikal\u0131k sayg\u0131 duru\u015funun ard\u0131ndan D\u0130SK Genel Ba\u015fkan\u0131 S\u00fcleyman \u00c7elebi ve D\u0130SK Genel Sekreteri Tayfun G\u00f6rg\u00fcn s\u00f6z alarak Kemal T\u00fcrkler&#8217;le ilgili birer konu\u015fma yapt\u0131lar.<\/p>\n<p style=\"margin-bottom: 0cm;\">\u201cKemal T\u00fcrkler kavgam\u0131zda ya\u015f\u0131yor!\u201d, \u201cKemal T\u00fcrkler \u00f6l\u00fcms\u00fczd\u00fcr!\u201d, \u201cKemal T\u00fcrkler onurumuzdur!\u201d \u201cYolumuz i\u015f\u00e7i s\u0131n\u0131f\u0131n yoludur!\u201d sloganlar\u0131 kitle taraf\u0131ndan anma boyunca s\u0131k s\u0131k hayk\u0131r\u0131ld\u0131.<\/p>\n<p style=\"margin-bottom: 0cm;\"><a href=\"http:\/\/birlikdayanisma.com\/v3\/wp-content\/uploads\/kemal_turkler_anma_20090722_2.jpg\"><img loading=\"lazy\" decoding=\"async\" class=\"alignleft size-full wp-image-1253\" style=\"border: 1px solid black; margin: 2px;\" title=\"kemal_turkler_anma_20090722_2\" src=\"http:\/\/birlikdayanisma.com\/v3\/wp-content\/uploads\/kemal_turkler_anma_20090722_2.jpg\" alt=\"kemal_turkler_anma_20090722_2\" width=\"300\" height=\"200\" \/><\/a><\/p>\n","protected":false},"excerpt":{"rendered":"<p>\u0130\u015f\u00e7i s\u0131n\u0131f\u0131n\u0131n unutulmaz \u00f6nderlerinden Devrimci \u0130\u015f\u00e7i Sendikalar\u0131 Konfederasyonu D\u0130SK&#8217;in Kurucu Genel Ba\u015fkan\u0131 Kemal T\u00fcrkler katledili\u015finin 29. y\u0131l d\u00f6n\u00fcm\u00fc dolay\u0131s\u0131yla Topkap\u0131&#8217;daki mezar\u0131 ba\u015f\u0131nda bug\u00fcn (22.07.2009) BDH (Birlik Dayan\u0131\u015fma Hareketi) emek\u00e7ilerinin de kat\u0131l\u0131m\u0131yla bir kez daha an\u0131ld\u0131.<\/p>\n","protected":false},"author":4,"featured_media":0,"comment_status":"closed","ping_status":"open","sticky":false,"template":"","format":"standard","meta":{"_et_pb_use_builder":"","_et_pb_old_content":"","_et_gb_content_width":"","footnotes":""},"categories":[103],"tags":[7,6,5],"class_list":["post-1254","post","type-post","status-publish","format-standard","hentry","category-turkiyeden","tag-anma","tag-bdh","tag-kemal-turkler","et-doesnt-have-format-content","et_post_format-et-post-format-standard"],"yoast_head":"<!-- This site is optimized with the Yoast SEO plugin v26.8 - https:\/\/yoast.com\/product\/yoast-seo-wordpress\/ -->\n<title>\u0130\u015f\u00e7i s\u0131n\u0131f\u0131 Kemal T\u00fcrkler&#039;i unutmad\u0131! &#8211; Birlik Dayan\u0131\u015fma Hareketi<\/title>\n<meta name=\"description\" content=\"\u0130\u015f\u00e7i s\u0131n\u0131f\u0131n\u0131n unutulmaz \u00f6nderlerinden Devrimci \u0130\u015f\u00e7i Sendikalar\u0131 Konfederasyonu D\u0130SK&#039;in Kurucu Genel Ba\u015fkan\u0131 Kemal T\u00fcrkler katledili\u015finin 29. y\u0131l d\u00f6n\u00fcm\u00fc\" \/>\n<meta name=\"robots\" content=\"index, follow, max-snippet:-1, max-image-preview:large, max-video-preview:-1\" \/>\n<link rel=\"canonical\" href=\"https:\/\/birlikdayanisma.com\/v3\/2009\/07\/isci-sinifi-kemal-turkleri-unutmadi\/\" \/>\n<meta property=\"og:locale\" content=\"tr_TR\" \/>\n<meta property=\"og:type\" content=\"article\" \/>\n<meta property=\"og:title\" content=\"\u0130\u015f\u00e7i s\u0131n\u0131f\u0131 Kemal T\u00fcrkler&#039;i unutmad\u0131! &#8211; Birlik Dayan\u0131\u015fma Hareketi\" \/>\n<meta property=\"og:description\" content=\"\u0130\u015f\u00e7i s\u0131n\u0131f\u0131n\u0131n unutulmaz \u00f6nderlerinden Devrimci \u0130\u015f\u00e7i Sendikalar\u0131 Konfederasyonu D\u0130SK&#039;in Kurucu Genel Ba\u015fkan\u0131 Kemal T\u00fcrkler katledili\u015finin 29. y\u0131l d\u00f6n\u00fcm\u00fc\" \/>\n<meta property=\"og:url\" content=\"https:\/\/birlikdayanisma.com\/v3\/2009\/07\/isci-sinifi-kemal-turkleri-unutmadi\/\" \/>\n<meta property=\"og:site_name\" content=\"Birlik Dayan\u0131\u015fma Hareketi\" \/>\n<meta property=\"article:published_time\" content=\"2009-07-22T20:05:55+00:00\" \/>\n<meta property=\"article:modified_time\" content=\"2009-08-18T13:26:54+00:00\" \/>\n<meta property=\"og:image\" content=\"https:\/\/birlikdayanisma.com\/v3\/wp-content\/uploads\/kemal_turkler_anma_20090722_1.jpg\" \/>\n\t<meta property=\"og:image:width\" content=\"300\" \/>\n\t<meta property=\"og:image:height\" content=\"200\" \/>\n\t<meta property=\"og:image:type\" content=\"image\/jpeg\" \/>\n<meta name=\"author\" content=\"root\" \/>\n<meta name=\"twitter:card\" content=\"summary_large_image\" \/>\n<meta name=\"twitter:label1\" content=\"Yazan:\" \/>\n\t<meta name=\"twitter:data1\" content=\"root\" \/>\n\t<meta name=\"twitter:label2\" content=\"Tahmini okuma s\u00fcresi\" \/>\n\t<meta name=\"twitter:data2\" content=\"1 dakika\" \/>\n<script type=\"application\/ld+json\" class=\"yoast-schema-graph\">{\"@context\":\"https:\/\/schema.org\",\"@graph\":[{\"@type\":\"Article\",\"@id\":\"https:\/\/birlikdayanisma.com\/v3\/2009\/07\/isci-sinifi-kemal-turkleri-unutmadi\/#article\",\"isPartOf\":{\"@id\":\"https:\/\/birlikdayanisma.com\/v3\/2009\/07\/isci-sinifi-kemal-turkleri-unutmadi\/\"},\"author\":{\"name\":\"root\",\"@id\":\"https:\/\/birlikdayanisma.com\/v3\/#\/schema\/person\/2fd4a0bf332f1634d637e73cafde5aff\"},\"headline\":\"\u0130\u015f\u00e7i s\u0131n\u0131f\u0131 Kemal T\u00fcrkler&#8217;i unutmad\u0131!\",\"datePublished\":\"2009-07-22T20:05:55+00:00\",\"dateModified\":\"2009-08-18T13:26:54+00:00\",\"mainEntityOfPage\":{\"@id\":\"https:\/\/birlikdayanisma.com\/v3\/2009\/07\/isci-sinifi-kemal-turkleri-unutmadi\/\"},\"wordCount\":179,\"publisher\":{\"@id\":\"https:\/\/birlikdayanisma.com\/v3\/#organization\"},\"image\":{\"@id\":\"https:\/\/birlikdayanisma.com\/v3\/2009\/07\/isci-sinifi-kemal-turkleri-unutmadi\/#primaryimage\"},\"thumbnailUrl\":\"http:\/\/birlikdayanisma.com\/v3\/wp-content\/uploads\/kemal_turkler_anma_20090722_1.jpg\",\"keywords\":[\"Anma\",\"Bdh\",\"Kemal T\u00fcrkler\"],\"articleSection\":[\"T\u00fcrkiyeden\"],\"inLanguage\":\"tr\"},{\"@type\":\"WebPage\",\"@id\":\"https:\/\/birlikdayanisma.com\/v3\/2009\/07\/isci-sinifi-kemal-turkleri-unutmadi\/\",\"url\":\"https:\/\/birlikdayanisma.com\/v3\/2009\/07\/isci-sinifi-kemal-turkleri-unutmadi\/\",\"name\":\"\u0130\u015f\u00e7i s\u0131n\u0131f\u0131 Kemal T\u00fcrkler'i unutmad\u0131! &#8211; Birlik Dayan\u0131\u015fma Hareketi\",\"isPartOf\":{\"@id\":\"https:\/\/birlikdayanisma.com\/v3\/#website\"},\"primaryImageOfPage\":{\"@id\":\"https:\/\/birlikdayanisma.com\/v3\/2009\/07\/isci-sinifi-kemal-turkleri-unutmadi\/#primaryimage\"},\"image\":{\"@id\":\"https:\/\/birlikdayanisma.com\/v3\/2009\/07\/isci-sinifi-kemal-turkleri-unutmadi\/#primaryimage\"},\"thumbnailUrl\":\"http:\/\/birlikdayanisma.com\/v3\/wp-content\/uploads\/kemal_turkler_anma_20090722_1.jpg\",\"datePublished\":\"2009-07-22T20:05:55+00:00\",\"dateModified\":\"2009-08-18T13:26:54+00:00\",\"description\":\"\u0130\u015f\u00e7i s\u0131n\u0131f\u0131n\u0131n unutulmaz \u00f6nderlerinden Devrimci \u0130\u015f\u00e7i Sendikalar\u0131 Konfederasyonu D\u0130SK'in Kurucu Genel Ba\u015fkan\u0131 Kemal T\u00fcrkler katledili\u015finin 29. y\u0131l d\u00f6n\u00fcm\u00fc\",\"breadcrumb\":{\"@id\":\"https:\/\/birlikdayanisma.com\/v3\/2009\/07\/isci-sinifi-kemal-turkleri-unutmadi\/#breadcrumb\"},\"inLanguage\":\"tr\",\"potentialAction\":[{\"@type\":\"ReadAction\",\"target\":[\"https:\/\/birlikdayanisma.com\/v3\/2009\/07\/isci-sinifi-kemal-turkleri-unutmadi\/\"]}]},{\"@type\":\"ImageObject\",\"inLanguage\":\"tr\",\"@id\":\"https:\/\/birlikdayanisma.com\/v3\/2009\/07\/isci-sinifi-kemal-turkleri-unutmadi\/#primaryimage\",\"url\":\"http:\/\/birlikdayanisma.com\/v3\/wp-content\/uploads\/kemal_turkler_anma_20090722_1.jpg\",\"contentUrl\":\"http:\/\/birlikdayanisma.com\/v3\/wp-content\/uploads\/kemal_turkler_anma_20090722_1.jpg\"},{\"@type\":\"BreadcrumbList\",\"@id\":\"https:\/\/birlikdayanisma.com\/v3\/2009\/07\/isci-sinifi-kemal-turkleri-unutmadi\/#breadcrumb\",\"itemListElement\":[{\"@type\":\"ListItem\",\"position\":1,\"name\":\"Ana sayfa\",\"item\":\"https:\/\/birlikdayanisma.com\/v3\/\"},{\"@type\":\"ListItem\",\"position\":2,\"name\":\"\u0130\u015f\u00e7i s\u0131n\u0131f\u0131 Kemal T\u00fcrkler&#8217;i unutmad\u0131!\"}]},{\"@type\":\"WebSite\",\"@id\":\"https:\/\/birlikdayanisma.com\/v3\/#website\",\"url\":\"https:\/\/birlikdayanisma.com\/v3\/\",\"name\":\"Birlik Dayan\u0131\u015fma Hareketi\",\"description\":\"\",\"publisher\":{\"@id\":\"https:\/\/birlikdayanisma.com\/v3\/#organization\"},\"potentialAction\":[{\"@type\":\"SearchAction\",\"target\":{\"@type\":\"EntryPoint\",\"urlTemplate\":\"https:\/\/birlikdayanisma.com\/v3\/?s={search_term_string}\"},\"query-input\":{\"@type\":\"PropertyValueSpecification\",\"valueRequired\":true,\"valueName\":\"search_term_string\"}}],\"inLanguage\":\"tr\"},{\"@type\":\"Organization\",\"@id\":\"https:\/\/birlikdayanisma.com\/v3\/#organization\",\"name\":\"Birlik Dayan\u0131\u015fma Hareketi\",\"url\":\"https:\/\/birlikdayanisma.com\/v3\/\",\"logo\":{\"@type\":\"ImageObject\",\"inLanguage\":\"tr\",\"@id\":\"https:\/\/birlikdayanisma.com\/v3\/#\/schema\/logo\/image\/\",\"url\":\"https:\/\/birlikdayanisma.com\/v3\/wp-content\/uploads\/bdh_logo_2016.png\",\"contentUrl\":\"https:\/\/birlikdayanisma.com\/v3\/wp-content\/uploads\/bdh_logo_2016.png\",\"width\":468,\"height\":60,\"caption\":\"Birlik Dayan\u0131\u015fma Hareketi\"},\"image\":{\"@id\":\"https:\/\/birlikdayanisma.com\/v3\/#\/schema\/logo\/image\/\"}},{\"@type\":\"Person\",\"@id\":\"https:\/\/birlikdayanisma.com\/v3\/#\/schema\/person\/2fd4a0bf332f1634d637e73cafde5aff\",\"name\":\"root\",\"image\":{\"@type\":\"ImageObject\",\"inLanguage\":\"tr\",\"@id\":\"https:\/\/birlikdayanisma.com\/v3\/#\/schema\/person\/image\/\",\"url\":\"https:\/\/secure.gravatar.com\/avatar\/d112a0f70b7f65f990d41bcb2260b0d5?s=96&d=mm&r=g\",\"contentUrl\":\"https:\/\/secure.gravatar.com\/avatar\/d112a0f70b7f65f990d41bcb2260b0d5?s=96&d=mm&r=g\",\"caption\":\"root\"},\"url\":\"https:\/\/birlikdayanisma.com\/v3\/author\/root\/\"}]}<\/script>\n<!-- \/ Yoast SEO plugin. -->","yoast_head_json":{"title":"\u0130\u015f\u00e7i s\u0131n\u0131f\u0131 Kemal T\u00fcrkler'i unutmad\u0131! &#8211; Birlik Dayan\u0131\u015fma Hareketi","description":"\u0130\u015f\u00e7i s\u0131n\u0131f\u0131n\u0131n unutulmaz \u00f6nderlerinden Devrimci \u0130\u015f\u00e7i Sendikalar\u0131 Konfederasyonu D\u0130SK'in Kurucu Genel Ba\u015fkan\u0131 Kemal T\u00fcrkler katledili\u015finin 29. y\u0131l d\u00f6n\u00fcm\u00fc","robots":{"index":"index","follow":"follow","max-snippet":"max-snippet:-1","max-image-preview":"max-image-preview:large","max-video-preview":"max-video-preview:-1"},"canonical":"https:\/\/birlikdayanisma.com\/v3\/2009\/07\/isci-sinifi-kemal-turkleri-unutmadi\/","og_locale":"tr_TR","og_type":"article","og_title":"\u0130\u015f\u00e7i s\u0131n\u0131f\u0131 Kemal T\u00fcrkler'i unutmad\u0131! &#8211; Birlik Dayan\u0131\u015fma Hareketi","og_description":"\u0130\u015f\u00e7i s\u0131n\u0131f\u0131n\u0131n unutulmaz \u00f6nderlerinden Devrimci \u0130\u015f\u00e7i Sendikalar\u0131 Konfederasyonu D\u0130SK'in Kurucu Genel Ba\u015fkan\u0131 Kemal T\u00fcrkler katledili\u015finin 29. y\u0131l d\u00f6n\u00fcm\u00fc","og_url":"https:\/\/birlikdayanisma.com\/v3\/2009\/07\/isci-sinifi-kemal-turkleri-unutmadi\/","og_site_name":"Birlik Dayan\u0131\u015fma Hareketi","article_published_time":"2009-07-22T20:05:55+00:00","article_modified_time":"2009-08-18T13:26:54+00:00","og_image":[{"width":300,"height":200,"url":"https:\/\/birlikdayanisma.com\/v3\/wp-content\/uploads\/kemal_turkler_anma_20090722_1.jpg","type":"image\/jpeg"}],"author":"root","twitter_card":"summary_large_image","twitter_misc":{"Yazan:":"root","Tahmini okuma s\u00fcresi":"1 dakika"},"schema":{"@context":"https:\/\/schema.org","@graph":[{"@type":"Article","@id":"https:\/\/birlikdayanisma.com\/v3\/2009\/07\/isci-sinifi-kemal-turkleri-unutmadi\/#article","isPartOf":{"@id":"https:\/\/birlikdayanisma.com\/v3\/2009\/07\/isci-sinifi-kemal-turkleri-unutmadi\/"},"author":{"name":"root","@id":"https:\/\/birlikdayanisma.com\/v3\/#\/schema\/person\/2fd4a0bf332f1634d637e73cafde5aff"},"headline":"\u0130\u015f\u00e7i s\u0131n\u0131f\u0131 Kemal T\u00fcrkler&#8217;i unutmad\u0131!","datePublished":"2009-07-22T20:05:55+00:00","dateModified":"2009-08-18T13:26:54+00:00","mainEntityOfPage":{"@id":"https:\/\/birlikdayanisma.com\/v3\/2009\/07\/isci-sinifi-kemal-turkleri-unutmadi\/"},"wordCount":179,"publisher":{"@id":"https:\/\/birlikdayanisma.com\/v3\/#organization"},"image":{"@id":"https:\/\/birlikdayanisma.com\/v3\/2009\/07\/isci-sinifi-kemal-turkleri-unutmadi\/#primaryimage"},"thumbnailUrl":"http:\/\/birlikdayanisma.com\/v3\/wp-content\/uploads\/kemal_turkler_anma_20090722_1.jpg","keywords":["Anma","Bdh","Kemal T\u00fcrkler"],"articleSection":["T\u00fcrkiyeden"],"inLanguage":"tr"},{"@type":"WebPage","@id":"https:\/\/birlikdayanisma.com\/v3\/2009\/07\/isci-sinifi-kemal-turkleri-unutmadi\/","url":"https:\/\/birlikdayanisma.com\/v3\/2009\/07\/isci-sinifi-kemal-turkleri-unutmadi\/","name":"\u0130\u015f\u00e7i s\u0131n\u0131f\u0131 Kemal T\u00fcrkler'i unutmad\u0131! &#8211; Birlik Dayan\u0131\u015fma Hareketi","isPartOf":{"@id":"https:\/\/birlikdayanisma.com\/v3\/#website"},"primaryImageOfPage":{"@id":"https:\/\/birlikdayanisma.com\/v3\/2009\/07\/isci-sinifi-kemal-turkleri-unutmadi\/#primaryimage"},"image":{"@id":"https:\/\/birlikdayanisma.com\/v3\/2009\/07\/isci-sinifi-kemal-turkleri-unutmadi\/#primaryimage"},"thumbnailUrl":"http:\/\/birlikdayanisma.com\/v3\/wp-content\/uploads\/kemal_turkler_anma_20090722_1.jpg","datePublished":"2009-07-22T20:05:55+00:00","dateModified":"2009-08-18T13:26:54+00:00","description":"\u0130\u015f\u00e7i s\u0131n\u0131f\u0131n\u0131n unutulmaz \u00f6nderlerinden Devrimci \u0130\u015f\u00e7i Sendikalar\u0131 Konfederasyonu D\u0130SK'in Kurucu Genel Ba\u015fkan\u0131 Kemal T\u00fcrkler katledili\u015finin 29. y\u0131l d\u00f6n\u00fcm\u00fc","breadcrumb":{"@id":"https:\/\/birlikdayanisma.com\/v3\/2009\/07\/isci-sinifi-kemal-turkleri-unutmadi\/#breadcrumb"},"inLanguage":"tr","potentialAction":[{"@type":"ReadAction","target":["https:\/\/birlikdayanisma.com\/v3\/2009\/07\/isci-sinifi-kemal-turkleri-unutmadi\/"]}]},{"@type":"ImageObject","inLanguage":"tr","@id":"https:\/\/birlikdayanisma.com\/v3\/2009\/07\/isci-sinifi-kemal-turkleri-unutmadi\/#primaryimage","url":"http:\/\/birlikdayanisma.com\/v3\/wp-content\/uploads\/kemal_turkler_anma_20090722_1.jpg","contentUrl":"http:\/\/birlikdayanisma.com\/v3\/wp-content\/uploads\/kemal_turkler_anma_20090722_1.jpg"},{"@type":"BreadcrumbList","@id":"https:\/\/birlikdayanisma.com\/v3\/2009\/07\/isci-sinifi-kemal-turkleri-unutmadi\/#breadcrumb","itemListElement":[{"@type":"ListItem","position":1,"name":"Ana sayfa","item":"https:\/\/birlikdayanisma.com\/v3\/"},{"@type":"ListItem","position":2,"name":"\u0130\u015f\u00e7i s\u0131n\u0131f\u0131 Kemal T\u00fcrkler&#8217;i unutmad\u0131!"}]},{"@type":"WebSite","@id":"https:\/\/birlikdayanisma.com\/v3\/#website","url":"https:\/\/birlikdayanisma.com\/v3\/","name":"Birlik Dayan\u0131\u015fma Hareketi","description":"","publisher":{"@id":"https:\/\/birlikdayanisma.com\/v3\/#organization"},"potentialAction":[{"@type":"SearchAction","target":{"@type":"EntryPoint","urlTemplate":"https:\/\/birlikdayanisma.com\/v3\/?s={search_term_string}"},"query-input":{"@type":"PropertyValueSpecification","valueRequired":true,"valueName":"search_term_string"}}],"inLanguage":"tr"},{"@type":"Organization","@id":"https:\/\/birlikdayanisma.com\/v3\/#organization","name":"Birlik Dayan\u0131\u015fma Hareketi","url":"https:\/\/birlikdayanisma.com\/v3\/","logo":{"@type":"ImageObject","inLanguage":"tr","@id":"https:\/\/birlikdayanisma.com\/v3\/#\/schema\/logo\/image\/","url":"https:\/\/birlikdayanisma.com\/v3\/wp-content\/uploads\/bdh_logo_2016.png","contentUrl":"https:\/\/birlikdayanisma.com\/v3\/wp-content\/uploads\/bdh_logo_2016.png","width":468,"height":60,"caption":"Birlik Dayan\u0131\u015fma Hareketi"},"image":{"@id":"https:\/\/birlikdayanisma.com\/v3\/#\/schema\/logo\/image\/"}},{"@type":"Person","@id":"https:\/\/birlikdayanisma.com\/v3\/#\/schema\/person\/2fd4a0bf332f1634d637e73cafde5aff","name":"root","image":{"@type":"ImageObject","inLanguage":"tr","@id":"https:\/\/birlikdayanisma.com\/v3\/#\/schema\/person\/image\/","url":"https:\/\/secure.gravatar.com\/avatar\/d112a0f70b7f65f990d41bcb2260b0d5?s=96&d=mm&r=g","contentUrl":"https:\/\/secure.gravatar.com\/avatar\/d112a0f70b7f65f990d41bcb2260b0d5?s=96&d=mm&r=g","caption":"root"},"url":"https:\/\/birlikdayanisma.com\/v3\/author\/root\/"}]}},"_links":{"self":[{"href":"https:\/\/birlikdayanisma.com\/v3\/wp-json\/wp\/v2\/posts\/1254","targetHints":{"allow":["GET"]}}],"collection":[{"href":"https:\/\/birlikdayanisma.com\/v3\/wp-json\/wp\/v2\/posts"}],"about":[{"href":"https:\/\/birlikdayanisma.com\/v3\/wp-json\/wp\/v2\/types\/post"}],"author":[{"embeddable":true,"href":"https:\/\/birlikdayanisma.com\/v3\/wp-json\/wp\/v2\/users\/4"}],"replies":[{"embeddable":true,"href":"https:\/\/birlikdayanisma.com\/v3\/wp-json\/wp\/v2\/comments?post=1254"}],"version-history":[{"count":0,"href":"https:\/\/birlikdayanisma.com\/v3\/wp-json\/wp\/v2\/posts\/1254\/revisions"}],"wp:attachment":[{"href":"https:\/\/birlikdayanisma.com\/v3\/wp-json\/wp\/v2\/media?parent=1254"}],"wp:term":[{"taxonomy":"category","embeddable":true,"href":"https:\/\/birlikdayanisma.com\/v3\/wp-json\/wp\/v2\/categories?post=1254"},{"taxonomy":"post_tag","embeddable":true,"href":"https:\/\/birlikdayanisma.com\/v3\/wp-json\/wp\/v2\/tags?post=1254"}],"curies":[{"name":"wp","href":"https:\/\/api.w.org\/{rel}","templated":true}]}}