{"id":1292,"date":"2009-07-31T11:23:27","date_gmt":"2009-07-31T08:23:27","guid":{"rendered":"http:\/\/birlikdayanisma.com\/v3\/?p=1292"},"modified":"2009-09-19T12:29:31","modified_gmt":"2009-09-19T09:29:31","slug":"turklerin-katillerinden-isciler-hesap-soracak","status":"publish","type":"post","link":"https:\/\/birlikdayanisma.com\/v3\/2009\/07\/turklerin-katillerinden-isciler-hesap-soracak\/","title":{"rendered":"T\u00fcrkler&#8217;in katillerinden i\u015f\u00e7iler hesap soracak"},"content":{"rendered":"<p><!-- \t\t@page { margin: 2cm } \t\tP { margin-bottom: 0.21cm } --><\/p>\n<p style=\"margin-bottom: 0cm;\">29 y\u0131l \u00f6nce, 22 Temmuz 1980&#8217;de evinin \u00f6n\u00fcnde fa\u015fistler taraf\u0131ndan katledilen Devrimci \u0130\u015f\u00e7i Sendikalar\u0131 Konfederasyonu (D\u0130SK) Kurucu Genel Ba\u015fkan\u0131 Kemal T\u00fcrkler&#8217;in cinayeti davas\u0131nda, tetik\u00e7i \u00dcnal Osman A\u011fao\u011flu i\u00e7in beraat karar\u0131 verildi. Mahkeme, Yarg\u0131tay&#8217;\u0131n davan\u0131n yeniden g\u00f6r\u00fclmesi talebine de 3. kez direnmi\u015f oldu.<\/p>\n<p style=\"margin-bottom: 0cm;\"><!--more-->\u00dcnal Osman A\u011fao\u011flu, kamuoyunda Balgat Katliam\u0131 diye bilinen Ankara Bah\u00e7elievler&#8217;de 8 Ekim 1978 y\u0131l\u0131nda T\u00fcrkiye \u0130\u015f\u00e7i Partisi (T\u0130P) \u00fcyesi 7 gencin katleditmesiyle ilgili davada 7 kez idam cezas\u0131na \u00e7arpt\u0131r\u0131lm\u0131\u015ft\u0131.<\/p>\n<p style=\"margin-bottom: 0cm;\">D\u0130SK y\u00f6netici ve \u00fcyeleri ile ilerici-devrimci kitle \u00f6rg\u00fct\u00fc temsilcilerinin izledi\u011fi davada mahkeme heyeti \u201cKarar\u0131m\u0131z\u0131 etkilemek i\u00e7in \u00fczerimize bask\u0131 m\u0131 kurmak istiyorsunuz?\u201d diye kat\u0131l\u0131mc\u0131lara \u00e7\u0131k\u0131\u015ft\u0131.<\/p>\n<p style=\"margin-bottom: 0cm;\">Davay\u0131 izleyenler, \u201cKemal T\u00fcrkler \u00f6l\u00fcms\u00fczd\u00fcr\u201d, \u201cKemal T\u00fcrkler kavgam\u0131zda ya\u015f\u0131yor\u201d, \u201cKatillerden hesab\u0131 i\u015f\u00e7iler soracak\u201d sloganlar\u0131 e\u015fli\u011finde adliye binas\u0131na girdiler.<br \/>\nKarar\u0131n a\u00e7\u0131klanmas\u0131 \u00fczerine, kat\u0131l\u0131mc\u0131 kitle \u201cSat\u0131lm\u0131\u015f yarg\u0131 istemiyoruz\u201d, \u201cKatiller halka hesap verecek\u201d sloganlar\u0131 e\u015fli\u011finde adliye bah\u00e7esine \u00e7\u0131kt\u0131lar.<\/p>\n<p style=\"margin-bottom: 0cm;\">D\u0130SK Ba\u015fkan\u0131 S\u00fcleymen \u00c7elebi bas\u0131na a\u00e7\u0131klama yapt\u0131. D\u0130SK avukat\u0131 Necdet Okcan, davan\u0131n zamana\u015f\u0131m\u0131na g\u00f6t\u00fcr\u00fclmek istendi\u011fini s\u00f6yledi.  Avukatlar bu t\u00fcr insanl\u0131k su\u00e7u davalar\u0131nda zaman a\u015f\u0131m\u0131n\u0131n olmamas\u0131 gerekti\u011fini dile getirdiler.<\/p>\n<p style=\"margin-bottom: 0cm;\">Davan\u0131n, Bak\u0131rk\u00f6y Adliyesi&#8217;nde g\u00f6r\u00fc\u015f\u00fcld\u00fc\u011f\u00fc saatlerde Ankara Adliyesi \u00f6n\u00fcnde de ilerici kurumlar ve demokratik kitle \u00f6rg\u00fctlerince a\u00e7\u0131klama yap\u0131ld\u0131. \u0130stanbul ve Ankara&#8217;daki davaya\u00a0 KESK \u00fcyeleri de destek verdi.<\/p>\n","protected":false},"excerpt":{"rendered":"<p>29 y\u0131l \u00f6nce, 22 Temmuz 1980&#8217;de evinin \u00f6n\u00fcnde fa\u015fistler taraf\u0131ndan katledilen Devrimci \u0130\u015f\u00e7i Sendikalar\u0131 Konfederasyonu (D\u0130SK) Kurucu Genel Ba\u015fkan\u0131 Kemal T\u00fcrkler&#8217;in cinayeti davas\u0131nda, tetik\u00e7i \u00dcnal Osman A\u011fao\u011flu i\u00e7in beraat karar\u0131 verildi. Mahkeme, Yarg\u0131tay&#8217;\u0131n davan\u0131n yeniden g\u00f6r\u00fclmesi talebine de 3. kez direnmi\u015f oldu.<\/p>\n","protected":false},"author":4,"featured_media":0,"comment_status":"closed","ping_status":"open","sticky":false,"template":"","format":"standard","meta":{"_et_pb_use_builder":"","_et_pb_old_content":"","_et_gb_content_width":"","footnotes":""},"categories":[103],"tags":[5],"class_list":["post-1292","post","type-post","status-publish","format-standard","hentry","category-turkiyeden","tag-kemal-turkler","et-doesnt-have-format-content","et_post_format-et-post-format-standard"],"yoast_head":"<!-- This site is optimized with the Yoast SEO plugin v26.8 - https:\/\/yoast.com\/product\/yoast-seo-wordpress\/ -->\n<title>T\u00fcrkler&#039;in katillerinden i\u015f\u00e7iler hesap soracak &#8211; Birlik Dayan\u0131\u015fma Hareketi<\/title>\n<meta name=\"description\" content=\"29 y\u0131l \u00f6nce, 22 Temmuz 1980&#039;de evinin \u00f6n\u00fcnde fa\u015fistler taraf\u0131ndan katledilen Devrimci \u0130\u015f\u00e7i Sendikalar\u0131 Konfederasyonu (D\u0130SK) Kurucu Genel Ba\u015fkan\u0131 Kemal\" \/>\n<meta name=\"robots\" content=\"index, follow, max-snippet:-1, max-image-preview:large, max-video-preview:-1\" \/>\n<link rel=\"canonical\" href=\"https:\/\/birlikdayanisma.com\/v3\/2009\/07\/turklerin-katillerinden-isciler-hesap-soracak\/\" \/>\n<meta property=\"og:locale\" content=\"tr_TR\" \/>\n<meta property=\"og:type\" content=\"article\" \/>\n<meta property=\"og:title\" content=\"T\u00fcrkler&#039;in katillerinden i\u015f\u00e7iler hesap soracak &#8211; Birlik Dayan\u0131\u015fma Hareketi\" \/>\n<meta property=\"og:description\" content=\"29 y\u0131l \u00f6nce, 22 Temmuz 1980&#039;de evinin \u00f6n\u00fcnde fa\u015fistler taraf\u0131ndan katledilen Devrimci \u0130\u015f\u00e7i Sendikalar\u0131 Konfederasyonu (D\u0130SK) Kurucu Genel Ba\u015fkan\u0131 Kemal\" \/>\n<meta property=\"og:url\" content=\"https:\/\/birlikdayanisma.com\/v3\/2009\/07\/turklerin-katillerinden-isciler-hesap-soracak\/\" \/>\n<meta property=\"og:site_name\" content=\"Birlik Dayan\u0131\u015fma Hareketi\" \/>\n<meta property=\"article:published_time\" content=\"2009-07-31T08:23:27+00:00\" \/>\n<meta property=\"article:modified_time\" content=\"2009-09-19T09:29:31+00:00\" \/>\n<meta name=\"author\" content=\"root\" \/>\n<meta name=\"twitter:card\" content=\"summary_large_image\" \/>\n<meta name=\"twitter:label1\" content=\"Yazan:\" \/>\n\t<meta name=\"twitter:data1\" content=\"root\" \/>\n\t<meta name=\"twitter:label2\" content=\"Tahmini okuma s\u00fcresi\" \/>\n\t<meta name=\"twitter:data2\" content=\"1 dakika\" \/>\n<script type=\"application\/ld+json\" class=\"yoast-schema-graph\">{\"@context\":\"https:\/\/schema.org\",\"@graph\":[{\"@type\":\"Article\",\"@id\":\"https:\/\/birlikdayanisma.com\/v3\/2009\/07\/turklerin-katillerinden-isciler-hesap-soracak\/#article\",\"isPartOf\":{\"@id\":\"https:\/\/birlikdayanisma.com\/v3\/2009\/07\/turklerin-katillerinden-isciler-hesap-soracak\/\"},\"author\":{\"name\":\"root\",\"@id\":\"https:\/\/birlikdayanisma.com\/v3\/#\/schema\/person\/2fd4a0bf332f1634d637e73cafde5aff\"},\"headline\":\"T\u00fcrkler&#8217;in katillerinden i\u015f\u00e7iler hesap soracak\",\"datePublished\":\"2009-07-31T08:23:27+00:00\",\"dateModified\":\"2009-09-19T09:29:31+00:00\",\"mainEntityOfPage\":{\"@id\":\"https:\/\/birlikdayanisma.com\/v3\/2009\/07\/turklerin-katillerinden-isciler-hesap-soracak\/\"},\"wordCount\":279,\"publisher\":{\"@id\":\"https:\/\/birlikdayanisma.com\/v3\/#organization\"},\"keywords\":[\"Kemal T\u00fcrkler\"],\"articleSection\":[\"T\u00fcrkiyeden\"],\"inLanguage\":\"tr\"},{\"@type\":\"WebPage\",\"@id\":\"https:\/\/birlikdayanisma.com\/v3\/2009\/07\/turklerin-katillerinden-isciler-hesap-soracak\/\",\"url\":\"https:\/\/birlikdayanisma.com\/v3\/2009\/07\/turklerin-katillerinden-isciler-hesap-soracak\/\",\"name\":\"T\u00fcrkler'in katillerinden i\u015f\u00e7iler hesap soracak &#8211; Birlik Dayan\u0131\u015fma Hareketi\",\"isPartOf\":{\"@id\":\"https:\/\/birlikdayanisma.com\/v3\/#website\"},\"datePublished\":\"2009-07-31T08:23:27+00:00\",\"dateModified\":\"2009-09-19T09:29:31+00:00\",\"description\":\"29 y\u0131l \u00f6nce, 22 Temmuz 1980'de evinin \u00f6n\u00fcnde fa\u015fistler taraf\u0131ndan katledilen Devrimci \u0130\u015f\u00e7i Sendikalar\u0131 Konfederasyonu (D\u0130SK) Kurucu Genel Ba\u015fkan\u0131 Kemal\",\"breadcrumb\":{\"@id\":\"https:\/\/birlikdayanisma.com\/v3\/2009\/07\/turklerin-katillerinden-isciler-hesap-soracak\/#breadcrumb\"},\"inLanguage\":\"tr\",\"potentialAction\":[{\"@type\":\"ReadAction\",\"target\":[\"https:\/\/birlikdayanisma.com\/v3\/2009\/07\/turklerin-katillerinden-isciler-hesap-soracak\/\"]}]},{\"@type\":\"BreadcrumbList\",\"@id\":\"https:\/\/birlikdayanisma.com\/v3\/2009\/07\/turklerin-katillerinden-isciler-hesap-soracak\/#breadcrumb\",\"itemListElement\":[{\"@type\":\"ListItem\",\"position\":1,\"name\":\"Ana sayfa\",\"item\":\"https:\/\/birlikdayanisma.com\/v3\/\"},{\"@type\":\"ListItem\",\"position\":2,\"name\":\"T\u00fcrkler&#8217;in katillerinden i\u015f\u00e7iler hesap soracak\"}]},{\"@type\":\"WebSite\",\"@id\":\"https:\/\/birlikdayanisma.com\/v3\/#website\",\"url\":\"https:\/\/birlikdayanisma.com\/v3\/\",\"name\":\"Birlik Dayan\u0131\u015fma Hareketi\",\"description\":\"\",\"publisher\":{\"@id\":\"https:\/\/birlikdayanisma.com\/v3\/#organization\"},\"potentialAction\":[{\"@type\":\"SearchAction\",\"target\":{\"@type\":\"EntryPoint\",\"urlTemplate\":\"https:\/\/birlikdayanisma.com\/v3\/?s={search_term_string}\"},\"query-input\":{\"@type\":\"PropertyValueSpecification\",\"valueRequired\":true,\"valueName\":\"search_term_string\"}}],\"inLanguage\":\"tr\"},{\"@type\":\"Organization\",\"@id\":\"https:\/\/birlikdayanisma.com\/v3\/#organization\",\"name\":\"Birlik Dayan\u0131\u015fma Hareketi\",\"url\":\"https:\/\/birlikdayanisma.com\/v3\/\",\"logo\":{\"@type\":\"ImageObject\",\"inLanguage\":\"tr\",\"@id\":\"https:\/\/birlikdayanisma.com\/v3\/#\/schema\/logo\/image\/\",\"url\":\"https:\/\/birlikdayanisma.com\/v3\/wp-content\/uploads\/bdh_logo_2016.png\",\"contentUrl\":\"https:\/\/birlikdayanisma.com\/v3\/wp-content\/uploads\/bdh_logo_2016.png\",\"width\":468,\"height\":60,\"caption\":\"Birlik Dayan\u0131\u015fma Hareketi\"},\"image\":{\"@id\":\"https:\/\/birlikdayanisma.com\/v3\/#\/schema\/logo\/image\/\"}},{\"@type\":\"Person\",\"@id\":\"https:\/\/birlikdayanisma.com\/v3\/#\/schema\/person\/2fd4a0bf332f1634d637e73cafde5aff\",\"name\":\"root\",\"image\":{\"@type\":\"ImageObject\",\"inLanguage\":\"tr\",\"@id\":\"https:\/\/birlikdayanisma.com\/v3\/#\/schema\/person\/image\/\",\"url\":\"https:\/\/secure.gravatar.com\/avatar\/d112a0f70b7f65f990d41bcb2260b0d5?s=96&d=mm&r=g\",\"contentUrl\":\"https:\/\/secure.gravatar.com\/avatar\/d112a0f70b7f65f990d41bcb2260b0d5?s=96&d=mm&r=g\",\"caption\":\"root\"},\"url\":\"https:\/\/birlikdayanisma.com\/v3\/author\/root\/\"}]}<\/script>\n<!-- \/ Yoast SEO plugin. -->","yoast_head_json":{"title":"T\u00fcrkler'in katillerinden i\u015f\u00e7iler hesap soracak &#8211; Birlik Dayan\u0131\u015fma Hareketi","description":"29 y\u0131l \u00f6nce, 22 Temmuz 1980'de evinin \u00f6n\u00fcnde fa\u015fistler taraf\u0131ndan katledilen Devrimci \u0130\u015f\u00e7i Sendikalar\u0131 Konfederasyonu (D\u0130SK) Kurucu Genel Ba\u015fkan\u0131 Kemal","robots":{"index":"index","follow":"follow","max-snippet":"max-snippet:-1","max-image-preview":"max-image-preview:large","max-video-preview":"max-video-preview:-1"},"canonical":"https:\/\/birlikdayanisma.com\/v3\/2009\/07\/turklerin-katillerinden-isciler-hesap-soracak\/","og_locale":"tr_TR","og_type":"article","og_title":"T\u00fcrkler'in katillerinden i\u015f\u00e7iler hesap soracak &#8211; Birlik Dayan\u0131\u015fma Hareketi","og_description":"29 y\u0131l \u00f6nce, 22 Temmuz 1980'de evinin \u00f6n\u00fcnde fa\u015fistler taraf\u0131ndan katledilen Devrimci \u0130\u015f\u00e7i Sendikalar\u0131 Konfederasyonu (D\u0130SK) Kurucu Genel Ba\u015fkan\u0131 Kemal","og_url":"https:\/\/birlikdayanisma.com\/v3\/2009\/07\/turklerin-katillerinden-isciler-hesap-soracak\/","og_site_name":"Birlik Dayan\u0131\u015fma Hareketi","article_published_time":"2009-07-31T08:23:27+00:00","article_modified_time":"2009-09-19T09:29:31+00:00","author":"root","twitter_card":"summary_large_image","twitter_misc":{"Yazan:":"root","Tahmini okuma s\u00fcresi":"1 dakika"},"schema":{"@context":"https:\/\/schema.org","@graph":[{"@type":"Article","@id":"https:\/\/birlikdayanisma.com\/v3\/2009\/07\/turklerin-katillerinden-isciler-hesap-soracak\/#article","isPartOf":{"@id":"https:\/\/birlikdayanisma.com\/v3\/2009\/07\/turklerin-katillerinden-isciler-hesap-soracak\/"},"author":{"name":"root","@id":"https:\/\/birlikdayanisma.com\/v3\/#\/schema\/person\/2fd4a0bf332f1634d637e73cafde5aff"},"headline":"T\u00fcrkler&#8217;in katillerinden i\u015f\u00e7iler hesap soracak","datePublished":"2009-07-31T08:23:27+00:00","dateModified":"2009-09-19T09:29:31+00:00","mainEntityOfPage":{"@id":"https:\/\/birlikdayanisma.com\/v3\/2009\/07\/turklerin-katillerinden-isciler-hesap-soracak\/"},"wordCount":279,"publisher":{"@id":"https:\/\/birlikdayanisma.com\/v3\/#organization"},"keywords":["Kemal T\u00fcrkler"],"articleSection":["T\u00fcrkiyeden"],"inLanguage":"tr"},{"@type":"WebPage","@id":"https:\/\/birlikdayanisma.com\/v3\/2009\/07\/turklerin-katillerinden-isciler-hesap-soracak\/","url":"https:\/\/birlikdayanisma.com\/v3\/2009\/07\/turklerin-katillerinden-isciler-hesap-soracak\/","name":"T\u00fcrkler'in katillerinden i\u015f\u00e7iler hesap soracak &#8211; Birlik Dayan\u0131\u015fma Hareketi","isPartOf":{"@id":"https:\/\/birlikdayanisma.com\/v3\/#website"},"datePublished":"2009-07-31T08:23:27+00:00","dateModified":"2009-09-19T09:29:31+00:00","description":"29 y\u0131l \u00f6nce, 22 Temmuz 1980'de evinin \u00f6n\u00fcnde fa\u015fistler taraf\u0131ndan katledilen Devrimci \u0130\u015f\u00e7i Sendikalar\u0131 Konfederasyonu (D\u0130SK) Kurucu Genel Ba\u015fkan\u0131 Kemal","breadcrumb":{"@id":"https:\/\/birlikdayanisma.com\/v3\/2009\/07\/turklerin-katillerinden-isciler-hesap-soracak\/#breadcrumb"},"inLanguage":"tr","potentialAction":[{"@type":"ReadAction","target":["https:\/\/birlikdayanisma.com\/v3\/2009\/07\/turklerin-katillerinden-isciler-hesap-soracak\/"]}]},{"@type":"BreadcrumbList","@id":"https:\/\/birlikdayanisma.com\/v3\/2009\/07\/turklerin-katillerinden-isciler-hesap-soracak\/#breadcrumb","itemListElement":[{"@type":"ListItem","position":1,"name":"Ana sayfa","item":"https:\/\/birlikdayanisma.com\/v3\/"},{"@type":"ListItem","position":2,"name":"T\u00fcrkler&#8217;in katillerinden i\u015f\u00e7iler hesap soracak"}]},{"@type":"WebSite","@id":"https:\/\/birlikdayanisma.com\/v3\/#website","url":"https:\/\/birlikdayanisma.com\/v3\/","name":"Birlik Dayan\u0131\u015fma Hareketi","description":"","publisher":{"@id":"https:\/\/birlikdayanisma.com\/v3\/#organization"},"potentialAction":[{"@type":"SearchAction","target":{"@type":"EntryPoint","urlTemplate":"https:\/\/birlikdayanisma.com\/v3\/?s={search_term_string}"},"query-input":{"@type":"PropertyValueSpecification","valueRequired":true,"valueName":"search_term_string"}}],"inLanguage":"tr"},{"@type":"Organization","@id":"https:\/\/birlikdayanisma.com\/v3\/#organization","name":"Birlik Dayan\u0131\u015fma Hareketi","url":"https:\/\/birlikdayanisma.com\/v3\/","logo":{"@type":"ImageObject","inLanguage":"tr","@id":"https:\/\/birlikdayanisma.com\/v3\/#\/schema\/logo\/image\/","url":"https:\/\/birlikdayanisma.com\/v3\/wp-content\/uploads\/bdh_logo_2016.png","contentUrl":"https:\/\/birlikdayanisma.com\/v3\/wp-content\/uploads\/bdh_logo_2016.png","width":468,"height":60,"caption":"Birlik Dayan\u0131\u015fma Hareketi"},"image":{"@id":"https:\/\/birlikdayanisma.com\/v3\/#\/schema\/logo\/image\/"}},{"@type":"Person","@id":"https:\/\/birlikdayanisma.com\/v3\/#\/schema\/person\/2fd4a0bf332f1634d637e73cafde5aff","name":"root","image":{"@type":"ImageObject","inLanguage":"tr","@id":"https:\/\/birlikdayanisma.com\/v3\/#\/schema\/person\/image\/","url":"https:\/\/secure.gravatar.com\/avatar\/d112a0f70b7f65f990d41bcb2260b0d5?s=96&d=mm&r=g","contentUrl":"https:\/\/secure.gravatar.com\/avatar\/d112a0f70b7f65f990d41bcb2260b0d5?s=96&d=mm&r=g","caption":"root"},"url":"https:\/\/birlikdayanisma.com\/v3\/author\/root\/"}]}},"_links":{"self":[{"href":"https:\/\/birlikdayanisma.com\/v3\/wp-json\/wp\/v2\/posts\/1292","targetHints":{"allow":["GET"]}}],"collection":[{"href":"https:\/\/birlikdayanisma.com\/v3\/wp-json\/wp\/v2\/posts"}],"about":[{"href":"https:\/\/birlikdayanisma.com\/v3\/wp-json\/wp\/v2\/types\/post"}],"author":[{"embeddable":true,"href":"https:\/\/birlikdayanisma.com\/v3\/wp-json\/wp\/v2\/users\/4"}],"replies":[{"embeddable":true,"href":"https:\/\/birlikdayanisma.com\/v3\/wp-json\/wp\/v2\/comments?post=1292"}],"version-history":[{"count":0,"href":"https:\/\/birlikdayanisma.com\/v3\/wp-json\/wp\/v2\/posts\/1292\/revisions"}],"wp:attachment":[{"href":"https:\/\/birlikdayanisma.com\/v3\/wp-json\/wp\/v2\/media?parent=1292"}],"wp:term":[{"taxonomy":"category","embeddable":true,"href":"https:\/\/birlikdayanisma.com\/v3\/wp-json\/wp\/v2\/categories?post=1292"},{"taxonomy":"post_tag","embeddable":true,"href":"https:\/\/birlikdayanisma.com\/v3\/wp-json\/wp\/v2\/tags?post=1292"}],"curies":[{"name":"wp","href":"https:\/\/api.w.org\/{rel}","templated":true}]}}