{"id":1529,"date":"2009-09-30T15:09:38","date_gmt":"2009-09-30T12:09:38","guid":{"rendered":"http:\/\/birlikdayanisma.com\/v3\/?p=1529"},"modified":"2009-09-30T15:09:38","modified_gmt":"2009-09-30T12:09:38","slug":"saglik-orgutlerinden-gss-aciklamasi","status":"publish","type":"post","link":"https:\/\/birlikdayanisma.com\/v3\/2009\/09\/saglik-orgutlerinden-gss-aciklamasi\/","title":{"rendered":"Sa\u011fl\u0131k \u00f6rg\u00fctlerinden GSS a\u00e7\u0131klamas\u0131"},"content":{"rendered":"<p><!-- \t\t@page { margin: 2cm } \t\tP { margin-bottom: 0.21cm } --><\/p>\n<p style=\"margin-bottom: 0cm;\">Sa\u011fl\u0131kta D\u00f6n\u00fc\u015f\u00fcm Program\u0131 kapsam\u0131nda uygulanmaya ba\u015flanan Genel Sa\u011fl\u0131k Sigortas\u0131 (GSS) 1 Ekim 2009 itibar\u0131yla birinci y\u0131l\u0131n\u0131 t\u00fcketti. Vatanda\u015f ve sa\u011fl\u0131k \u00e7al\u0131\u015fanlar\u0131 da sabr\u0131n\u0131\u2026 TTB, TEB, SES, THD ve Dev Sa\u011fl\u0131k-\u0130\u015f, GSS&#8217;nin 1 y\u0131l\u0131n\u0131 de\u011ferlendirmek \u00fczere ortak bir bas\u0131n toplant\u0131s\u0131 d\u00fczenlediler.<!--more--><\/p>\n<p style=\"margin-bottom: 0cm;\">\n<p style=\"margin-bottom: 0cm;\" align=\"CENTER\"><strong>BASIN A\u00c7IKLAMASI <\/strong><\/p>\n<p style=\"margin-bottom: 0cm;\" align=\"CENTER\">\n<p style=\"margin-bottom: 0cm;\" align=\"LEFT\"><strong>GSS\u2019nin 1.y\u0131l\u0131 t\u00fckendi; Sa\u011fl\u0131k \u00e7al\u0131\u015fanlar\u0131n\u0131n ve vatanda\u015f\u0131n da sabr\u0131\u2026<\/strong><\/p>\n<p style=\"margin-bottom: 0.5cm;\">\u201cSa\u011fl\u0131k g\u00fcvencesi olmayan hi\u00e7bir vatanda\u015f kalmayacak\u2026 Prim \u00f6deyebilenden prim al\u0131nacak, \u00f6deyemeyenin primini devlet \u00f6deyecek\u2026 T\u00fcm sa\u011fl\u0131k harcamalar\u0131 kapsamda olacak\u2026 Sigortal\u0131lara, mevcut olanlar\u0131n d\u0131\u015f\u0131nda ek bir y\u00fck getirilmeyecek\u2026 18 ya\u015f\u0131n alt\u0131ndaki \u00e7ocuklar sa\u011fl\u0131k yard\u0131mlar\u0131ndan ko\u015fulsuz olarak yararlanacak\u2026\u201d<\/p>\n<p>1 Ekim 2008&#8217;de, Genel Sa\u011fl\u0131k Sigortas\u0131 (GSS) y\u00fcr\u00fcrl\u00fc\u011fe girerken verilen vaatler b\u00f6yleydi.<\/p>\n<p>Peki verilen s\u00f6zler tutuldu, vaatler yerine getirildi mi? Yoksa tam tersi mi oldu?<\/p>\n<p>GSS ba\u015flar ba\u015flamaz;<\/p>\n<ul type=\"DISC\">\n<li>\n<p style=\"margin-bottom: 0cm;\">muayene \u00fccretleri y\u00fczde 650 \tart\u0131r\u0131ld\u0131,<\/p>\n<\/li>\n<li>\n<p style=\"margin-bottom: 0cm;\">hastaneye yatan, ameliyat olan \thastalara da kat\u0131l\u0131m pay\u0131 zorunlulu\u011fu getirildi,<\/p>\n<\/li>\n<li>\n<p style=\"margin-bottom: 0cm;\">ila\u00e7ta devletin \u00f6dedi\u011fi pay \td\u00fc\u015f\u00fcr\u00fcl\u00fcp hastalar\u0131n \u00f6dedi\u011fi pay y\u00fckseltildi,<\/p>\n<\/li>\n<li>\n<p style=\"margin-bottom: 0cm;\">\u00f6zel hastanelere giden \tsigortal\u0131lar b\u00fcy\u00fck paralar \u00f6demek zorunda b\u0131rak\u0131ld\u0131,<\/p>\n<\/li>\n<li>\n<p style=\"margin-bottom: 0cm;\">milyonlarca yurtta\u015f h\u00e2l\u00e2 hi\u00e7bir \tsa\u011fl\u0131k g\u00fcvencesine sahip de\u011fil,<\/p>\n<\/li>\n<li>\n<p style=\"margin-bottom: 0cm;\">kriz nedeniyle i\u015fsiz kalan y\u00fcz \tbinlerce emek\u00e7i ve ailesi sa\u011fl\u0131k g\u00fcvencesini de kaybetti,<\/p>\n<\/li>\n<li>annesi ya da babas\u0131 GSS primi \u00f6deyemeyen 18 ya\u015f\u0131n \talt\u0131ndaki \u00e7ocuklar i\u00e7in k\u0131s\u0131tlamalar getirildi\u2026<\/li>\n<\/ul>\n<p>B\u00fct\u00fcn bunlar \u201cher derde deva\u201d diye sunulan GSS hen\u00fcz ilk y\u0131l\u0131n\u0131 doldurmadan oldu. \u00dcstelik daha \u015fimdiden \u201csa\u011fl\u0131k harcamalar\u0131 \u00e7ok artt\u0131, yeni \u00f6nlemler almak zorunday\u0131z\u201d demeye ba\u015flad\u0131lar bile.<\/p>\n<p>\u201cYeni \u00f6nlemler\u201d dedikleri de belli; yeni katk\u0131\/kat\u0131l\u0131m paylar\u0131, yeni cepten harcama mecburiyetleri, yeni ilave \u00fccretler, yeni mal\u00ee k\u00fclfetler\u2026 K\u0131sacas\u0131, hastalar\u0131n cebinden \u00e7\u0131kacak yeni paralar.<\/p>\n<p>Peki bu GSS&#8217;den kazan\u00e7l\u0131 \u00e7\u0131kan kim?<\/p>\n<p>\u00c7ok uluslu ila\u00e7 tekelleri, t\u0131bbi cihaz-teknoloji \u00fcreticileri, \u00f6zel hastane patronlar\u0131.<\/p>\n<p>Hepimiz biliyoruz, \u201cy\u00fcce rabbim Cleveland dedi\u201d diyenler i\u00e7in de\u011fil GSS.<\/p>\n<p>GSS vatanda\u015fa ikinci bir vergi, yetmeyip katk\u0131-kat\u0131l\u0131m pay\u0131.. \u00f6zcesi sa\u011fl\u0131k gerek\u00e7esi ile \u201cher yolla\u201d vatanda\u015f\u0131n s\u0131rt\u0131na y\u00fcklenmektir.<\/p>\n<p>Zaten, GSS&#8217;nin b\u00fct\u00fcn hik\u00e2yesi de bundan ibaret de\u011fil mi?<\/p>\n<p>Elbette de\u011fil. GSS ayn\u0131 zamanda eczac\u0131s\u0131ndan hem\u015firesine, ta\u015feron i\u015f\u00e7isinden teknisyenine, hekimine, b\u00fct\u00fcn sa\u011fl\u0131k \u00e7al\u0131\u015fanlar\u0131n\u0131n daha k\u00f6t\u00fc ko\u015fullarda \u00e7al\u0131\u015fmas\u0131na yol a\u00e7an Sa\u011fl\u0131kta D\u00f6n\u00fc\u015f\u00fcm Program\u0131\u2019n\u0131n da bir par\u00e7as\u0131, tamamlayan\u0131d\u0131r.<\/p>\n<p>GSS\u2019nin 1. y\u0131l\u0131nda hem finansal kriz hem de y\u00f6netememe krizi ayan beyan ortaya \u00e7\u0131km\u0131\u015ft\u0131r.<\/p>\n<p>\u0130ktidar\u0131n sa\u011fl\u0131k \u00e7al\u0131\u015fanlar\u0131na, onlar\u0131n temsilcisi \u00f6rg\u00fctlerine ra\u011fmen \u201cben yapt\u0131m, oldu\u201d anlay\u0131\u015f\u0131yla yakla\u015f\u0131m\u0131n\u0131n faydas\u0131 yoktur. GSS\u2019nin 1. y\u0131l\u0131n\u0131n ger\u00e7ek\u00e7i bir de\u011ferlendirme i\u00e7in f\u0131rsat olarak de\u011ferlendirilece\u011fini ummak istiyoruz. Sa\u011fl\u0131k \u00e7al\u0131\u015fanlar\u0131n\u0131 ve vatanda\u015f\u0131n sa\u011fl\u0131\u011f\u0131n\u0131 piyasaya terk eden yoldan d\u00f6n\u00fclmesi i\u00e7in GSS\u2019nin 1. y\u0131l\u0131nda H\u00fck\u00fcmeti bir kez daha hep birlikte uyar\u0131yoruz:<\/p>\n<p><strong>Vatanda\u015f\u0131n cebinden, sa\u011fl\u0131k\u00e7\u0131n\u0131n eme\u011finden elini \u00e7ek!<\/strong><\/p>\n<p style=\"margin-bottom: 0cm;\" align=\"LEFT\"><strong>T\u00dcRK TAB\u0130PLER\u0130 B\u0130RL\u0130\u011e\u0130 (TTB)<\/strong><\/p>\n<p style=\"margin-bottom: 0cm;\" align=\"LEFT\"><strong>T\u00dcRK ECZACILARI B\u0130RL\u0130\u011e\u0130 (TEB)<\/strong><\/p>\n<p style=\"margin-bottom: 0cm;\" align=\"LEFT\"><strong>SA\u011eLIK VE SOSYAL H\u0130ZMET EMEK\u00c7\u0130LER\u0130 SEND\u0130KASI (SES)<\/strong><\/p>\n<p style=\"margin-bottom: 0cm;\" align=\"LEFT\"><strong>T\u00dcRK HEM\u015e\u0130RELER DERNE\u011e\u0130 (THD)<\/strong><\/p>\n<p style=\"margin-bottom: 0cm;\" align=\"LEFT\"><strong>DEVR\u0130MC\u0130 SA\u011eLIK \u0130\u015e SEND\u0130KASI (DEV SA\u011eLIK-\u0130\u015e)<\/strong><\/p>\n<p style=\"margin-bottom: 0cm;\" align=\"LEFT\">\n","protected":false},"excerpt":{"rendered":"<p>Sa\u011fl\u0131kta D\u00f6n\u00fc\u015f\u00fcm Program\u0131 kapsam\u0131nda uygulanmaya ba\u015flanan Genel Sa\u011fl\u0131k Sigortas\u0131 (GSS) 1 Ekim 2009 itibar\u0131yla birinci y\u0131l\u0131n\u0131 t\u00fcketti. Vatanda\u015f ve sa\u011fl\u0131k \u00e7al\u0131\u015fanlar\u0131 da sabr\u0131n\u0131\u2026 TTB, TEB, SES, THD ve Dev Sa\u011fl\u0131k-\u0130\u015f, GSS&#8217;nin 1 y\u0131l\u0131n\u0131 de\u011ferlendirmek \u00fczere ortak bir bas\u0131n toplant\u0131s\u0131 d\u00fczenlediler.<\/p>\n","protected":false},"author":4,"featured_media":0,"comment_status":"closed","ping_status":"open","sticky":false,"template":"","format":"standard","meta":{"_et_pb_use_builder":"","_et_pb_old_content":"","_et_gb_content_width":"","footnotes":""},"categories":[103],"tags":[48],"class_list":["post-1529","post","type-post","status-publish","format-standard","hentry","category-turkiyeden","tag-ssgss","et-doesnt-have-format-content","et_post_format-et-post-format-standard"],"yoast_head":"<!-- This site is optimized with the Yoast SEO plugin v26.8 - https:\/\/yoast.com\/product\/yoast-seo-wordpress\/ -->\n<title>Sa\u011fl\u0131k \u00f6rg\u00fctlerinden GSS a\u00e7\u0131klamas\u0131 &#8211; Birlik Dayan\u0131\u015fma Hareketi<\/title>\n<meta name=\"description\" content=\"Sa\u011fl\u0131kta D\u00f6n\u00fc\u015f\u00fcm Program\u0131 kapsam\u0131nda uygulanmaya ba\u015flanan Genel Sa\u011fl\u0131k Sigortas\u0131 (GSS) 1 Ekim 2009 itibar\u0131yla birinci y\u0131l\u0131n\u0131 t\u00fcketti. Vatanda\u015f ve sa\u011fl\u0131k\" \/>\n<meta name=\"robots\" content=\"index, follow, max-snippet:-1, max-image-preview:large, max-video-preview:-1\" \/>\n<link rel=\"canonical\" href=\"https:\/\/birlikdayanisma.com\/v3\/2009\/09\/saglik-orgutlerinden-gss-aciklamasi\/\" \/>\n<meta property=\"og:locale\" content=\"tr_TR\" \/>\n<meta property=\"og:type\" content=\"article\" \/>\n<meta property=\"og:title\" content=\"Sa\u011fl\u0131k \u00f6rg\u00fctlerinden GSS a\u00e7\u0131klamas\u0131 &#8211; Birlik Dayan\u0131\u015fma Hareketi\" \/>\n<meta property=\"og:description\" content=\"Sa\u011fl\u0131kta D\u00f6n\u00fc\u015f\u00fcm Program\u0131 kapsam\u0131nda uygulanmaya ba\u015flanan Genel Sa\u011fl\u0131k Sigortas\u0131 (GSS) 1 Ekim 2009 itibar\u0131yla birinci y\u0131l\u0131n\u0131 t\u00fcketti. Vatanda\u015f ve sa\u011fl\u0131k\" \/>\n<meta property=\"og:url\" content=\"https:\/\/birlikdayanisma.com\/v3\/2009\/09\/saglik-orgutlerinden-gss-aciklamasi\/\" \/>\n<meta property=\"og:site_name\" content=\"Birlik Dayan\u0131\u015fma Hareketi\" \/>\n<meta property=\"article:published_time\" content=\"2009-09-30T12:09:38+00:00\" \/>\n<meta name=\"author\" content=\"root\" \/>\n<meta name=\"twitter:card\" content=\"summary_large_image\" \/>\n<meta name=\"twitter:label1\" content=\"Yazan:\" \/>\n\t<meta name=\"twitter:data1\" content=\"root\" \/>\n\t<meta name=\"twitter:label2\" content=\"Tahmini okuma s\u00fcresi\" \/>\n\t<meta name=\"twitter:data2\" content=\"3 dakika\" \/>\n<script type=\"application\/ld+json\" class=\"yoast-schema-graph\">{\"@context\":\"https:\/\/schema.org\",\"@graph\":[{\"@type\":\"Article\",\"@id\":\"https:\/\/birlikdayanisma.com\/v3\/2009\/09\/saglik-orgutlerinden-gss-aciklamasi\/#article\",\"isPartOf\":{\"@id\":\"https:\/\/birlikdayanisma.com\/v3\/2009\/09\/saglik-orgutlerinden-gss-aciklamasi\/\"},\"author\":{\"name\":\"root\",\"@id\":\"https:\/\/birlikdayanisma.com\/v3\/#\/schema\/person\/2fd4a0bf332f1634d637e73cafde5aff\"},\"headline\":\"Sa\u011fl\u0131k \u00f6rg\u00fctlerinden GSS a\u00e7\u0131klamas\u0131\",\"datePublished\":\"2009-09-30T12:09:38+00:00\",\"mainEntityOfPage\":{\"@id\":\"https:\/\/birlikdayanisma.com\/v3\/2009\/09\/saglik-orgutlerinden-gss-aciklamasi\/\"},\"wordCount\":633,\"publisher\":{\"@id\":\"https:\/\/birlikdayanisma.com\/v3\/#organization\"},\"keywords\":[\"SSGSS\"],\"articleSection\":[\"T\u00fcrkiyeden\"],\"inLanguage\":\"tr\"},{\"@type\":\"WebPage\",\"@id\":\"https:\/\/birlikdayanisma.com\/v3\/2009\/09\/saglik-orgutlerinden-gss-aciklamasi\/\",\"url\":\"https:\/\/birlikdayanisma.com\/v3\/2009\/09\/saglik-orgutlerinden-gss-aciklamasi\/\",\"name\":\"Sa\u011fl\u0131k \u00f6rg\u00fctlerinden GSS a\u00e7\u0131klamas\u0131 &#8211; Birlik Dayan\u0131\u015fma Hareketi\",\"isPartOf\":{\"@id\":\"https:\/\/birlikdayanisma.com\/v3\/#website\"},\"datePublished\":\"2009-09-30T12:09:38+00:00\",\"description\":\"Sa\u011fl\u0131kta D\u00f6n\u00fc\u015f\u00fcm Program\u0131 kapsam\u0131nda uygulanmaya ba\u015flanan Genel Sa\u011fl\u0131k Sigortas\u0131 (GSS) 1 Ekim 2009 itibar\u0131yla birinci y\u0131l\u0131n\u0131 t\u00fcketti. Vatanda\u015f ve sa\u011fl\u0131k\",\"breadcrumb\":{\"@id\":\"https:\/\/birlikdayanisma.com\/v3\/2009\/09\/saglik-orgutlerinden-gss-aciklamasi\/#breadcrumb\"},\"inLanguage\":\"tr\",\"potentialAction\":[{\"@type\":\"ReadAction\",\"target\":[\"https:\/\/birlikdayanisma.com\/v3\/2009\/09\/saglik-orgutlerinden-gss-aciklamasi\/\"]}]},{\"@type\":\"BreadcrumbList\",\"@id\":\"https:\/\/birlikdayanisma.com\/v3\/2009\/09\/saglik-orgutlerinden-gss-aciklamasi\/#breadcrumb\",\"itemListElement\":[{\"@type\":\"ListItem\",\"position\":1,\"name\":\"Ana sayfa\",\"item\":\"https:\/\/birlikdayanisma.com\/v3\/\"},{\"@type\":\"ListItem\",\"position\":2,\"name\":\"Sa\u011fl\u0131k \u00f6rg\u00fctlerinden GSS a\u00e7\u0131klamas\u0131\"}]},{\"@type\":\"WebSite\",\"@id\":\"https:\/\/birlikdayanisma.com\/v3\/#website\",\"url\":\"https:\/\/birlikdayanisma.com\/v3\/\",\"name\":\"Birlik Dayan\u0131\u015fma Hareketi\",\"description\":\"\",\"publisher\":{\"@id\":\"https:\/\/birlikdayanisma.com\/v3\/#organization\"},\"potentialAction\":[{\"@type\":\"SearchAction\",\"target\":{\"@type\":\"EntryPoint\",\"urlTemplate\":\"https:\/\/birlikdayanisma.com\/v3\/?s={search_term_string}\"},\"query-input\":{\"@type\":\"PropertyValueSpecification\",\"valueRequired\":true,\"valueName\":\"search_term_string\"}}],\"inLanguage\":\"tr\"},{\"@type\":\"Organization\",\"@id\":\"https:\/\/birlikdayanisma.com\/v3\/#organization\",\"name\":\"Birlik Dayan\u0131\u015fma Hareketi\",\"url\":\"https:\/\/birlikdayanisma.com\/v3\/\",\"logo\":{\"@type\":\"ImageObject\",\"inLanguage\":\"tr\",\"@id\":\"https:\/\/birlikdayanisma.com\/v3\/#\/schema\/logo\/image\/\",\"url\":\"https:\/\/birlikdayanisma.com\/v3\/wp-content\/uploads\/bdh_logo_2016.png\",\"contentUrl\":\"https:\/\/birlikdayanisma.com\/v3\/wp-content\/uploads\/bdh_logo_2016.png\",\"width\":468,\"height\":60,\"caption\":\"Birlik Dayan\u0131\u015fma Hareketi\"},\"image\":{\"@id\":\"https:\/\/birlikdayanisma.com\/v3\/#\/schema\/logo\/image\/\"}},{\"@type\":\"Person\",\"@id\":\"https:\/\/birlikdayanisma.com\/v3\/#\/schema\/person\/2fd4a0bf332f1634d637e73cafde5aff\",\"name\":\"root\",\"image\":{\"@type\":\"ImageObject\",\"inLanguage\":\"tr\",\"@id\":\"https:\/\/birlikdayanisma.com\/v3\/#\/schema\/person\/image\/\",\"url\":\"https:\/\/secure.gravatar.com\/avatar\/d112a0f70b7f65f990d41bcb2260b0d5?s=96&d=mm&r=g\",\"contentUrl\":\"https:\/\/secure.gravatar.com\/avatar\/d112a0f70b7f65f990d41bcb2260b0d5?s=96&d=mm&r=g\",\"caption\":\"root\"},\"url\":\"https:\/\/birlikdayanisma.com\/v3\/author\/root\/\"}]}<\/script>\n<!-- \/ Yoast SEO plugin. -->","yoast_head_json":{"title":"Sa\u011fl\u0131k \u00f6rg\u00fctlerinden GSS a\u00e7\u0131klamas\u0131 &#8211; Birlik Dayan\u0131\u015fma Hareketi","description":"Sa\u011fl\u0131kta D\u00f6n\u00fc\u015f\u00fcm Program\u0131 kapsam\u0131nda uygulanmaya ba\u015flanan Genel Sa\u011fl\u0131k Sigortas\u0131 (GSS) 1 Ekim 2009 itibar\u0131yla birinci y\u0131l\u0131n\u0131 t\u00fcketti. Vatanda\u015f ve sa\u011fl\u0131k","robots":{"index":"index","follow":"follow","max-snippet":"max-snippet:-1","max-image-preview":"max-image-preview:large","max-video-preview":"max-video-preview:-1"},"canonical":"https:\/\/birlikdayanisma.com\/v3\/2009\/09\/saglik-orgutlerinden-gss-aciklamasi\/","og_locale":"tr_TR","og_type":"article","og_title":"Sa\u011fl\u0131k \u00f6rg\u00fctlerinden GSS a\u00e7\u0131klamas\u0131 &#8211; Birlik Dayan\u0131\u015fma Hareketi","og_description":"Sa\u011fl\u0131kta D\u00f6n\u00fc\u015f\u00fcm Program\u0131 kapsam\u0131nda uygulanmaya ba\u015flanan Genel Sa\u011fl\u0131k Sigortas\u0131 (GSS) 1 Ekim 2009 itibar\u0131yla birinci y\u0131l\u0131n\u0131 t\u00fcketti. Vatanda\u015f ve sa\u011fl\u0131k","og_url":"https:\/\/birlikdayanisma.com\/v3\/2009\/09\/saglik-orgutlerinden-gss-aciklamasi\/","og_site_name":"Birlik Dayan\u0131\u015fma Hareketi","article_published_time":"2009-09-30T12:09:38+00:00","author":"root","twitter_card":"summary_large_image","twitter_misc":{"Yazan:":"root","Tahmini okuma s\u00fcresi":"3 dakika"},"schema":{"@context":"https:\/\/schema.org","@graph":[{"@type":"Article","@id":"https:\/\/birlikdayanisma.com\/v3\/2009\/09\/saglik-orgutlerinden-gss-aciklamasi\/#article","isPartOf":{"@id":"https:\/\/birlikdayanisma.com\/v3\/2009\/09\/saglik-orgutlerinden-gss-aciklamasi\/"},"author":{"name":"root","@id":"https:\/\/birlikdayanisma.com\/v3\/#\/schema\/person\/2fd4a0bf332f1634d637e73cafde5aff"},"headline":"Sa\u011fl\u0131k \u00f6rg\u00fctlerinden GSS a\u00e7\u0131klamas\u0131","datePublished":"2009-09-30T12:09:38+00:00","mainEntityOfPage":{"@id":"https:\/\/birlikdayanisma.com\/v3\/2009\/09\/saglik-orgutlerinden-gss-aciklamasi\/"},"wordCount":633,"publisher":{"@id":"https:\/\/birlikdayanisma.com\/v3\/#organization"},"keywords":["SSGSS"],"articleSection":["T\u00fcrkiyeden"],"inLanguage":"tr"},{"@type":"WebPage","@id":"https:\/\/birlikdayanisma.com\/v3\/2009\/09\/saglik-orgutlerinden-gss-aciklamasi\/","url":"https:\/\/birlikdayanisma.com\/v3\/2009\/09\/saglik-orgutlerinden-gss-aciklamasi\/","name":"Sa\u011fl\u0131k \u00f6rg\u00fctlerinden GSS a\u00e7\u0131klamas\u0131 &#8211; Birlik Dayan\u0131\u015fma Hareketi","isPartOf":{"@id":"https:\/\/birlikdayanisma.com\/v3\/#website"},"datePublished":"2009-09-30T12:09:38+00:00","description":"Sa\u011fl\u0131kta D\u00f6n\u00fc\u015f\u00fcm Program\u0131 kapsam\u0131nda uygulanmaya ba\u015flanan Genel Sa\u011fl\u0131k Sigortas\u0131 (GSS) 1 Ekim 2009 itibar\u0131yla birinci y\u0131l\u0131n\u0131 t\u00fcketti. Vatanda\u015f ve sa\u011fl\u0131k","breadcrumb":{"@id":"https:\/\/birlikdayanisma.com\/v3\/2009\/09\/saglik-orgutlerinden-gss-aciklamasi\/#breadcrumb"},"inLanguage":"tr","potentialAction":[{"@type":"ReadAction","target":["https:\/\/birlikdayanisma.com\/v3\/2009\/09\/saglik-orgutlerinden-gss-aciklamasi\/"]}]},{"@type":"BreadcrumbList","@id":"https:\/\/birlikdayanisma.com\/v3\/2009\/09\/saglik-orgutlerinden-gss-aciklamasi\/#breadcrumb","itemListElement":[{"@type":"ListItem","position":1,"name":"Ana sayfa","item":"https:\/\/birlikdayanisma.com\/v3\/"},{"@type":"ListItem","position":2,"name":"Sa\u011fl\u0131k \u00f6rg\u00fctlerinden GSS a\u00e7\u0131klamas\u0131"}]},{"@type":"WebSite","@id":"https:\/\/birlikdayanisma.com\/v3\/#website","url":"https:\/\/birlikdayanisma.com\/v3\/","name":"Birlik Dayan\u0131\u015fma Hareketi","description":"","publisher":{"@id":"https:\/\/birlikdayanisma.com\/v3\/#organization"},"potentialAction":[{"@type":"SearchAction","target":{"@type":"EntryPoint","urlTemplate":"https:\/\/birlikdayanisma.com\/v3\/?s={search_term_string}"},"query-input":{"@type":"PropertyValueSpecification","valueRequired":true,"valueName":"search_term_string"}}],"inLanguage":"tr"},{"@type":"Organization","@id":"https:\/\/birlikdayanisma.com\/v3\/#organization","name":"Birlik Dayan\u0131\u015fma Hareketi","url":"https:\/\/birlikdayanisma.com\/v3\/","logo":{"@type":"ImageObject","inLanguage":"tr","@id":"https:\/\/birlikdayanisma.com\/v3\/#\/schema\/logo\/image\/","url":"https:\/\/birlikdayanisma.com\/v3\/wp-content\/uploads\/bdh_logo_2016.png","contentUrl":"https:\/\/birlikdayanisma.com\/v3\/wp-content\/uploads\/bdh_logo_2016.png","width":468,"height":60,"caption":"Birlik Dayan\u0131\u015fma Hareketi"},"image":{"@id":"https:\/\/birlikdayanisma.com\/v3\/#\/schema\/logo\/image\/"}},{"@type":"Person","@id":"https:\/\/birlikdayanisma.com\/v3\/#\/schema\/person\/2fd4a0bf332f1634d637e73cafde5aff","name":"root","image":{"@type":"ImageObject","inLanguage":"tr","@id":"https:\/\/birlikdayanisma.com\/v3\/#\/schema\/person\/image\/","url":"https:\/\/secure.gravatar.com\/avatar\/d112a0f70b7f65f990d41bcb2260b0d5?s=96&d=mm&r=g","contentUrl":"https:\/\/secure.gravatar.com\/avatar\/d112a0f70b7f65f990d41bcb2260b0d5?s=96&d=mm&r=g","caption":"root"},"url":"https:\/\/birlikdayanisma.com\/v3\/author\/root\/"}]}},"_links":{"self":[{"href":"https:\/\/birlikdayanisma.com\/v3\/wp-json\/wp\/v2\/posts\/1529","targetHints":{"allow":["GET"]}}],"collection":[{"href":"https:\/\/birlikdayanisma.com\/v3\/wp-json\/wp\/v2\/posts"}],"about":[{"href":"https:\/\/birlikdayanisma.com\/v3\/wp-json\/wp\/v2\/types\/post"}],"author":[{"embeddable":true,"href":"https:\/\/birlikdayanisma.com\/v3\/wp-json\/wp\/v2\/users\/4"}],"replies":[{"embeddable":true,"href":"https:\/\/birlikdayanisma.com\/v3\/wp-json\/wp\/v2\/comments?post=1529"}],"version-history":[{"count":0,"href":"https:\/\/birlikdayanisma.com\/v3\/wp-json\/wp\/v2\/posts\/1529\/revisions"}],"wp:attachment":[{"href":"https:\/\/birlikdayanisma.com\/v3\/wp-json\/wp\/v2\/media?parent=1529"}],"wp:term":[{"taxonomy":"category","embeddable":true,"href":"https:\/\/birlikdayanisma.com\/v3\/wp-json\/wp\/v2\/categories?post=1529"},{"taxonomy":"post_tag","embeddable":true,"href":"https:\/\/birlikdayanisma.com\/v3\/wp-json\/wp\/v2\/tags?post=1529"}],"curies":[{"name":"wp","href":"https:\/\/api.w.org\/{rel}","templated":true}]}}