{"id":1539,"date":"2009-10-01T21:05:03","date_gmt":"2009-10-01T18:05:03","guid":{"rendered":"http:\/\/birlikdayanisma.com\/v3\/?p=1539"},"modified":"2009-10-01T21:05:03","modified_gmt":"2009-10-01T18:05:03","slug":"gssnin-birinci-yili-masal-bitti","status":"publish","type":"post","link":"https:\/\/birlikdayanisma.com\/v3\/2009\/10\/gssnin-birinci-yili-masal-bitti\/","title":{"rendered":"GSS&#8217;nin birinci y\u0131l\u0131: Masal bitti!"},"content":{"rendered":"<p><!-- \t\t@page { margin: 2cm } \t\tP { margin-bottom: 0.21cm } --><\/p>\n<p style=\"text-align: left;\">Genel Sa\u011fl\u0131k Sigortas\u0131&#8217;n\u0131n 1. y\u0131l\u0131nda ba\u015fta sa\u011fl\u0131k kitle \u00f6rg\u00fctleri olmak \u00fczere t\u00fcm demokratik kitle \u00f6rg\u00fctleri eylemdeydi. Bir\u00e7ok kentte yap\u0131lan protetolara binlerce emek\u00e7i kat\u0131ld\u0131. D\u0130SK, KESK, TMMOB ve TTB&#8217;de GSS i\u00e7in ortak bir bas\u0131n a\u00e7\u0131klamas\u0131 yay\u0131nlad\u0131lar.<!--more--><\/p>\n<p align=\"CENTER\"><strong>Genel $a\u011fl\u0131k(s\u0131zl\u0131k) $igortas\u0131\u2019n\u0131n Birinci Y\u0131l\u0131 <\/strong><\/p>\n<p align=\"CENTER\"><strong>AKP, IMF, D\u00dcNYA BANKASI SA\u011eLI\u011eA ZARARLIDIR<\/strong><\/p>\n<p>Genel Sa\u011fl\u0131k Sigortas\u0131 (G$$) bundan bir y\u0131l \u00f6nce, 1 Ekim 2008\u2019de y\u00fcr\u00fcrl\u00fc\u011fe girmi\u015fti. Sendikalar ve meslek \u00f6rg\u00fctleri olarak G$$\u2019nin yol a\u00e7aca\u011f\u0131 sak\u0131ncalara dikkat \u00e7ekmi\u015f ve \u015fiddetle kar\u015f\u0131 \u00e7\u0131km\u0131\u015ft\u0131k. Peki aradan ge\u00e7en bir y\u0131l i\u00e7inde neler oldu?<\/p>\n<p>\u00b7\u00a0\u00a0\u00a0\u00a0\u00a0 Muayene \u00fccretleri devlet hastanelerinde 8, \u00f6zel hastanelerde 15 TL\u2019ye \u00e7\u0131kar\u0131ld\u0131. Daha \u00f6nce paras\u0131z olan sa\u011fl\u0131k ocaklar\u0131 da paral\u0131 hale getirildi.<\/p>\n<p>\u00b7\u00a0\u00a0\u00a0\u00a0\u00a0 \u0130laca ula\u015fmak zorla\u015ft\u0131r\u0131ld\u0131; ila\u00e7ta vatanda\u015f\u0131n \u00f6dedi\u011fi pay artt\u0131r\u0131ld\u0131. D\u00fc\u015f\u00fck \u00fccretli emeklilerin ve s\u00fcrekli ila\u00e7 kullanan sigortal\u0131lar\u0131n katk\u0131 paylar\u0131, \u00fccret ve maa\u015flar\u0131n sat\u0131n alma g\u00fcc\u00fcn\u00fc \u00f6nemli \u00f6l\u00e7\u00fcde geriletti.<\/p>\n<p>\u00b7\u00a0\u00a0\u00a0\u00a0\u00a0 Milyonlarca vatanda\u015f h\u00e2l\u00e2 sa\u011fl\u0131k g\u00fcvencesinden mahrum. Dahas\u0131, kriz gerek\u00e7esiyle i\u015finden at\u0131lan y\u00fcz binlerce emek\u00e7i ve aileleri de sa\u011fl\u0131k g\u00fcvencelerini yitirdiler. 72 milyonluk T\u00fcrkiye\u2019de sosyal g\u00fcvenceden kesin olarak mahrum\u00a0 14 milyon insan bulunuyor.<\/p>\n<p>\u00b7\u00a0\u00a0\u00a0\u00a0\u00a0 \u00d6zel hastanelere giden hastalar \u201cilave \u00fccret\u201d ad\u0131 alt\u0131nda paralar \u00f6demeye zorland\u0131. \u00dcstelik \u015fimdilik g\u00fcya % 30 olan bu \u201cb\u0131\u00e7ak paras\u0131\u201d yak\u0131nda % 70\u2019e \u00e7\u0131kar\u0131lacak. H\u00fck\u00fcmet ve \u00d6zel hastane patronlar\u0131 ise hastalara ilave maliyet \u00e7\u0131karmak i\u00e7in b\u00fcy\u00fck \u00e7aba harc\u0131yorlar.<\/p>\n<p>\u00b7\u00a0\u00a0\u00a0\u00a0\u00a0 Muayene olurken, ila\u00e7 al\u0131rken \u00f6dedi\u011fimiz yetmedi; bundan sonra hastaneye yatt\u0131\u011f\u0131m\u0131zda, ameliyat oldu\u011fumuzda da kat\u0131l\u0131m pay\u0131 \u00f6deyece\u011fiz.<\/p>\n<p>\u00b7\u00a0\u00a0\u00a0\u00a0\u00a0 En \u00e7ok propagandas\u0131 yap\u0131lan \u201cb\u00fct\u00fcn \u00e7ocuklar ko\u015fulsuz olarak GSS\u2019li olacak\u201d vaadi daha \u015fimdiden bo\u015f \u00e7\u0131kt\u0131.<\/p>\n<p>\u00b7\u00a0\u00a0\u00a0\u00a0\u00a0 Se\u00e7im d\u00f6neminde sa\u011fl\u0131ktaki \u201cba\u015far\u0131lar\u0131\u201d ile \u00f6v\u00fcn\u00fcp oy avc\u0131l\u0131\u011f\u0131 yapanlar \u015fimdi a\u011f\u0131z de\u011fi\u015ftirdiler. Sa\u011fl\u0131k harcamalar\u0131n\u0131n artmas\u0131n\u0131 gerek\u00e7e g\u00f6sterip 3 milyar TL k\u0131s\u0131nt\u0131ya gidiyorlar. Yani daha az sa\u011fl\u0131k hizmeti alacak ve daha \u00e7ok kat\u0131l\u0131m pay\u0131 \u00f6deyece\u011fiz. Ama \u00f6zel hastanelere aktar\u0131lan kaynaklarda bir azalma olmayacak.<\/p>\n<p>\u00b7\u00a0\u00a0\u00a0\u00a0\u00a0 Emekli olabilmek bir ayr\u0131cal\u0131k haline geldi ve emekli maa\u015flar\u0131 geriledi. Son bir y\u0131lda\u00a0 yakla\u015f\u0131k 250 bin ki\u015fi sigorta primi\u00a0 \u00f6denemedi\u011fi i\u00e7in sistemden \u00e7\u0131kmak zorunda kald\u0131.<\/p>\n<p>K\u0131sacas\u0131; GSS\u2019nin sa\u011fl\u0131kta ya\u015fanan sorunlar\u0131 \u00e7\u00f6zemeyece\u011fi, tam tersine sa\u011fl\u0131\u011f\u0131 her ge\u00e7en g\u00fcn daha fazla paral\u0131 hale getirece\u011fi ve sa\u011fl\u0131\u011fa ula\u015fmay\u0131 daha da zorla\u015ft\u0131raca\u011f\u0131 daha ilk y\u0131ldan belli oldu.<\/p>\n<p>Peki AKP H\u00fck\u00fcmeti GSS\u2019yi \u00e7\u0131karmak i\u00e7in neden bu kadar \u00e7ok \u0131srar etmi\u015fti? \u00c7\u00fcnk\u00fc uluslararas\u0131 sermayenin soygun \u00f6rg\u00fctleri, IMF ve D\u00fcnya Bankas\u0131 b\u00f6yle istemi\u015fti. Sermaye b\u00fct\u00e7eden sosyal harcamalara kaynak aktar\u0131lmas\u0131n\u0131 istemiyordu. Ama\u00e7lar\u0131 sa\u011fl\u0131\u011f\u0131 piyasala\u015ft\u0131rmak, \u00f6zelle\u015ftirmek ve kendileri i\u00e7in bir k\u00e2r alan\u0131na d\u00f6n\u00fc\u015ft\u00fcrmekti.<\/p>\n<p>Onlar emretmi\u015fti; b\u00fct\u00fcn siyasi gelece\u011fini k\u00fcresel kapitalist merkezle olan ili\u015fkilerine ba\u011flayan AKP de Millet Meclisi\u2019nden ge\u00e7irmi\u015fti G$$\u2019yi.<\/p>\n<p>G$$\u2019nin birinci y\u0131l\u0131n\u0131 doldurdu\u011fumuz bug\u00fcnlerde sa\u011fl\u0131\u011f\u0131m\u0131z\u0131, sosyal g\u00fcvenli\u011fimizi, gelece\u011fimizi \u00e7alan kapitalist efendiler \u00fclkemize geliyorlar. Bu \u00fclkenin halk\u0131na kar\u015f\u0131 polis barikatlar\u0131yla korunduklar\u0131 vadide bizleri daha da yoksul, daha da sa\u011fl\u0131ks\u0131z, daha da g\u00fcvencesiz, daha da \u00e7aresiz b\u0131rakmak i\u00e7in yeni planlar, programlar yapacaklar.<\/p>\n<p>Bizler; bu \u00fclkenin hekimleri, mimarlar\u0131 m\u00fchendisleri, i\u015f\u00e7ileri, kamu emek\u00e7ileri, yoksullar\u0131; neo-liberal soygun politikalar\u0131n\u0131n tekmil ma\u011fdurlar\u0131 ve mazlumlar\u0131; IMF ve D\u00fcnya Bankas\u0131\u2019n\u0131 da, temsil ettikleri uluslararas\u0131 s\u00f6m\u00fcr\u00fc-soygun d\u00fczenini de, onun emrindeki siyaset\u00e7ileri de istemedi\u011fimizi y\u0131llard\u0131r s\u00f6yledik, s\u00f6yl\u00fcyoruz.<\/p>\n<p>Bug\u00fcn de y\u00fczlerine kar\u015f\u0131 hep birlikte bir kez daha hayk\u0131r\u0131yoruz:<\/p>\n<p><strong>AKP, IMF, D\u00dcNYA BANKASI SA\u011eLI\u011eA ZARARLIDIR!<\/strong><\/p>\n<p><strong>BA\u015eKA B\u0130R SA\u011eLIK\u00a0 S\u0130STEM\u0130, BA\u015eKA B\u0130R D\u00dcNYA M\u00dcMK\u00dcND\u00dcR!<\/strong><\/p>\n<p align=\"RIGHT\">\n<p align=\"LEFT\"><strong>D\u0130SK- KESK-TMMOB-TTB<\/strong><\/p>\n","protected":false},"excerpt":{"rendered":"<p>Genel Sa\u011fl\u0131k Sigortas\u0131&#8217;n\u0131n 1. y\u0131l\u0131nda ba\u015fta sa\u011fl\u0131k kitle \u00f6rg\u00fctleri olmak \u00fczere t\u00fcm demokratik kitle \u00f6rg\u00fctleri eylemdeydi. Bir\u00e7ok kentte yap\u0131lan protetolara binlerce emek\u00e7i kat\u0131ld\u0131. D\u0130SK, KESK, TMMOB ve TTB&#8217;de GSS i\u00e7in ortak bir bas\u0131n a\u00e7\u0131klamas\u0131 yay\u0131nlad\u0131lar.<\/p>\n","protected":false},"author":4,"featured_media":0,"comment_status":"closed","ping_status":"open","sticky":false,"template":"","format":"standard","meta":{"_et_pb_use_builder":"","_et_pb_old_content":"","_et_gb_content_width":"","footnotes":""},"categories":[103],"tags":[48],"class_list":["post-1539","post","type-post","status-publish","format-standard","hentry","category-turkiyeden","tag-ssgss","et-doesnt-have-format-content","et_post_format-et-post-format-standard"],"yoast_head":"<!-- This site is optimized with the Yoast SEO plugin v26.8 - https:\/\/yoast.com\/product\/yoast-seo-wordpress\/ -->\n<title>GSS&#039;nin birinci y\u0131l\u0131: Masal bitti! &#8211; Birlik Dayan\u0131\u015fma Hareketi<\/title>\n<meta name=\"description\" content=\"Genel Sa\u011fl\u0131k Sigortas\u0131&#039;n\u0131n 1. y\u0131l\u0131nda ba\u015fta sa\u011fl\u0131k kitle \u00f6rg\u00fctleri olmak \u00fczere t\u00fcm demokratik kitle \u00f6rg\u00fctleri eylemdeydi. Bir\u00e7ok kentte yap\u0131lan\" \/>\n<meta name=\"robots\" content=\"index, follow, max-snippet:-1, max-image-preview:large, max-video-preview:-1\" \/>\n<link rel=\"canonical\" href=\"https:\/\/birlikdayanisma.com\/v3\/2009\/10\/gssnin-birinci-yili-masal-bitti\/\" \/>\n<meta property=\"og:locale\" content=\"tr_TR\" \/>\n<meta property=\"og:type\" content=\"article\" \/>\n<meta property=\"og:title\" content=\"GSS&#039;nin birinci y\u0131l\u0131: Masal bitti!  &#8211; Birlik Dayan\u0131\u015fma Hareketi\" \/>\n<meta property=\"og:description\" content=\"Genel Sa\u011fl\u0131k Sigortas\u0131&#039;n\u0131n 1. y\u0131l\u0131nda ba\u015fta sa\u011fl\u0131k kitle \u00f6rg\u00fctleri olmak \u00fczere t\u00fcm demokratik kitle \u00f6rg\u00fctleri eylemdeydi. Bir\u00e7ok kentte yap\u0131lan\" \/>\n<meta property=\"og:url\" content=\"https:\/\/birlikdayanisma.com\/v3\/2009\/10\/gssnin-birinci-yili-masal-bitti\/\" \/>\n<meta property=\"og:site_name\" content=\"Birlik Dayan\u0131\u015fma Hareketi\" \/>\n<meta property=\"article:published_time\" content=\"2009-10-01T18:05:03+00:00\" \/>\n<meta name=\"author\" content=\"root\" \/>\n<meta name=\"twitter:card\" content=\"summary_large_image\" \/>\n<meta name=\"twitter:label1\" content=\"Yazan:\" \/>\n\t<meta name=\"twitter:data1\" content=\"root\" \/>\n\t<meta name=\"twitter:label2\" content=\"Tahmini okuma s\u00fcresi\" \/>\n\t<meta name=\"twitter:data2\" content=\"4 dakika\" \/>\n<script type=\"application\/ld+json\" class=\"yoast-schema-graph\">{\"@context\":\"https:\/\/schema.org\",\"@graph\":[{\"@type\":\"Article\",\"@id\":\"https:\/\/birlikdayanisma.com\/v3\/2009\/10\/gssnin-birinci-yili-masal-bitti\/#article\",\"isPartOf\":{\"@id\":\"https:\/\/birlikdayanisma.com\/v3\/2009\/10\/gssnin-birinci-yili-masal-bitti\/\"},\"author\":{\"name\":\"root\",\"@id\":\"https:\/\/birlikdayanisma.com\/v3\/#\/schema\/person\/2fd4a0bf332f1634d637e73cafde5aff\"},\"headline\":\"GSS&#8217;nin birinci y\u0131l\u0131: Masal bitti!\",\"datePublished\":\"2009-10-01T18:05:03+00:00\",\"mainEntityOfPage\":{\"@id\":\"https:\/\/birlikdayanisma.com\/v3\/2009\/10\/gssnin-birinci-yili-masal-bitti\/\"},\"wordCount\":738,\"publisher\":{\"@id\":\"https:\/\/birlikdayanisma.com\/v3\/#organization\"},\"keywords\":[\"SSGSS\"],\"articleSection\":[\"T\u00fcrkiyeden\"],\"inLanguage\":\"tr\"},{\"@type\":\"WebPage\",\"@id\":\"https:\/\/birlikdayanisma.com\/v3\/2009\/10\/gssnin-birinci-yili-masal-bitti\/\",\"url\":\"https:\/\/birlikdayanisma.com\/v3\/2009\/10\/gssnin-birinci-yili-masal-bitti\/\",\"name\":\"GSS'nin birinci y\u0131l\u0131: Masal bitti! &#8211; Birlik Dayan\u0131\u015fma Hareketi\",\"isPartOf\":{\"@id\":\"https:\/\/birlikdayanisma.com\/v3\/#website\"},\"datePublished\":\"2009-10-01T18:05:03+00:00\",\"description\":\"Genel Sa\u011fl\u0131k Sigortas\u0131'n\u0131n 1. y\u0131l\u0131nda ba\u015fta sa\u011fl\u0131k kitle \u00f6rg\u00fctleri olmak \u00fczere t\u00fcm demokratik kitle \u00f6rg\u00fctleri eylemdeydi. Bir\u00e7ok kentte yap\u0131lan\",\"breadcrumb\":{\"@id\":\"https:\/\/birlikdayanisma.com\/v3\/2009\/10\/gssnin-birinci-yili-masal-bitti\/#breadcrumb\"},\"inLanguage\":\"tr\",\"potentialAction\":[{\"@type\":\"ReadAction\",\"target\":[\"https:\/\/birlikdayanisma.com\/v3\/2009\/10\/gssnin-birinci-yili-masal-bitti\/\"]}]},{\"@type\":\"BreadcrumbList\",\"@id\":\"https:\/\/birlikdayanisma.com\/v3\/2009\/10\/gssnin-birinci-yili-masal-bitti\/#breadcrumb\",\"itemListElement\":[{\"@type\":\"ListItem\",\"position\":1,\"name\":\"Ana sayfa\",\"item\":\"https:\/\/birlikdayanisma.com\/v3\/\"},{\"@type\":\"ListItem\",\"position\":2,\"name\":\"GSS&#8217;nin birinci y\u0131l\u0131: Masal bitti!\"}]},{\"@type\":\"WebSite\",\"@id\":\"https:\/\/birlikdayanisma.com\/v3\/#website\",\"url\":\"https:\/\/birlikdayanisma.com\/v3\/\",\"name\":\"Birlik Dayan\u0131\u015fma Hareketi\",\"description\":\"\",\"publisher\":{\"@id\":\"https:\/\/birlikdayanisma.com\/v3\/#organization\"},\"potentialAction\":[{\"@type\":\"SearchAction\",\"target\":{\"@type\":\"EntryPoint\",\"urlTemplate\":\"https:\/\/birlikdayanisma.com\/v3\/?s={search_term_string}\"},\"query-input\":{\"@type\":\"PropertyValueSpecification\",\"valueRequired\":true,\"valueName\":\"search_term_string\"}}],\"inLanguage\":\"tr\"},{\"@type\":\"Organization\",\"@id\":\"https:\/\/birlikdayanisma.com\/v3\/#organization\",\"name\":\"Birlik Dayan\u0131\u015fma Hareketi\",\"url\":\"https:\/\/birlikdayanisma.com\/v3\/\",\"logo\":{\"@type\":\"ImageObject\",\"inLanguage\":\"tr\",\"@id\":\"https:\/\/birlikdayanisma.com\/v3\/#\/schema\/logo\/image\/\",\"url\":\"https:\/\/birlikdayanisma.com\/v3\/wp-content\/uploads\/bdh_logo_2016.png\",\"contentUrl\":\"https:\/\/birlikdayanisma.com\/v3\/wp-content\/uploads\/bdh_logo_2016.png\",\"width\":468,\"height\":60,\"caption\":\"Birlik Dayan\u0131\u015fma Hareketi\"},\"image\":{\"@id\":\"https:\/\/birlikdayanisma.com\/v3\/#\/schema\/logo\/image\/\"}},{\"@type\":\"Person\",\"@id\":\"https:\/\/birlikdayanisma.com\/v3\/#\/schema\/person\/2fd4a0bf332f1634d637e73cafde5aff\",\"name\":\"root\",\"image\":{\"@type\":\"ImageObject\",\"inLanguage\":\"tr\",\"@id\":\"https:\/\/birlikdayanisma.com\/v3\/#\/schema\/person\/image\/\",\"url\":\"https:\/\/secure.gravatar.com\/avatar\/d112a0f70b7f65f990d41bcb2260b0d5?s=96&d=mm&r=g\",\"contentUrl\":\"https:\/\/secure.gravatar.com\/avatar\/d112a0f70b7f65f990d41bcb2260b0d5?s=96&d=mm&r=g\",\"caption\":\"root\"},\"url\":\"https:\/\/birlikdayanisma.com\/v3\/author\/root\/\"}]}<\/script>\n<!-- \/ Yoast SEO plugin. -->","yoast_head_json":{"title":"GSS'nin birinci y\u0131l\u0131: Masal bitti! &#8211; Birlik Dayan\u0131\u015fma Hareketi","description":"Genel Sa\u011fl\u0131k Sigortas\u0131'n\u0131n 1. y\u0131l\u0131nda ba\u015fta sa\u011fl\u0131k kitle \u00f6rg\u00fctleri olmak \u00fczere t\u00fcm demokratik kitle \u00f6rg\u00fctleri eylemdeydi. Bir\u00e7ok kentte yap\u0131lan","robots":{"index":"index","follow":"follow","max-snippet":"max-snippet:-1","max-image-preview":"max-image-preview:large","max-video-preview":"max-video-preview:-1"},"canonical":"https:\/\/birlikdayanisma.com\/v3\/2009\/10\/gssnin-birinci-yili-masal-bitti\/","og_locale":"tr_TR","og_type":"article","og_title":"GSS'nin birinci y\u0131l\u0131: Masal bitti!  &#8211; Birlik Dayan\u0131\u015fma Hareketi","og_description":"Genel Sa\u011fl\u0131k Sigortas\u0131'n\u0131n 1. y\u0131l\u0131nda ba\u015fta sa\u011fl\u0131k kitle \u00f6rg\u00fctleri olmak \u00fczere t\u00fcm demokratik kitle \u00f6rg\u00fctleri eylemdeydi. Bir\u00e7ok kentte yap\u0131lan","og_url":"https:\/\/birlikdayanisma.com\/v3\/2009\/10\/gssnin-birinci-yili-masal-bitti\/","og_site_name":"Birlik Dayan\u0131\u015fma Hareketi","article_published_time":"2009-10-01T18:05:03+00:00","author":"root","twitter_card":"summary_large_image","twitter_misc":{"Yazan:":"root","Tahmini okuma s\u00fcresi":"4 dakika"},"schema":{"@context":"https:\/\/schema.org","@graph":[{"@type":"Article","@id":"https:\/\/birlikdayanisma.com\/v3\/2009\/10\/gssnin-birinci-yili-masal-bitti\/#article","isPartOf":{"@id":"https:\/\/birlikdayanisma.com\/v3\/2009\/10\/gssnin-birinci-yili-masal-bitti\/"},"author":{"name":"root","@id":"https:\/\/birlikdayanisma.com\/v3\/#\/schema\/person\/2fd4a0bf332f1634d637e73cafde5aff"},"headline":"GSS&#8217;nin birinci y\u0131l\u0131: Masal bitti!","datePublished":"2009-10-01T18:05:03+00:00","mainEntityOfPage":{"@id":"https:\/\/birlikdayanisma.com\/v3\/2009\/10\/gssnin-birinci-yili-masal-bitti\/"},"wordCount":738,"publisher":{"@id":"https:\/\/birlikdayanisma.com\/v3\/#organization"},"keywords":["SSGSS"],"articleSection":["T\u00fcrkiyeden"],"inLanguage":"tr"},{"@type":"WebPage","@id":"https:\/\/birlikdayanisma.com\/v3\/2009\/10\/gssnin-birinci-yili-masal-bitti\/","url":"https:\/\/birlikdayanisma.com\/v3\/2009\/10\/gssnin-birinci-yili-masal-bitti\/","name":"GSS'nin birinci y\u0131l\u0131: Masal bitti! &#8211; Birlik Dayan\u0131\u015fma Hareketi","isPartOf":{"@id":"https:\/\/birlikdayanisma.com\/v3\/#website"},"datePublished":"2009-10-01T18:05:03+00:00","description":"Genel Sa\u011fl\u0131k Sigortas\u0131'n\u0131n 1. y\u0131l\u0131nda ba\u015fta sa\u011fl\u0131k kitle \u00f6rg\u00fctleri olmak \u00fczere t\u00fcm demokratik kitle \u00f6rg\u00fctleri eylemdeydi. Bir\u00e7ok kentte yap\u0131lan","breadcrumb":{"@id":"https:\/\/birlikdayanisma.com\/v3\/2009\/10\/gssnin-birinci-yili-masal-bitti\/#breadcrumb"},"inLanguage":"tr","potentialAction":[{"@type":"ReadAction","target":["https:\/\/birlikdayanisma.com\/v3\/2009\/10\/gssnin-birinci-yili-masal-bitti\/"]}]},{"@type":"BreadcrumbList","@id":"https:\/\/birlikdayanisma.com\/v3\/2009\/10\/gssnin-birinci-yili-masal-bitti\/#breadcrumb","itemListElement":[{"@type":"ListItem","position":1,"name":"Ana sayfa","item":"https:\/\/birlikdayanisma.com\/v3\/"},{"@type":"ListItem","position":2,"name":"GSS&#8217;nin birinci y\u0131l\u0131: Masal bitti!"}]},{"@type":"WebSite","@id":"https:\/\/birlikdayanisma.com\/v3\/#website","url":"https:\/\/birlikdayanisma.com\/v3\/","name":"Birlik Dayan\u0131\u015fma Hareketi","description":"","publisher":{"@id":"https:\/\/birlikdayanisma.com\/v3\/#organization"},"potentialAction":[{"@type":"SearchAction","target":{"@type":"EntryPoint","urlTemplate":"https:\/\/birlikdayanisma.com\/v3\/?s={search_term_string}"},"query-input":{"@type":"PropertyValueSpecification","valueRequired":true,"valueName":"search_term_string"}}],"inLanguage":"tr"},{"@type":"Organization","@id":"https:\/\/birlikdayanisma.com\/v3\/#organization","name":"Birlik Dayan\u0131\u015fma Hareketi","url":"https:\/\/birlikdayanisma.com\/v3\/","logo":{"@type":"ImageObject","inLanguage":"tr","@id":"https:\/\/birlikdayanisma.com\/v3\/#\/schema\/logo\/image\/","url":"https:\/\/birlikdayanisma.com\/v3\/wp-content\/uploads\/bdh_logo_2016.png","contentUrl":"https:\/\/birlikdayanisma.com\/v3\/wp-content\/uploads\/bdh_logo_2016.png","width":468,"height":60,"caption":"Birlik Dayan\u0131\u015fma Hareketi"},"image":{"@id":"https:\/\/birlikdayanisma.com\/v3\/#\/schema\/logo\/image\/"}},{"@type":"Person","@id":"https:\/\/birlikdayanisma.com\/v3\/#\/schema\/person\/2fd4a0bf332f1634d637e73cafde5aff","name":"root","image":{"@type":"ImageObject","inLanguage":"tr","@id":"https:\/\/birlikdayanisma.com\/v3\/#\/schema\/person\/image\/","url":"https:\/\/secure.gravatar.com\/avatar\/d112a0f70b7f65f990d41bcb2260b0d5?s=96&d=mm&r=g","contentUrl":"https:\/\/secure.gravatar.com\/avatar\/d112a0f70b7f65f990d41bcb2260b0d5?s=96&d=mm&r=g","caption":"root"},"url":"https:\/\/birlikdayanisma.com\/v3\/author\/root\/"}]}},"_links":{"self":[{"href":"https:\/\/birlikdayanisma.com\/v3\/wp-json\/wp\/v2\/posts\/1539","targetHints":{"allow":["GET"]}}],"collection":[{"href":"https:\/\/birlikdayanisma.com\/v3\/wp-json\/wp\/v2\/posts"}],"about":[{"href":"https:\/\/birlikdayanisma.com\/v3\/wp-json\/wp\/v2\/types\/post"}],"author":[{"embeddable":true,"href":"https:\/\/birlikdayanisma.com\/v3\/wp-json\/wp\/v2\/users\/4"}],"replies":[{"embeddable":true,"href":"https:\/\/birlikdayanisma.com\/v3\/wp-json\/wp\/v2\/comments?post=1539"}],"version-history":[{"count":0,"href":"https:\/\/birlikdayanisma.com\/v3\/wp-json\/wp\/v2\/posts\/1539\/revisions"}],"wp:attachment":[{"href":"https:\/\/birlikdayanisma.com\/v3\/wp-json\/wp\/v2\/media?parent=1539"}],"wp:term":[{"taxonomy":"category","embeddable":true,"href":"https:\/\/birlikdayanisma.com\/v3\/wp-json\/wp\/v2\/categories?post=1539"},{"taxonomy":"post_tag","embeddable":true,"href":"https:\/\/birlikdayanisma.com\/v3\/wp-json\/wp\/v2\/tags?post=1539"}],"curies":[{"name":"wp","href":"https:\/\/api.w.org\/{rel}","templated":true}]}}