{"id":1619,"date":"2009-10-13T12:51:19","date_gmt":"2009-10-13T09:51:19","guid":{"rendered":"http:\/\/birlikdayanisma.com\/v3\/?p=1619"},"modified":"2009-10-13T12:51:19","modified_gmt":"2009-10-13T09:51:19","slug":"italyada-fasizmin-ayak-sesleri","status":"publish","type":"post","link":"https:\/\/birlikdayanisma.com\/v3\/2009\/10\/italyada-fasizmin-ayak-sesleri\/","title":{"rendered":"\u0130talya&#8217;da fa\u015fizmin ayak sesleri!"},"content":{"rendered":"<p><!-- \t\t@page { margin: 2cm } \t\tP { margin-bottom: 0.21cm } --><\/p>\n<p style=\"margin-bottom: 0cm;\"><a name=\"adsclickad2\"><\/a><a name=\"adsclickad1\"><\/a> \u0130talya&#8217;da \u0131rk\u00e7\u0131-fa\u015fist Kuzey Ligi partisinin \u00f6n ayak oldu\u011fu, \u201cVatanda\u015f devriyeleri\u201d ad\u0131 ile sivil g\u00f6n\u00fcll\u00fclerden olu\u015fan g\u00fcvenlik g\u00fcc\u00fc resmen y\u00fcr\u00fcrl\u00fc\u011fe girdi. <!--more-->Yasala\u015fan g\u00fcvenlik paketi i\u00e7ersinde askeri birliklerinde g\u00fcnl\u00fck ya\u015famda aktif g\u00f6rev almas\u0131 hedefleniyor. &#8220;Vatanda\u015f devriyeleri&#8221; ilk olarak Verona belediyesi taraf\u0131ndan kulland\u0131.<br \/>\n\u0130talya&#8217;n\u0131n \u00e7ok say\u0131da b\u00fcy\u00fck kentinde son zamanlarda \u00fcniformal\u0131 gruplar temizlikten g\u00fcvenli\u011fe toplumsal ya\u015fam\u0131n her alan\u0131nda etkin \u015fekilde boy g\u00f6stermeye ba\u015flad\u0131. &#8220;Vatanda\u015f devriyeleri&#8221;nin faaliyetleri bu yaz yasal stat\u00fc kazand\u0131 ama bu gruplar\u0131n oynad\u0131\u011f\u0131 veya oynayabilece\u011fi rol tart\u0131\u015f\u0131lmaya devam ediliyor. Devriyelerle yap\u0131lan r\u00f6portajlarda \u00f6zellikle g\u00f6\u00e7menler konusundaki \u0131rk\u00e7\u0131 yakla\u015f\u0131mlar\u0131 dikkat \u00e7ekiyor.<\/p>\n<p style=\"margin-bottom: 0cm;\">\u00d6zellikle g\u00fcvenlik alan\u0131nda \u00f6rg\u00fctlenen baz\u0131 gruplar\u0131n &#8220;askeri&#8221; \u00fcniformay\u0131 and\u0131ran giysileri ve fa\u015fizan siyasi e\u011filimlere yak\u0131nl\u0131klar\u0131 Mussolini fa\u015fizmini ya\u015fayan \u0130talya&#8217;da kayg\u0131 yarat\u0131yor.<\/p>\n<p style=\"margin-bottom: 0cm;\"><a name=\"adsclickad\"><\/a>Toplam 200 ki\u015filik devriye grubu olu\u015fturan g\u00f6n\u00fcll\u00fclerin kendi yasal kurallar\u0131, formalar\u0131 var. &#8220;Vatanda\u015f devriyeleri&#8221; ayr\u0131ca kendi bayraklar\u0131 ve mar\u015flar\u0131 olsun istiyor.<\/p>\n<p style=\"margin-bottom: 0cm;\">Bu uygulamalar Mussolini\u2019nin fa\u015fist \u00e7eteleri \u201cKara G\u00f6mlekliler\u201di hat\u0131rlat\u0131yor. \u201cKara G\u00f6mlekliler\u201d \u00f6rg\u00fct\u00fc, 1919 y\u0131l\u0131nda eski askerler taraf\u0131ndan kuruldu. K\u0131sa s\u00fcrede say\u0131lar\u0131 200 bini buldu. Mussolini, onlar\u0131n ba\u015f\u0131nda 1922&#8217;de \u201cRoma&#8217;ya y\u00fcr\u00fcy\u00fc\u015f\u201d\u00fc ger\u00e7ekle\u015ftirerek iktidar\u0131 ele ge\u00e7irdi.<\/p>\n","protected":false},"excerpt":{"rendered":"<p>\u0130talya&#8217;da \u0131rk\u00e7\u0131-fa\u015fist Kuzey Ligi partisinin \u00f6n ayak oldu\u011fu, \u201cVatanda\u015f devriyeleri\u201d ad\u0131 ile sivil g\u00f6n\u00fcll\u00fclerden olu\u015fan g\u00fcvenlik g\u00fcc\u00fc resmen y\u00fcr\u00fcrl\u00fc\u011fe girdi.<\/p>\n","protected":false},"author":4,"featured_media":0,"comment_status":"closed","ping_status":"open","sticky":false,"template":"","format":"standard","meta":{"_et_pb_use_builder":"","_et_pb_old_content":"","_et_gb_content_width":"","footnotes":""},"categories":[102],"tags":[122],"class_list":["post-1619","post","type-post","status-publish","format-standard","hentry","category-dunyadan","tag-fasizm","et-doesnt-have-format-content","et_post_format-et-post-format-standard"],"yoast_head":"<!-- This site is optimized with the Yoast SEO plugin v26.8 - https:\/\/yoast.com\/product\/yoast-seo-wordpress\/ -->\n<title>\u0130talya&#039;da fa\u015fizmin ayak sesleri! &#8211; Birlik Dayan\u0131\u015fma Hareketi<\/title>\n<meta name=\"description\" content=\"\u0130talya&#039;da \u0131rk\u00e7\u0131-fa\u015fist Kuzey Ligi partisinin \u00f6n ayak oldu\u011fu, \u201cVatanda\u015f devriyeleri\u201d ad\u0131 ile sivil g\u00f6n\u00fcll\u00fclerden olu\u015fan g\u00fcvenlik g\u00fcc\u00fc resmen y\u00fcr\u00fcrl\u00fc\u011fe\" \/>\n<meta name=\"robots\" content=\"index, follow, max-snippet:-1, max-image-preview:large, max-video-preview:-1\" \/>\n<link rel=\"canonical\" href=\"https:\/\/birlikdayanisma.com\/v3\/2009\/10\/italyada-fasizmin-ayak-sesleri\/\" \/>\n<meta property=\"og:locale\" content=\"tr_TR\" \/>\n<meta property=\"og:type\" content=\"article\" \/>\n<meta property=\"og:title\" content=\"\u0130talya&#039;da fa\u015fizmin ayak sesleri! &#8211; Birlik Dayan\u0131\u015fma Hareketi\" \/>\n<meta property=\"og:description\" content=\"\u0130talya&#039;da \u0131rk\u00e7\u0131-fa\u015fist Kuzey Ligi partisinin \u00f6n ayak oldu\u011fu, \u201cVatanda\u015f devriyeleri\u201d ad\u0131 ile sivil g\u00f6n\u00fcll\u00fclerden olu\u015fan g\u00fcvenlik g\u00fcc\u00fc resmen y\u00fcr\u00fcrl\u00fc\u011fe\" \/>\n<meta property=\"og:url\" content=\"https:\/\/birlikdayanisma.com\/v3\/2009\/10\/italyada-fasizmin-ayak-sesleri\/\" \/>\n<meta property=\"og:site_name\" content=\"Birlik Dayan\u0131\u015fma Hareketi\" \/>\n<meta property=\"article:published_time\" content=\"2009-10-13T09:51:19+00:00\" \/>\n<meta name=\"author\" content=\"root\" \/>\n<meta name=\"twitter:card\" content=\"summary_large_image\" \/>\n<meta name=\"twitter:label1\" content=\"Yazan:\" \/>\n\t<meta name=\"twitter:data1\" content=\"root\" \/>\n\t<meta name=\"twitter:label2\" content=\"Tahmini okuma s\u00fcresi\" \/>\n\t<meta name=\"twitter:data2\" content=\"1 dakika\" \/>\n<script type=\"application\/ld+json\" class=\"yoast-schema-graph\">{\"@context\":\"https:\/\/schema.org\",\"@graph\":[{\"@type\":\"Article\",\"@id\":\"https:\/\/birlikdayanisma.com\/v3\/2009\/10\/italyada-fasizmin-ayak-sesleri\/#article\",\"isPartOf\":{\"@id\":\"https:\/\/birlikdayanisma.com\/v3\/2009\/10\/italyada-fasizmin-ayak-sesleri\/\"},\"author\":{\"name\":\"root\",\"@id\":\"https:\/\/birlikdayanisma.com\/v3\/#\/schema\/person\/2fd4a0bf332f1634d637e73cafde5aff\"},\"headline\":\"\u0130talya&#8217;da fa\u015fizmin ayak sesleri!\",\"datePublished\":\"2009-10-13T09:51:19+00:00\",\"mainEntityOfPage\":{\"@id\":\"https:\/\/birlikdayanisma.com\/v3\/2009\/10\/italyada-fasizmin-ayak-sesleri\/\"},\"wordCount\":249,\"publisher\":{\"@id\":\"https:\/\/birlikdayanisma.com\/v3\/#organization\"},\"keywords\":[\"fa\u015fizm\"],\"articleSection\":[\"D\u00fcnyadan\"],\"inLanguage\":\"tr\"},{\"@type\":\"WebPage\",\"@id\":\"https:\/\/birlikdayanisma.com\/v3\/2009\/10\/italyada-fasizmin-ayak-sesleri\/\",\"url\":\"https:\/\/birlikdayanisma.com\/v3\/2009\/10\/italyada-fasizmin-ayak-sesleri\/\",\"name\":\"\u0130talya'da fa\u015fizmin ayak sesleri! &#8211; Birlik Dayan\u0131\u015fma Hareketi\",\"isPartOf\":{\"@id\":\"https:\/\/birlikdayanisma.com\/v3\/#website\"},\"datePublished\":\"2009-10-13T09:51:19+00:00\",\"description\":\"\u0130talya'da \u0131rk\u00e7\u0131-fa\u015fist Kuzey Ligi partisinin \u00f6n ayak oldu\u011fu, \u201cVatanda\u015f devriyeleri\u201d ad\u0131 ile sivil g\u00f6n\u00fcll\u00fclerden olu\u015fan g\u00fcvenlik g\u00fcc\u00fc resmen y\u00fcr\u00fcrl\u00fc\u011fe\",\"breadcrumb\":{\"@id\":\"https:\/\/birlikdayanisma.com\/v3\/2009\/10\/italyada-fasizmin-ayak-sesleri\/#breadcrumb\"},\"inLanguage\":\"tr\",\"potentialAction\":[{\"@type\":\"ReadAction\",\"target\":[\"https:\/\/birlikdayanisma.com\/v3\/2009\/10\/italyada-fasizmin-ayak-sesleri\/\"]}]},{\"@type\":\"BreadcrumbList\",\"@id\":\"https:\/\/birlikdayanisma.com\/v3\/2009\/10\/italyada-fasizmin-ayak-sesleri\/#breadcrumb\",\"itemListElement\":[{\"@type\":\"ListItem\",\"position\":1,\"name\":\"Ana sayfa\",\"item\":\"https:\/\/birlikdayanisma.com\/v3\/\"},{\"@type\":\"ListItem\",\"position\":2,\"name\":\"\u0130talya&#8217;da fa\u015fizmin ayak sesleri!\"}]},{\"@type\":\"WebSite\",\"@id\":\"https:\/\/birlikdayanisma.com\/v3\/#website\",\"url\":\"https:\/\/birlikdayanisma.com\/v3\/\",\"name\":\"Birlik Dayan\u0131\u015fma Hareketi\",\"description\":\"\",\"publisher\":{\"@id\":\"https:\/\/birlikdayanisma.com\/v3\/#organization\"},\"potentialAction\":[{\"@type\":\"SearchAction\",\"target\":{\"@type\":\"EntryPoint\",\"urlTemplate\":\"https:\/\/birlikdayanisma.com\/v3\/?s={search_term_string}\"},\"query-input\":{\"@type\":\"PropertyValueSpecification\",\"valueRequired\":true,\"valueName\":\"search_term_string\"}}],\"inLanguage\":\"tr\"},{\"@type\":\"Organization\",\"@id\":\"https:\/\/birlikdayanisma.com\/v3\/#organization\",\"name\":\"Birlik Dayan\u0131\u015fma Hareketi\",\"url\":\"https:\/\/birlikdayanisma.com\/v3\/\",\"logo\":{\"@type\":\"ImageObject\",\"inLanguage\":\"tr\",\"@id\":\"https:\/\/birlikdayanisma.com\/v3\/#\/schema\/logo\/image\/\",\"url\":\"https:\/\/birlikdayanisma.com\/v3\/wp-content\/uploads\/bdh_logo_2016.png\",\"contentUrl\":\"https:\/\/birlikdayanisma.com\/v3\/wp-content\/uploads\/bdh_logo_2016.png\",\"width\":468,\"height\":60,\"caption\":\"Birlik Dayan\u0131\u015fma Hareketi\"},\"image\":{\"@id\":\"https:\/\/birlikdayanisma.com\/v3\/#\/schema\/logo\/image\/\"}},{\"@type\":\"Person\",\"@id\":\"https:\/\/birlikdayanisma.com\/v3\/#\/schema\/person\/2fd4a0bf332f1634d637e73cafde5aff\",\"name\":\"root\",\"image\":{\"@type\":\"ImageObject\",\"inLanguage\":\"tr\",\"@id\":\"https:\/\/birlikdayanisma.com\/v3\/#\/schema\/person\/image\/\",\"url\":\"https:\/\/secure.gravatar.com\/avatar\/d112a0f70b7f65f990d41bcb2260b0d5?s=96&d=mm&r=g\",\"contentUrl\":\"https:\/\/secure.gravatar.com\/avatar\/d112a0f70b7f65f990d41bcb2260b0d5?s=96&d=mm&r=g\",\"caption\":\"root\"},\"url\":\"https:\/\/birlikdayanisma.com\/v3\/author\/root\/\"}]}<\/script>\n<!-- \/ Yoast SEO plugin. -->","yoast_head_json":{"title":"\u0130talya'da fa\u015fizmin ayak sesleri! &#8211; Birlik Dayan\u0131\u015fma Hareketi","description":"\u0130talya'da \u0131rk\u00e7\u0131-fa\u015fist Kuzey Ligi partisinin \u00f6n ayak oldu\u011fu, \u201cVatanda\u015f devriyeleri\u201d ad\u0131 ile sivil g\u00f6n\u00fcll\u00fclerden olu\u015fan g\u00fcvenlik g\u00fcc\u00fc resmen y\u00fcr\u00fcrl\u00fc\u011fe","robots":{"index":"index","follow":"follow","max-snippet":"max-snippet:-1","max-image-preview":"max-image-preview:large","max-video-preview":"max-video-preview:-1"},"canonical":"https:\/\/birlikdayanisma.com\/v3\/2009\/10\/italyada-fasizmin-ayak-sesleri\/","og_locale":"tr_TR","og_type":"article","og_title":"\u0130talya'da fa\u015fizmin ayak sesleri! &#8211; Birlik Dayan\u0131\u015fma Hareketi","og_description":"\u0130talya'da \u0131rk\u00e7\u0131-fa\u015fist Kuzey Ligi partisinin \u00f6n ayak oldu\u011fu, \u201cVatanda\u015f devriyeleri\u201d ad\u0131 ile sivil g\u00f6n\u00fcll\u00fclerden olu\u015fan g\u00fcvenlik g\u00fcc\u00fc resmen y\u00fcr\u00fcrl\u00fc\u011fe","og_url":"https:\/\/birlikdayanisma.com\/v3\/2009\/10\/italyada-fasizmin-ayak-sesleri\/","og_site_name":"Birlik Dayan\u0131\u015fma Hareketi","article_published_time":"2009-10-13T09:51:19+00:00","author":"root","twitter_card":"summary_large_image","twitter_misc":{"Yazan:":"root","Tahmini okuma s\u00fcresi":"1 dakika"},"schema":{"@context":"https:\/\/schema.org","@graph":[{"@type":"Article","@id":"https:\/\/birlikdayanisma.com\/v3\/2009\/10\/italyada-fasizmin-ayak-sesleri\/#article","isPartOf":{"@id":"https:\/\/birlikdayanisma.com\/v3\/2009\/10\/italyada-fasizmin-ayak-sesleri\/"},"author":{"name":"root","@id":"https:\/\/birlikdayanisma.com\/v3\/#\/schema\/person\/2fd4a0bf332f1634d637e73cafde5aff"},"headline":"\u0130talya&#8217;da fa\u015fizmin ayak sesleri!","datePublished":"2009-10-13T09:51:19+00:00","mainEntityOfPage":{"@id":"https:\/\/birlikdayanisma.com\/v3\/2009\/10\/italyada-fasizmin-ayak-sesleri\/"},"wordCount":249,"publisher":{"@id":"https:\/\/birlikdayanisma.com\/v3\/#organization"},"keywords":["fa\u015fizm"],"articleSection":["D\u00fcnyadan"],"inLanguage":"tr"},{"@type":"WebPage","@id":"https:\/\/birlikdayanisma.com\/v3\/2009\/10\/italyada-fasizmin-ayak-sesleri\/","url":"https:\/\/birlikdayanisma.com\/v3\/2009\/10\/italyada-fasizmin-ayak-sesleri\/","name":"\u0130talya'da fa\u015fizmin ayak sesleri! &#8211; Birlik Dayan\u0131\u015fma Hareketi","isPartOf":{"@id":"https:\/\/birlikdayanisma.com\/v3\/#website"},"datePublished":"2009-10-13T09:51:19+00:00","description":"\u0130talya'da \u0131rk\u00e7\u0131-fa\u015fist Kuzey Ligi partisinin \u00f6n ayak oldu\u011fu, \u201cVatanda\u015f devriyeleri\u201d ad\u0131 ile sivil g\u00f6n\u00fcll\u00fclerden olu\u015fan g\u00fcvenlik g\u00fcc\u00fc resmen y\u00fcr\u00fcrl\u00fc\u011fe","breadcrumb":{"@id":"https:\/\/birlikdayanisma.com\/v3\/2009\/10\/italyada-fasizmin-ayak-sesleri\/#breadcrumb"},"inLanguage":"tr","potentialAction":[{"@type":"ReadAction","target":["https:\/\/birlikdayanisma.com\/v3\/2009\/10\/italyada-fasizmin-ayak-sesleri\/"]}]},{"@type":"BreadcrumbList","@id":"https:\/\/birlikdayanisma.com\/v3\/2009\/10\/italyada-fasizmin-ayak-sesleri\/#breadcrumb","itemListElement":[{"@type":"ListItem","position":1,"name":"Ana sayfa","item":"https:\/\/birlikdayanisma.com\/v3\/"},{"@type":"ListItem","position":2,"name":"\u0130talya&#8217;da fa\u015fizmin ayak sesleri!"}]},{"@type":"WebSite","@id":"https:\/\/birlikdayanisma.com\/v3\/#website","url":"https:\/\/birlikdayanisma.com\/v3\/","name":"Birlik Dayan\u0131\u015fma Hareketi","description":"","publisher":{"@id":"https:\/\/birlikdayanisma.com\/v3\/#organization"},"potentialAction":[{"@type":"SearchAction","target":{"@type":"EntryPoint","urlTemplate":"https:\/\/birlikdayanisma.com\/v3\/?s={search_term_string}"},"query-input":{"@type":"PropertyValueSpecification","valueRequired":true,"valueName":"search_term_string"}}],"inLanguage":"tr"},{"@type":"Organization","@id":"https:\/\/birlikdayanisma.com\/v3\/#organization","name":"Birlik Dayan\u0131\u015fma Hareketi","url":"https:\/\/birlikdayanisma.com\/v3\/","logo":{"@type":"ImageObject","inLanguage":"tr","@id":"https:\/\/birlikdayanisma.com\/v3\/#\/schema\/logo\/image\/","url":"https:\/\/birlikdayanisma.com\/v3\/wp-content\/uploads\/bdh_logo_2016.png","contentUrl":"https:\/\/birlikdayanisma.com\/v3\/wp-content\/uploads\/bdh_logo_2016.png","width":468,"height":60,"caption":"Birlik Dayan\u0131\u015fma Hareketi"},"image":{"@id":"https:\/\/birlikdayanisma.com\/v3\/#\/schema\/logo\/image\/"}},{"@type":"Person","@id":"https:\/\/birlikdayanisma.com\/v3\/#\/schema\/person\/2fd4a0bf332f1634d637e73cafde5aff","name":"root","image":{"@type":"ImageObject","inLanguage":"tr","@id":"https:\/\/birlikdayanisma.com\/v3\/#\/schema\/person\/image\/","url":"https:\/\/secure.gravatar.com\/avatar\/d112a0f70b7f65f990d41bcb2260b0d5?s=96&d=mm&r=g","contentUrl":"https:\/\/secure.gravatar.com\/avatar\/d112a0f70b7f65f990d41bcb2260b0d5?s=96&d=mm&r=g","caption":"root"},"url":"https:\/\/birlikdayanisma.com\/v3\/author\/root\/"}]}},"_links":{"self":[{"href":"https:\/\/birlikdayanisma.com\/v3\/wp-json\/wp\/v2\/posts\/1619","targetHints":{"allow":["GET"]}}],"collection":[{"href":"https:\/\/birlikdayanisma.com\/v3\/wp-json\/wp\/v2\/posts"}],"about":[{"href":"https:\/\/birlikdayanisma.com\/v3\/wp-json\/wp\/v2\/types\/post"}],"author":[{"embeddable":true,"href":"https:\/\/birlikdayanisma.com\/v3\/wp-json\/wp\/v2\/users\/4"}],"replies":[{"embeddable":true,"href":"https:\/\/birlikdayanisma.com\/v3\/wp-json\/wp\/v2\/comments?post=1619"}],"version-history":[{"count":0,"href":"https:\/\/birlikdayanisma.com\/v3\/wp-json\/wp\/v2\/posts\/1619\/revisions"}],"wp:attachment":[{"href":"https:\/\/birlikdayanisma.com\/v3\/wp-json\/wp\/v2\/media?parent=1619"}],"wp:term":[{"taxonomy":"category","embeddable":true,"href":"https:\/\/birlikdayanisma.com\/v3\/wp-json\/wp\/v2\/categories?post=1619"},{"taxonomy":"post_tag","embeddable":true,"href":"https:\/\/birlikdayanisma.com\/v3\/wp-json\/wp\/v2\/tags?post=1619"}],"curies":[{"name":"wp","href":"https:\/\/api.w.org\/{rel}","templated":true}]}}