{"id":1743,"date":"2009-12-04T17:47:08","date_gmt":"2009-12-04T14:47:08","guid":{"rendered":"http:\/\/birlikdayanisma.com\/v3\/?p=1743"},"modified":"2009-12-06T17:52:55","modified_gmt":"2009-12-06T14:52:55","slug":"kesk-sgk-toplantisina-katilmiyoruz","status":"publish","type":"post","link":"https:\/\/birlikdayanisma.com\/v3\/2009\/12\/kesk-sgk-toplantisina-katilmiyoruz\/","title":{"rendered":"KESK: SGK oyununda yokuz!"},"content":{"rendered":"<p><!-- \t\t@page { margin: 2cm } \t\tP { margin-bottom: 0.21cm } --><\/p>\n<p style=\"margin-bottom: 0cm;\">KESK Genel Ba\u015fkan\u0131 Sami Evren, emek\u00e7iler lehine bir yap\u0131lanmaya ve i\u015fleyi\u015fe sahip olmayan SGK 2. Genel Kurulu\u2019na kamu emek\u00e7ilerinin \u00f6rg\u00fct\u00fc olan KESK\u2019in kat\u0131lmayaca\u011f\u0131n\u0131 a\u00e7\u0131klad\u0131.<\/p>\n<p style=\"margin-bottom: 0cm;\"><!--more-->KESK taraf\u0131ndan 04 Aral\u0131k 2009\u2019da yaz\u0131l\u0131 olarak yap\u0131lan a\u00e7\u0131klamada, 16 May\u0131s 2006 Tarihinde kabul edilen 5502 Say\u0131l\u0131 Sosyal G\u00fcvenlik Kurumu Kanunu ile Sosyal Sigortalar Kurumu, Ba\u011f-Kur ve Emekli Sand\u0131\u011f\u0131\u2019n\u0131n birle\u015ftirilmesi ile kurulan Sosyal G\u00fcvenlik Kurumu\u2019nun bug\u00fcn 2. Ola\u011fan Kurulu\u2019nun yap\u0131ld\u0131\u011f\u0131, \u0130MF ve D\u00fcnya Bankas\u0131 direktifleriyle y\u00f6netilen ve \u00e7al\u0131\u015fanlar\u0131n lehine olmayan bu kurumun \u00e7al\u0131\u015fanlar\u0131n \u00f6rg\u00fct\u00fcde olmayaca\u011f\u0131 belirtildi.<\/p>\n<p style=\"margin-bottom: 0cm;\">KESK Genel Ba\u015fkan\u0131 Sami Evren\u2019in yapt\u0131\u011f\u0131 a\u00e7\u0131klaman\u0131n metni ise \u015f\u00f6yle:<\/p>\n<p style=\"margin-bottom: 0cm;\">Konfederasyonumuz ge\u00e7mi\u015ften bu yana; norm ve standart birli\u011finin, t\u00fcm sigortal\u0131lar\u0131 \u201cen az\u201dda de\u011fil, toplumsal uzla\u015fmayla belirlenecek sosyal devlet ilkesine uygunluk temelinde en \u00fcstte e\u015fitlemeyi hedefleyen bir d\u00fczlemde sa\u011flanmas\u0131, yoksullar\u0131n yoksullukta e\u015fitli\u011finin de\u011fil, \u00e7al\u0131\u015fanlar\u0131n hak temelinde e\u015fitli\u011finin hedeflenmesi gerekti\u011fini savunmu\u015ftur.<\/p>\n<p style=\"margin-bottom: 0cm;\">\u00c7al\u0131\u015fanlar\u0131n de\u011fil h\u00fck\u00fcmetin \u00e7\u0131karlar\u0131 g\u00f6zetiliyor<\/p>\n<p style=\"margin-bottom: 0cm;\">Ancak 5502 say\u0131l\u0131 yasa ile \u201c\u00e7at\u0131\u201dlar birle\u015ftirilirken IMF ve DB direktifleri ve sermayenin ihtiya\u00e7lar\u0131 g\u00f6zetilmi\u015f, kazan\u0131lm\u0131\u015f haklar bir bir gasp edilmi\u015ftir. Geride b\u0131rakt\u0131\u011f\u0131m\u0131z s\u00fcre\u00e7te de \u201cSa\u011fl\u0131kta D\u00f6n\u00fc\u015f\u00fcm Program\u0131\u201d ad\u0131 alt\u0131nda IMF talimat\u0131yla yap\u0131land\u0131r\u0131lan Sosyal G\u00fcvenlik Kurumu\u2019nun, emek\u00e7ilerin haklar\u0131n\u0131 koruyup, \u00e7\u0131karlar\u0131n\u0131 g\u00f6zeten bir kurum olarak i\u015flev g\u00f6rmedi\u011fi, h\u00fck\u00fcmetin t\u00fcm talimatlar\u0131n\u0131 yerine getiren bir i\u015fleyi\u015fe sahip oldu\u011fu toplumun t\u00fcm kesimlerince daha iyi anla\u015f\u0131lm\u0131\u015f ve kayg\u0131lar\u0131m\u0131z\u0131n hakl\u0131l\u0131\u011f\u0131 ortaya \u00e7\u0131km\u0131\u015ft\u0131r.<\/p>\n<p style=\"margin-bottom: 0cm;\">GSS ger\u00e7e\u011fi g\u00f6sterdi<\/p>\n<p style=\"margin-bottom: 0cm;\">Ayn\u0131 s\u00fcrecin bir par\u00e7as\u0131 olarak y\u00fcr\u00fcrl\u00fc\u011fe sokulan GSS aradan daha bir y\u0131l gibi k\u0131sa s\u00fcre ge\u00e7meden toplumun t\u00fcm kesimlerini olumsuz etkilemi\u015f, sa\u011fl\u0131k piyasaya terk edilmi\u015f, koruyucu hizmetler ortadan kald\u0131r\u0131ld\u0131\u011f\u0131 i\u00e7in yayg\u0131n hastal\u0131klar ba\u015f g\u00f6stermi\u015f, tedavi olmak l\u00fcks bir ihtiya\u00e7 haline getirilmi\u015ftir. Muayene \u00fccretleri devlet hastanelerinde 8, \u00f6zel hastanelerde 15 TL\u2019ye \u00e7\u0131kar\u0131lm\u0131\u015f, paras\u0131z olan sa\u011fl\u0131k ocaklar\u0131 da paral\u0131 hale getirilmi\u015ftir. Daha \u00f6nce yatarak tedavi olmalarda herhangi bir \u00f6deme yap\u0131lmazken \u015fimdi yatan hastalarda da katk\u0131 paylar\u0131 al\u0131nmaktad\u0131r. \u0130la\u00e7ta vatanda\u015f\u0131n \u00f6dedi\u011fi pay artt\u0131r\u0131lm\u0131\u015f, katk\u0131 paylar\u0131, \u00fccret ve maa\u015flar\u0131n sat\u0131n alma g\u00fcc\u00fcn\u00fc \u00f6nemli \u00f6l\u00e7\u00fcde geriletmi\u015ftir. \u00d6zel hastanelere giden hastalar \u201cilave \u00fccret\u201d ad\u0131 alt\u0131nda paralar \u00f6demeye zorlanmakta ve al\u0131nmaktad\u0131r.<\/p>\n<p style=\"margin-bottom: 0cm;\">Halk\u0131n sa\u011fl\u0131k g\u00fcvencesi yok<\/p>\n<p style=\"margin-bottom: 0cm;\">H\u00fck\u00fcmetin yasa \u00e7\u0131karmak ve kamuoyunun deste\u011fini sa\u011flamak i\u00e7in \u00f6ne s\u00fcrd\u00fc\u011f\u00fc vaatlerin ger\u00e7ekle\u015fmesi bir yana tam tersi geli\u015fmelerin ya\u015fand\u0131\u011f\u0131 biliniyor. Bu yasalar \u00e7\u0131kar\u0131l\u0131rken H\u00fck\u00fcmet \u00f6zellikle sosyal sigortalar ve genel sa\u011fl\u0131k harcamalar\u0131n\u0131n b\u00fct\u00e7eye b\u00fcy\u00fck y\u00fck getirdi\u011fini ve kara deli\u011fe d\u00f6n\u00fc\u015ft\u00fc\u011f\u00fcn\u00fc \u00f6ne s\u00fcrm\u00fc\u015ft\u00fc. \u015eimdi harcamalar\u0131n daha da b\u00fcy\u00fcd\u00fc\u011f\u00fcn\u00fc s\u00f6yl\u00fcyorlar. Bu harcamalara bak\u0131ld\u0131\u011f\u0131nda en b\u00fcy\u00fck kalemlerin ila\u00e7 \u015firketlerine, \u00f6zel hastanelere, ta\u015feron \u015firketlere yap\u0131ld\u0131\u011f\u0131n\u0131 g\u00f6r\u00fcyoruz! Buralara aktar\u0131lan miktarlar artt\u0131k\u00e7a sistem kendisine kaynak olarak ba\u015fta katk\u0131 paylar\u0131 olmak \u00fczere dar gelirlileri ve yoksullar\u0131 belirlemektedir.<\/p>\n<p style=\"margin-bottom: 0cm;\">Yine yasan\u0131n \u00e7\u0131kar\u0131lmas\u0131 s\u00fcrecinde h\u00fck\u00fcmetin iddialar\u0131ndan biri de kay\u0131t d\u0131\u015f\u0131 istihdam\u0131n \u00f6nlenmesi olmas\u0131na ra\u011fmen yasadan sonra kay\u0131t d\u0131\u015f\u0131 istihdamda resmi verilerin aksine art\u0131\u015f ya\u015fanm\u0131\u015ft\u0131r.<\/p>\n","protected":false},"excerpt":{"rendered":"<p>KESK Genel Ba\u015fkan\u0131 Sami Evren, emek\u00e7iler lehine bir yap\u0131lanmaya ve i\u015fleyi\u015fe sahip olmayan SGK 2. Genel Kurulu\u2019na kamu emek\u00e7ilerinin \u00f6rg\u00fct\u00fc olan KESK\u2019in kat\u0131lmayaca\u011f\u0131n\u0131 a\u00e7\u0131klad\u0131.<\/p>\n","protected":false},"author":4,"featured_media":0,"comment_status":"closed","ping_status":"open","sticky":false,"template":"","format":"standard","meta":{"_et_pb_use_builder":"","_et_pb_old_content":"","_et_gb_content_width":"","footnotes":""},"categories":[103],"tags":[44,137,48],"class_list":["post-1743","post","type-post","status-publish","format-standard","hentry","category-turkiyeden","tag-kesk","tag-sgk","tag-ssgss","et-doesnt-have-format-content","et_post_format-et-post-format-standard"],"yoast_head":"<!-- This site is optimized with the Yoast SEO plugin v26.8 - https:\/\/yoast.com\/product\/yoast-seo-wordpress\/ -->\n<title>KESK: SGK oyununda yokuz! &#8211; Birlik Dayan\u0131\u015fma Hareketi<\/title>\n<meta name=\"description\" content=\"KESK Genel Ba\u015fkan\u0131 Sami Evren, emek\u00e7iler lehine bir yap\u0131lanmaya ve i\u015fleyi\u015fe sahip olmayan SGK 2. Genel Kurulu\u2019na kamu emek\u00e7ilerinin \u00f6rg\u00fct\u00fc olan KESK\u2019in\" \/>\n<meta name=\"robots\" content=\"index, follow, max-snippet:-1, max-image-preview:large, max-video-preview:-1\" \/>\n<link rel=\"canonical\" href=\"https:\/\/birlikdayanisma.com\/v3\/2009\/12\/kesk-sgk-toplantisina-katilmiyoruz\/\" \/>\n<meta property=\"og:locale\" content=\"tr_TR\" \/>\n<meta property=\"og:type\" content=\"article\" \/>\n<meta property=\"og:title\" content=\"KESK: SGK oyununda yokuz! &#8211; Birlik Dayan\u0131\u015fma Hareketi\" \/>\n<meta property=\"og:description\" content=\"KESK Genel Ba\u015fkan\u0131 Sami Evren, emek\u00e7iler lehine bir yap\u0131lanmaya ve i\u015fleyi\u015fe sahip olmayan SGK 2. Genel Kurulu\u2019na kamu emek\u00e7ilerinin \u00f6rg\u00fct\u00fc olan KESK\u2019in\" \/>\n<meta property=\"og:url\" content=\"https:\/\/birlikdayanisma.com\/v3\/2009\/12\/kesk-sgk-toplantisina-katilmiyoruz\/\" \/>\n<meta property=\"og:site_name\" content=\"Birlik Dayan\u0131\u015fma Hareketi\" \/>\n<meta property=\"article:published_time\" content=\"2009-12-04T14:47:08+00:00\" \/>\n<meta property=\"article:modified_time\" content=\"2009-12-06T14:52:55+00:00\" \/>\n<meta name=\"author\" content=\"root\" \/>\n<meta name=\"twitter:card\" content=\"summary_large_image\" \/>\n<meta name=\"twitter:label1\" content=\"Yazan:\" \/>\n\t<meta name=\"twitter:data1\" content=\"root\" \/>\n\t<meta name=\"twitter:label2\" content=\"Tahmini okuma s\u00fcresi\" \/>\n\t<meta name=\"twitter:data2\" content=\"3 dakika\" \/>\n<script type=\"application\/ld+json\" class=\"yoast-schema-graph\">{\"@context\":\"https:\/\/schema.org\",\"@graph\":[{\"@type\":\"Article\",\"@id\":\"https:\/\/birlikdayanisma.com\/v3\/2009\/12\/kesk-sgk-toplantisina-katilmiyoruz\/#article\",\"isPartOf\":{\"@id\":\"https:\/\/birlikdayanisma.com\/v3\/2009\/12\/kesk-sgk-toplantisina-katilmiyoruz\/\"},\"author\":{\"name\":\"root\",\"@id\":\"https:\/\/birlikdayanisma.com\/v3\/#\/schema\/person\/2fd4a0bf332f1634d637e73cafde5aff\"},\"headline\":\"KESK: SGK oyununda yokuz!\",\"datePublished\":\"2009-12-04T14:47:08+00:00\",\"dateModified\":\"2009-12-06T14:52:55+00:00\",\"mainEntityOfPage\":{\"@id\":\"https:\/\/birlikdayanisma.com\/v3\/2009\/12\/kesk-sgk-toplantisina-katilmiyoruz\/\"},\"wordCount\":637,\"publisher\":{\"@id\":\"https:\/\/birlikdayanisma.com\/v3\/#organization\"},\"keywords\":[\"KESK\",\"SGK\",\"SSGSS\"],\"articleSection\":[\"T\u00fcrkiyeden\"],\"inLanguage\":\"tr\"},{\"@type\":\"WebPage\",\"@id\":\"https:\/\/birlikdayanisma.com\/v3\/2009\/12\/kesk-sgk-toplantisina-katilmiyoruz\/\",\"url\":\"https:\/\/birlikdayanisma.com\/v3\/2009\/12\/kesk-sgk-toplantisina-katilmiyoruz\/\",\"name\":\"KESK: SGK oyununda yokuz! &#8211; Birlik Dayan\u0131\u015fma Hareketi\",\"isPartOf\":{\"@id\":\"https:\/\/birlikdayanisma.com\/v3\/#website\"},\"datePublished\":\"2009-12-04T14:47:08+00:00\",\"dateModified\":\"2009-12-06T14:52:55+00:00\",\"description\":\"KESK Genel Ba\u015fkan\u0131 Sami Evren, emek\u00e7iler lehine bir yap\u0131lanmaya ve i\u015fleyi\u015fe sahip olmayan SGK 2. Genel Kurulu\u2019na kamu emek\u00e7ilerinin \u00f6rg\u00fct\u00fc olan KESK\u2019in\",\"breadcrumb\":{\"@id\":\"https:\/\/birlikdayanisma.com\/v3\/2009\/12\/kesk-sgk-toplantisina-katilmiyoruz\/#breadcrumb\"},\"inLanguage\":\"tr\",\"potentialAction\":[{\"@type\":\"ReadAction\",\"target\":[\"https:\/\/birlikdayanisma.com\/v3\/2009\/12\/kesk-sgk-toplantisina-katilmiyoruz\/\"]}]},{\"@type\":\"BreadcrumbList\",\"@id\":\"https:\/\/birlikdayanisma.com\/v3\/2009\/12\/kesk-sgk-toplantisina-katilmiyoruz\/#breadcrumb\",\"itemListElement\":[{\"@type\":\"ListItem\",\"position\":1,\"name\":\"Ana sayfa\",\"item\":\"https:\/\/birlikdayanisma.com\/v3\/\"},{\"@type\":\"ListItem\",\"position\":2,\"name\":\"KESK: SGK oyununda yokuz!\"}]},{\"@type\":\"WebSite\",\"@id\":\"https:\/\/birlikdayanisma.com\/v3\/#website\",\"url\":\"https:\/\/birlikdayanisma.com\/v3\/\",\"name\":\"Birlik Dayan\u0131\u015fma Hareketi\",\"description\":\"\",\"publisher\":{\"@id\":\"https:\/\/birlikdayanisma.com\/v3\/#organization\"},\"potentialAction\":[{\"@type\":\"SearchAction\",\"target\":{\"@type\":\"EntryPoint\",\"urlTemplate\":\"https:\/\/birlikdayanisma.com\/v3\/?s={search_term_string}\"},\"query-input\":{\"@type\":\"PropertyValueSpecification\",\"valueRequired\":true,\"valueName\":\"search_term_string\"}}],\"inLanguage\":\"tr\"},{\"@type\":\"Organization\",\"@id\":\"https:\/\/birlikdayanisma.com\/v3\/#organization\",\"name\":\"Birlik Dayan\u0131\u015fma Hareketi\",\"url\":\"https:\/\/birlikdayanisma.com\/v3\/\",\"logo\":{\"@type\":\"ImageObject\",\"inLanguage\":\"tr\",\"@id\":\"https:\/\/birlikdayanisma.com\/v3\/#\/schema\/logo\/image\/\",\"url\":\"https:\/\/birlikdayanisma.com\/v3\/wp-content\/uploads\/bdh_logo_2016.png\",\"contentUrl\":\"https:\/\/birlikdayanisma.com\/v3\/wp-content\/uploads\/bdh_logo_2016.png\",\"width\":468,\"height\":60,\"caption\":\"Birlik Dayan\u0131\u015fma Hareketi\"},\"image\":{\"@id\":\"https:\/\/birlikdayanisma.com\/v3\/#\/schema\/logo\/image\/\"}},{\"@type\":\"Person\",\"@id\":\"https:\/\/birlikdayanisma.com\/v3\/#\/schema\/person\/2fd4a0bf332f1634d637e73cafde5aff\",\"name\":\"root\",\"image\":{\"@type\":\"ImageObject\",\"inLanguage\":\"tr\",\"@id\":\"https:\/\/birlikdayanisma.com\/v3\/#\/schema\/person\/image\/\",\"url\":\"https:\/\/secure.gravatar.com\/avatar\/d112a0f70b7f65f990d41bcb2260b0d5?s=96&d=mm&r=g\",\"contentUrl\":\"https:\/\/secure.gravatar.com\/avatar\/d112a0f70b7f65f990d41bcb2260b0d5?s=96&d=mm&r=g\",\"caption\":\"root\"},\"url\":\"https:\/\/birlikdayanisma.com\/v3\/author\/root\/\"}]}<\/script>\n<!-- \/ Yoast SEO plugin. -->","yoast_head_json":{"title":"KESK: SGK oyununda yokuz! &#8211; Birlik Dayan\u0131\u015fma Hareketi","description":"KESK Genel Ba\u015fkan\u0131 Sami Evren, emek\u00e7iler lehine bir yap\u0131lanmaya ve i\u015fleyi\u015fe sahip olmayan SGK 2. Genel Kurulu\u2019na kamu emek\u00e7ilerinin \u00f6rg\u00fct\u00fc olan KESK\u2019in","robots":{"index":"index","follow":"follow","max-snippet":"max-snippet:-1","max-image-preview":"max-image-preview:large","max-video-preview":"max-video-preview:-1"},"canonical":"https:\/\/birlikdayanisma.com\/v3\/2009\/12\/kesk-sgk-toplantisina-katilmiyoruz\/","og_locale":"tr_TR","og_type":"article","og_title":"KESK: SGK oyununda yokuz! &#8211; Birlik Dayan\u0131\u015fma Hareketi","og_description":"KESK Genel Ba\u015fkan\u0131 Sami Evren, emek\u00e7iler lehine bir yap\u0131lanmaya ve i\u015fleyi\u015fe sahip olmayan SGK 2. Genel Kurulu\u2019na kamu emek\u00e7ilerinin \u00f6rg\u00fct\u00fc olan KESK\u2019in","og_url":"https:\/\/birlikdayanisma.com\/v3\/2009\/12\/kesk-sgk-toplantisina-katilmiyoruz\/","og_site_name":"Birlik Dayan\u0131\u015fma Hareketi","article_published_time":"2009-12-04T14:47:08+00:00","article_modified_time":"2009-12-06T14:52:55+00:00","author":"root","twitter_card":"summary_large_image","twitter_misc":{"Yazan:":"root","Tahmini okuma s\u00fcresi":"3 dakika"},"schema":{"@context":"https:\/\/schema.org","@graph":[{"@type":"Article","@id":"https:\/\/birlikdayanisma.com\/v3\/2009\/12\/kesk-sgk-toplantisina-katilmiyoruz\/#article","isPartOf":{"@id":"https:\/\/birlikdayanisma.com\/v3\/2009\/12\/kesk-sgk-toplantisina-katilmiyoruz\/"},"author":{"name":"root","@id":"https:\/\/birlikdayanisma.com\/v3\/#\/schema\/person\/2fd4a0bf332f1634d637e73cafde5aff"},"headline":"KESK: SGK oyununda yokuz!","datePublished":"2009-12-04T14:47:08+00:00","dateModified":"2009-12-06T14:52:55+00:00","mainEntityOfPage":{"@id":"https:\/\/birlikdayanisma.com\/v3\/2009\/12\/kesk-sgk-toplantisina-katilmiyoruz\/"},"wordCount":637,"publisher":{"@id":"https:\/\/birlikdayanisma.com\/v3\/#organization"},"keywords":["KESK","SGK","SSGSS"],"articleSection":["T\u00fcrkiyeden"],"inLanguage":"tr"},{"@type":"WebPage","@id":"https:\/\/birlikdayanisma.com\/v3\/2009\/12\/kesk-sgk-toplantisina-katilmiyoruz\/","url":"https:\/\/birlikdayanisma.com\/v3\/2009\/12\/kesk-sgk-toplantisina-katilmiyoruz\/","name":"KESK: SGK oyununda yokuz! &#8211; Birlik Dayan\u0131\u015fma Hareketi","isPartOf":{"@id":"https:\/\/birlikdayanisma.com\/v3\/#website"},"datePublished":"2009-12-04T14:47:08+00:00","dateModified":"2009-12-06T14:52:55+00:00","description":"KESK Genel Ba\u015fkan\u0131 Sami Evren, emek\u00e7iler lehine bir yap\u0131lanmaya ve i\u015fleyi\u015fe sahip olmayan SGK 2. Genel Kurulu\u2019na kamu emek\u00e7ilerinin \u00f6rg\u00fct\u00fc olan KESK\u2019in","breadcrumb":{"@id":"https:\/\/birlikdayanisma.com\/v3\/2009\/12\/kesk-sgk-toplantisina-katilmiyoruz\/#breadcrumb"},"inLanguage":"tr","potentialAction":[{"@type":"ReadAction","target":["https:\/\/birlikdayanisma.com\/v3\/2009\/12\/kesk-sgk-toplantisina-katilmiyoruz\/"]}]},{"@type":"BreadcrumbList","@id":"https:\/\/birlikdayanisma.com\/v3\/2009\/12\/kesk-sgk-toplantisina-katilmiyoruz\/#breadcrumb","itemListElement":[{"@type":"ListItem","position":1,"name":"Ana sayfa","item":"https:\/\/birlikdayanisma.com\/v3\/"},{"@type":"ListItem","position":2,"name":"KESK: SGK oyununda yokuz!"}]},{"@type":"WebSite","@id":"https:\/\/birlikdayanisma.com\/v3\/#website","url":"https:\/\/birlikdayanisma.com\/v3\/","name":"Birlik Dayan\u0131\u015fma Hareketi","description":"","publisher":{"@id":"https:\/\/birlikdayanisma.com\/v3\/#organization"},"potentialAction":[{"@type":"SearchAction","target":{"@type":"EntryPoint","urlTemplate":"https:\/\/birlikdayanisma.com\/v3\/?s={search_term_string}"},"query-input":{"@type":"PropertyValueSpecification","valueRequired":true,"valueName":"search_term_string"}}],"inLanguage":"tr"},{"@type":"Organization","@id":"https:\/\/birlikdayanisma.com\/v3\/#organization","name":"Birlik Dayan\u0131\u015fma Hareketi","url":"https:\/\/birlikdayanisma.com\/v3\/","logo":{"@type":"ImageObject","inLanguage":"tr","@id":"https:\/\/birlikdayanisma.com\/v3\/#\/schema\/logo\/image\/","url":"https:\/\/birlikdayanisma.com\/v3\/wp-content\/uploads\/bdh_logo_2016.png","contentUrl":"https:\/\/birlikdayanisma.com\/v3\/wp-content\/uploads\/bdh_logo_2016.png","width":468,"height":60,"caption":"Birlik Dayan\u0131\u015fma Hareketi"},"image":{"@id":"https:\/\/birlikdayanisma.com\/v3\/#\/schema\/logo\/image\/"}},{"@type":"Person","@id":"https:\/\/birlikdayanisma.com\/v3\/#\/schema\/person\/2fd4a0bf332f1634d637e73cafde5aff","name":"root","image":{"@type":"ImageObject","inLanguage":"tr","@id":"https:\/\/birlikdayanisma.com\/v3\/#\/schema\/person\/image\/","url":"https:\/\/secure.gravatar.com\/avatar\/d112a0f70b7f65f990d41bcb2260b0d5?s=96&d=mm&r=g","contentUrl":"https:\/\/secure.gravatar.com\/avatar\/d112a0f70b7f65f990d41bcb2260b0d5?s=96&d=mm&r=g","caption":"root"},"url":"https:\/\/birlikdayanisma.com\/v3\/author\/root\/"}]}},"_links":{"self":[{"href":"https:\/\/birlikdayanisma.com\/v3\/wp-json\/wp\/v2\/posts\/1743","targetHints":{"allow":["GET"]}}],"collection":[{"href":"https:\/\/birlikdayanisma.com\/v3\/wp-json\/wp\/v2\/posts"}],"about":[{"href":"https:\/\/birlikdayanisma.com\/v3\/wp-json\/wp\/v2\/types\/post"}],"author":[{"embeddable":true,"href":"https:\/\/birlikdayanisma.com\/v3\/wp-json\/wp\/v2\/users\/4"}],"replies":[{"embeddable":true,"href":"https:\/\/birlikdayanisma.com\/v3\/wp-json\/wp\/v2\/comments?post=1743"}],"version-history":[{"count":0,"href":"https:\/\/birlikdayanisma.com\/v3\/wp-json\/wp\/v2\/posts\/1743\/revisions"}],"wp:attachment":[{"href":"https:\/\/birlikdayanisma.com\/v3\/wp-json\/wp\/v2\/media?parent=1743"}],"wp:term":[{"taxonomy":"category","embeddable":true,"href":"https:\/\/birlikdayanisma.com\/v3\/wp-json\/wp\/v2\/categories?post=1743"},{"taxonomy":"post_tag","embeddable":true,"href":"https:\/\/birlikdayanisma.com\/v3\/wp-json\/wp\/v2\/tags?post=1743"}],"curies":[{"name":"wp","href":"https:\/\/api.w.org\/{rel}","templated":true}]}}