{"id":1768,"date":"2009-12-13T23:04:43","date_gmt":"2009-12-13T20:04:43","guid":{"rendered":"http:\/\/birlikdayanisma.com\/v3\/?p=1768"},"modified":"2009-12-17T06:14:21","modified_gmt":"2009-12-17T03:14:21","slug":"is-kazasi-mi-isci-katliami-mi","status":"publish","type":"post","link":"https:\/\/birlikdayanisma.com\/v3\/2009\/12\/is-kazasi-mi-isci-katliami-mi\/","title":{"rendered":"\u0130\u015f kazas\u0131 m\u0131, i\u015f\u00e7i katliam\u0131 m\u0131?"},"content":{"rendered":"<p><!-- \t\t@page { margin: 2cm } \t\tP { margin-bottom: 0.21cm } --><\/p>\n<p style=\"margin-bottom: 0cm;\" lang=\"tr-TR\">\u201cBURSA\u2019n\u0131n Mustafakemalpa\u015fa \u0130l\u00e7esi\u2019ne ba\u011fl\u0131 Alpagut K\u00f6y\u00fc s\u0131n\u0131rlar\u0131 i\u00e7indeki Devecikona\u011f\u0131 Mevkii&#8217;nde bulunan B\u00fckk\u00f6y Madencilik ve Turizm A.\u015e.&#8217;ye ait k\u00f6m\u00fcr oca\u011f\u0131nda 19 i\u015f\u00e7inin ya\u015fam\u0131n\u0131 yitirdi\u011fi grizu facias\u0131na bir dizi ihmalin neden oldu\u011fu ortaya \u00e7\u0131kt\u0131. <!--more-->K\u00f6m\u00fcr madeninde gaz \u00f6l\u00e7\u00fcm\u00fcn\u00fcn sa\u011fl\u0131kl\u0131 yap\u0131lmad\u0131\u011f\u0131, antigrizu cihazlar\u0131n\u0131n olmad\u0131\u011f\u0131 saptand\u0131.\u201d<\/p>\n<p style=\"margin-bottom: 0cm;\"><span lang=\"tr-TR\">Bu haberin benzerlerini asl\u0131nda \u00f6ylesine s\u0131k ya\u015f\u0131yoruz ki&#8230; Sadece, patronlar\u0131n k\u00e2r h\u0131rs\u0131na kurban verdi\u011fimiz i\u015f\u00e7i say\u0131s\u0131 biraz fazla oldu\u011funda duyarl\u0131 davran\u0131yoruz. Oysa hemen her y\u0131l 50&#8217;nin \u00fczerinde maden i\u015f\u00e7isi, maden patronlar\u0131n\u0131n k\u00e2r h\u0131rs\u0131 y\u00fcz\u00fcnden i\u015fletme hatalar\u0131ndan dolay\u0131 ya\u015fam\u0131n\u0131 yitiriyor. Her ge\u00e7en g\u00fcn \u00e7o\u011falan i\u015fsiz gen\u00e7 say\u0131s\u0131n\u0131n yan\u0131na, s\u00fcre\u011fen hukuksuzlu\u011fu da ekledi\u011fimizde tablo b\u00fct\u00fcn \u00e7\u0131plakl\u0131\u011f\u0131yla ortaya \u00e7\u0131k\u0131yor. Her y\u0131l yitirilen 50&#8217;nin \u00fczerinde ki maden i\u015f\u00e7isine ra\u011fmen, hemen hi\u00e7 bir patronun ciddi bir \u015fekilde yarg\u0131lanmad\u0131\u011f\u0131n\u0131 g\u00f6r\u00fcyoruz. Patronlar\u0131n g\u00f6stermelik parasal cezalarla sorunu \u00e7\u00f6zd\u00fc\u011f\u00fcn\u00fc g\u00f6rd\u00fc\u011f\u00fcm\u00fczde, neden bu kadar rahat davrand\u0131klar\u0131 daha iyi anla\u015f\u0131l\u0131yor. \u00c7ok de\u011fil, Ocak 2008&#8217;de Davutpa\u015fa&#8217;da fi\u015fek fabrikas\u0131nda \u00e7\u0131kan patlamada 22 i\u015f\u00e7i ya\u015fam\u0131n\u0131 yitirmi\u015fti. Dava ancak, 22 ay sonra a\u00e7\u0131labildi. Patronlar rahat etmesin de, biz i\u015f\u00e7i ve emek\u00e7iler mi edelim?<\/span><\/p>\n<p style=\"margin-bottom: 0cm;\" lang=\"tr-TR\">Son 25 y\u0131lda i\u00e7 sava\u015fa harcanan 380 milyar dolar\u0131, 40 binin \u00fczerindeki insan kayb\u0131 ve ekonomi ile do\u011fa tahribat\u0131n\u0131 d\u00fc\u015f\u00fcnd\u00fc\u011f\u00fcm\u00fczde, ya\u015fanan son i\u015f\u00e7i katliam\u0131 k\u00fc\u00e7\u00fck bir bedel gibi g\u00f6z\u00fckebilir. Asl\u0131nda ya\u015fad\u0131\u011f\u0131m\u0131z ekonomik-politik d\u00fczenin, i\u015f\u00e7i ve emek\u00e7iden yana olmad\u0131\u011f\u0131n\u0131 art\u0131k hepimiz iyi biliyoruz. Biliyoruz da, ya\u015fad\u0131\u011f\u0131m\u0131z d\u00fczenin daha adil, daha emekten yana, daha insanca olmas\u0131 i\u00e7in ne yapmam\u0131z gerekti\u011fini unutmu\u015f durumday\u0131z&#8230;<\/p>\n<p style=\"margin-bottom: 0cm;\" lang=\"tr-TR\">Bunu i\u00e7in, Alpagut K\u00f6y\u00fc ile ayn\u0131 ad\u0131 ta\u015f\u0131yan \u00c7orum Alpagut Linyit \u0130\u015fletmeleri&#8217;nde 1969 y\u0131l\u0131nda ger\u00e7ekle\u015fen direni\u015fi an\u0131msamam\u0131z yeterli. Bu direni\u015f neler yapmam\u0131z gerekti\u011fini de bize anlat\u0131yor.<\/p>\n<p style=\"margin-bottom: 0cm;\" lang=\"tr-TR\">\u00c7orum Alpagut&#8217;ta neler oldu k\u0131saca an\u0131msayal\u0131m;<\/p>\n<p style=\"margin-bottom: 0cm;\">\u201c<span lang=\"tr-TR\">Madende \u00e7al\u0131\u015fan i\u015f\u00e7ilerin maa\u015flar\u0131 par\u00e7a par\u00e7a \u00f6deniyor, i\u015f g\u00fcvenlikleriyse ciddiye al\u0131nm\u0131yordu. Talepleri \u00fcretimin d\u00fc\u015f\u00fckl\u00fc\u011f\u00fc iddias\u0131yla geri \u00e7evriliyordu. Sorunu \u00e7\u00f6zmek i\u00e7in sendikalar\u0131ndan yard\u0131m istediler. Y\u00f6resel bir sendika olan Ba\u011f\u0131ms\u0131z \u00c7orum ve Ahalisi Maden \u0130\u015f\u00e7ileri Sendikas\u0131, gerekli deste\u011fi yerine getirmedi. Sorunlar\u0131n\u0131n \u00e7\u00f6z\u00fclmeyece\u011fini anlayan maden i\u015f\u00e7ileri i\u015fletmeye el koyarak, t\u00fcm i\u015f\u00e7ilerin kat\u0131ld\u0131\u011f\u0131 \u0130\u015f\u00e7i Genel Kurulu olu\u015fturdular. Bu kurul kendi i\u00e7inden bir \u0130\u015f\u00e7i Konseyi se\u00e7ti. Konsey, i\u015fletmenin t\u00fcm i\u015flerine ve hesaplar\u0131na el koydu. Vardiyalar 8 saat \u00e7al\u0131\u015fmaya g\u00f6re yeniden d\u00fczenlendi. T\u00fcm teknik personel, b\u00fcro \u00e7al\u0131\u015fanlar\u0131 konseye ba\u011fland\u0131.<\/span><\/p>\n<p style=\"margin-bottom: 0cm;\"><span lang=\"tr-TR\">\u0130\u015fletme, k\u0131sa s\u00fcrede g\u00fcnl\u00fck \u00fcretim kapasitesini iki kat\u0131na \u00e7\u0131kard\u0131. Ba\u015fta tav\u0131rs\u0131z kalan sendika y\u00f6netimi de konseye kat\u0131ld\u0131. Sat\u0131\u015f i\u015flerinden, teknik denetlemeye kadar t\u00fcm\u00fc konsey taraf\u0131ndan d\u00fczenlenip-denetleniyordu. \u0130\u015f\u00e7i Genel Kurulu, konseye se\u00e7ilen arkada\u015flar\u0131n\u0131 geri \u00e7a\u011f\u0131rma <\/span><span lang=\"tr-TR\">hakk\u0131na bile sahiplerdi.<\/span><\/p>\n<p style=\"margin-bottom: 0cm;\"><span lang=\"tr-TR\">S\u00fcrecin, bu \u015fekilde gidece\u011fi ve \u00f6rnek te\u015fkil edece\u011finden korkan h\u00fck\u00fcmet, jandarma birlikleri g\u00f6ndererek madeni ku\u015fatt\u0131. \u0130\u015f\u00e7iler, direni\u015f karar\u0131 ald\u0131lar. Sendika y\u00f6netimi araya girerek, uzla\u015fma \u00f6nerdi. 35 g\u00fcn s\u00fcren \u201c\u0130\u015f\u00e7i Y\u00f6netimi\u201d jandarman\u0131n m\u00fcdahalesiyle k\u0131r\u0131ld\u0131. \u0130\u015f\u00e7iler, i\u015ften at\u0131lan arkada\u015flar\u0131 i\u015fba\u015f\u0131 yapana kadar direni\u015f karar\u0131 ald\u0131. Sonu\u00e7ta s\u00f6zle\u015fme imzaland\u0131.\u201d <\/span><\/p>\n<p lang=\"tr-TR\">Alpagut i\u015f\u00e7ileri, bu i\u015fgalleriyle patronlar olmadan da \u00fcretebileceklerini, y\u00f6netimde de ba\u015far\u0131l\u0131 olabileceklerini ortaya koydular. Daha \u00f6tesi, belli kurullara se\u00e7ilenlerin geri \u00e7a\u011fr\u0131lma hakk\u0131 gibi demokratik bir i\u015fleyi\u015fi dahi ya\u015fama ge\u00e7irmi\u015flerdi. \u0130\u015fte, patronlar\u0131 as\u0131l korkutan bunlar oldu&#8230;<\/p>\n<p><span lang=\"tr-TR\">\u0130\u015f\u00e7i s\u0131n\u0131f\u0131n\u0131n tarihinde b\u00f6ylesi direni\u015flerin say\u0131s\u0131 az\u0131msanmayacak say\u0131dad\u0131r. Kavel Direni\u015fi toplu s\u00f6zle\u015fme yetkisi, 15-16 Haziran sendikal haklar\u0131m\u0131z\u0131 korumam\u0131z\u0131, DGM Direni\u015fi demokratik haklar\u0131m\u0131za sahip \u00e7\u0131kmam\u0131z\u0131, 21 Mart Fa\u015fizme \u0130htar Direni\u015fi toplumsal sorunlara duyarl\u0131l\u0131\u011f\u0131m\u0131z\u0131, 1986 Neta\u015f Direni\u015fi 12 Eyl\u00fcl fa\u015fizmine kar\u015f\u0131 grev hakk\u0131n\u0131n yeniden kullan\u0131lmas\u0131n\u0131, 1989 Zonguldak Maden \u0130\u015f\u00e7ileri Ankara y\u00fcr\u00fcy\u00fc\u015f\u00fc ile siyasal iktidar\u0131n de\u011fi\u015fmesini sa\u011flad\u0131lar.<\/span><\/p>\n<p lang=\"tr-TR\">Biz, i\u015f\u00e7i ve emek\u00e7iler kendi s\u0131n\u0131f\u0131m\u0131z\u0131n tarihine bakarak neleri ba\u015farabilece\u011fimizi g\u00f6rebiliriz. Tarihimiz, kendimize g\u00fcvenmemiz gerekti\u011fini g\u00f6steren say\u0131s\u0131z \u00f6rneklerle doludur.<\/p>\n<p lang=\"tr-TR\">\u0130\u015fte, iki Alpagut&#8230; Haklar\u0131m\u0131z ve insanca bir ya\u015fam i\u00e7in direnecek miyiz, teslim mi olaca\u011f\u0131z?<\/p>\n","protected":false},"excerpt":{"rendered":"<p>\u201cBURSA\u2019n\u0131n Mustafakemalpa\u015fa \u0130l\u00e7esi\u2019ne ba\u011fl\u0131 Alpagut K\u00f6y\u00fc s\u0131n\u0131rlar\u0131 i\u00e7indeki Devecikona\u011f\u0131 Mevkii&#8217;nde bulunan B\u00fckk\u00f6y Madencilik ve Turizm A.\u015e.&#8217;ye ait k\u00f6m\u00fcr oca\u011f\u0131nda 19 i\u015f\u00e7inin ya\u015fam\u0131n\u0131 yitirdi\u011fi grizu facias\u0131na bir dizi ihmalin neden oldu\u011fu ortaya \u00e7\u0131kt\u0131.<\/p>\n","protected":false},"author":4,"featured_media":0,"comment_status":"closed","ping_status":"open","sticky":false,"template":"","format":"standard","meta":{"_et_pb_use_builder":"","_et_pb_old_content":"","_et_gb_content_width":"","footnotes":""},"categories":[4,103],"tags":[67],"class_list":["post-1768","post","type-post","status-publish","format-standard","hentry","category-makale","category-turkiyeden","tag-madenci","et-doesnt-have-format-content","et_post_format-et-post-format-standard"],"yoast_head":"<!-- This site is optimized with the Yoast SEO plugin v26.8 - https:\/\/yoast.com\/product\/yoast-seo-wordpress\/ -->\n<title>\u0130\u015f kazas\u0131 m\u0131, i\u015f\u00e7i katliam\u0131 m\u0131? &#8211; Birlik Dayan\u0131\u015fma Hareketi<\/title>\n<meta name=\"description\" content=\"\u201cBURSA\u2019n\u0131n Mustafakemalpa\u015fa \u0130l\u00e7esi\u2019ne ba\u011fl\u0131 Alpagut K\u00f6y\u00fc s\u0131n\u0131rlar\u0131 i\u00e7indeki Devecikona\u011f\u0131 Mevkii&#039;nde bulunan B\u00fckk\u00f6y Madencilik ve Turizm A.\u015e.&#039;ye ait k\u00f6m\u00fcr\" \/>\n<meta name=\"robots\" content=\"index, follow, max-snippet:-1, max-image-preview:large, max-video-preview:-1\" \/>\n<link rel=\"canonical\" href=\"https:\/\/birlikdayanisma.com\/v3\/2009\/12\/is-kazasi-mi-isci-katliami-mi\/\" \/>\n<meta property=\"og:locale\" content=\"tr_TR\" \/>\n<meta property=\"og:type\" content=\"article\" \/>\n<meta property=\"og:title\" content=\"\u0130\u015f kazas\u0131 m\u0131, i\u015f\u00e7i katliam\u0131 m\u0131? &#8211; Birlik Dayan\u0131\u015fma Hareketi\" \/>\n<meta property=\"og:description\" content=\"\u201cBURSA\u2019n\u0131n Mustafakemalpa\u015fa \u0130l\u00e7esi\u2019ne ba\u011fl\u0131 Alpagut K\u00f6y\u00fc s\u0131n\u0131rlar\u0131 i\u00e7indeki Devecikona\u011f\u0131 Mevkii&#039;nde bulunan B\u00fckk\u00f6y Madencilik ve Turizm A.\u015e.&#039;ye ait k\u00f6m\u00fcr\" \/>\n<meta property=\"og:url\" content=\"https:\/\/birlikdayanisma.com\/v3\/2009\/12\/is-kazasi-mi-isci-katliami-mi\/\" \/>\n<meta property=\"og:site_name\" content=\"Birlik Dayan\u0131\u015fma Hareketi\" \/>\n<meta property=\"article:published_time\" content=\"2009-12-13T20:04:43+00:00\" \/>\n<meta property=\"article:modified_time\" content=\"2009-12-17T03:14:21+00:00\" \/>\n<meta name=\"author\" content=\"root\" \/>\n<meta name=\"twitter:card\" content=\"summary_large_image\" \/>\n<meta name=\"twitter:label1\" content=\"Yazan:\" \/>\n\t<meta name=\"twitter:data1\" content=\"root\" \/>\n\t<meta name=\"twitter:label2\" content=\"Tahmini okuma s\u00fcresi\" \/>\n\t<meta name=\"twitter:data2\" content=\"4 dakika\" \/>\n<script type=\"application\/ld+json\" class=\"yoast-schema-graph\">{\"@context\":\"https:\/\/schema.org\",\"@graph\":[{\"@type\":\"Article\",\"@id\":\"https:\/\/birlikdayanisma.com\/v3\/2009\/12\/is-kazasi-mi-isci-katliami-mi\/#article\",\"isPartOf\":{\"@id\":\"https:\/\/birlikdayanisma.com\/v3\/2009\/12\/is-kazasi-mi-isci-katliami-mi\/\"},\"author\":{\"name\":\"root\",\"@id\":\"https:\/\/birlikdayanisma.com\/v3\/#\/schema\/person\/2fd4a0bf332f1634d637e73cafde5aff\"},\"headline\":\"\u0130\u015f kazas\u0131 m\u0131, i\u015f\u00e7i katliam\u0131 m\u0131?\",\"datePublished\":\"2009-12-13T20:04:43+00:00\",\"dateModified\":\"2009-12-17T03:14:21+00:00\",\"mainEntityOfPage\":{\"@id\":\"https:\/\/birlikdayanisma.com\/v3\/2009\/12\/is-kazasi-mi-isci-katliami-mi\/\"},\"wordCount\":838,\"publisher\":{\"@id\":\"https:\/\/birlikdayanisma.com\/v3\/#organization\"},\"keywords\":[\"Madenci\"],\"articleSection\":[\"Makale\",\"T\u00fcrkiyeden\"],\"inLanguage\":\"tr\"},{\"@type\":\"WebPage\",\"@id\":\"https:\/\/birlikdayanisma.com\/v3\/2009\/12\/is-kazasi-mi-isci-katliami-mi\/\",\"url\":\"https:\/\/birlikdayanisma.com\/v3\/2009\/12\/is-kazasi-mi-isci-katliami-mi\/\",\"name\":\"\u0130\u015f kazas\u0131 m\u0131, i\u015f\u00e7i katliam\u0131 m\u0131? &#8211; Birlik Dayan\u0131\u015fma Hareketi\",\"isPartOf\":{\"@id\":\"https:\/\/birlikdayanisma.com\/v3\/#website\"},\"datePublished\":\"2009-12-13T20:04:43+00:00\",\"dateModified\":\"2009-12-17T03:14:21+00:00\",\"description\":\"\u201cBURSA\u2019n\u0131n Mustafakemalpa\u015fa \u0130l\u00e7esi\u2019ne ba\u011fl\u0131 Alpagut K\u00f6y\u00fc s\u0131n\u0131rlar\u0131 i\u00e7indeki Devecikona\u011f\u0131 Mevkii'nde bulunan B\u00fckk\u00f6y Madencilik ve Turizm A.\u015e.'ye ait k\u00f6m\u00fcr\",\"breadcrumb\":{\"@id\":\"https:\/\/birlikdayanisma.com\/v3\/2009\/12\/is-kazasi-mi-isci-katliami-mi\/#breadcrumb\"},\"inLanguage\":\"tr\",\"potentialAction\":[{\"@type\":\"ReadAction\",\"target\":[\"https:\/\/birlikdayanisma.com\/v3\/2009\/12\/is-kazasi-mi-isci-katliami-mi\/\"]}]},{\"@type\":\"BreadcrumbList\",\"@id\":\"https:\/\/birlikdayanisma.com\/v3\/2009\/12\/is-kazasi-mi-isci-katliami-mi\/#breadcrumb\",\"itemListElement\":[{\"@type\":\"ListItem\",\"position\":1,\"name\":\"Ana sayfa\",\"item\":\"https:\/\/birlikdayanisma.com\/v3\/\"},{\"@type\":\"ListItem\",\"position\":2,\"name\":\"\u0130\u015f kazas\u0131 m\u0131, i\u015f\u00e7i katliam\u0131 m\u0131?\"}]},{\"@type\":\"WebSite\",\"@id\":\"https:\/\/birlikdayanisma.com\/v3\/#website\",\"url\":\"https:\/\/birlikdayanisma.com\/v3\/\",\"name\":\"Birlik Dayan\u0131\u015fma Hareketi\",\"description\":\"\",\"publisher\":{\"@id\":\"https:\/\/birlikdayanisma.com\/v3\/#organization\"},\"potentialAction\":[{\"@type\":\"SearchAction\",\"target\":{\"@type\":\"EntryPoint\",\"urlTemplate\":\"https:\/\/birlikdayanisma.com\/v3\/?s={search_term_string}\"},\"query-input\":{\"@type\":\"PropertyValueSpecification\",\"valueRequired\":true,\"valueName\":\"search_term_string\"}}],\"inLanguage\":\"tr\"},{\"@type\":\"Organization\",\"@id\":\"https:\/\/birlikdayanisma.com\/v3\/#organization\",\"name\":\"Birlik Dayan\u0131\u015fma Hareketi\",\"url\":\"https:\/\/birlikdayanisma.com\/v3\/\",\"logo\":{\"@type\":\"ImageObject\",\"inLanguage\":\"tr\",\"@id\":\"https:\/\/birlikdayanisma.com\/v3\/#\/schema\/logo\/image\/\",\"url\":\"https:\/\/birlikdayanisma.com\/v3\/wp-content\/uploads\/bdh_logo_2016.png\",\"contentUrl\":\"https:\/\/birlikdayanisma.com\/v3\/wp-content\/uploads\/bdh_logo_2016.png\",\"width\":468,\"height\":60,\"caption\":\"Birlik Dayan\u0131\u015fma Hareketi\"},\"image\":{\"@id\":\"https:\/\/birlikdayanisma.com\/v3\/#\/schema\/logo\/image\/\"}},{\"@type\":\"Person\",\"@id\":\"https:\/\/birlikdayanisma.com\/v3\/#\/schema\/person\/2fd4a0bf332f1634d637e73cafde5aff\",\"name\":\"root\",\"image\":{\"@type\":\"ImageObject\",\"inLanguage\":\"tr\",\"@id\":\"https:\/\/birlikdayanisma.com\/v3\/#\/schema\/person\/image\/\",\"url\":\"https:\/\/secure.gravatar.com\/avatar\/d112a0f70b7f65f990d41bcb2260b0d5?s=96&d=mm&r=g\",\"contentUrl\":\"https:\/\/secure.gravatar.com\/avatar\/d112a0f70b7f65f990d41bcb2260b0d5?s=96&d=mm&r=g\",\"caption\":\"root\"},\"url\":\"https:\/\/birlikdayanisma.com\/v3\/author\/root\/\"}]}<\/script>\n<!-- \/ Yoast SEO plugin. -->","yoast_head_json":{"title":"\u0130\u015f kazas\u0131 m\u0131, i\u015f\u00e7i katliam\u0131 m\u0131? &#8211; Birlik Dayan\u0131\u015fma Hareketi","description":"\u201cBURSA\u2019n\u0131n Mustafakemalpa\u015fa \u0130l\u00e7esi\u2019ne ba\u011fl\u0131 Alpagut K\u00f6y\u00fc s\u0131n\u0131rlar\u0131 i\u00e7indeki Devecikona\u011f\u0131 Mevkii'nde bulunan B\u00fckk\u00f6y Madencilik ve Turizm A.\u015e.'ye ait k\u00f6m\u00fcr","robots":{"index":"index","follow":"follow","max-snippet":"max-snippet:-1","max-image-preview":"max-image-preview:large","max-video-preview":"max-video-preview:-1"},"canonical":"https:\/\/birlikdayanisma.com\/v3\/2009\/12\/is-kazasi-mi-isci-katliami-mi\/","og_locale":"tr_TR","og_type":"article","og_title":"\u0130\u015f kazas\u0131 m\u0131, i\u015f\u00e7i katliam\u0131 m\u0131? &#8211; Birlik Dayan\u0131\u015fma Hareketi","og_description":"\u201cBURSA\u2019n\u0131n Mustafakemalpa\u015fa \u0130l\u00e7esi\u2019ne ba\u011fl\u0131 Alpagut K\u00f6y\u00fc s\u0131n\u0131rlar\u0131 i\u00e7indeki Devecikona\u011f\u0131 Mevkii'nde bulunan B\u00fckk\u00f6y Madencilik ve Turizm A.\u015e.'ye ait k\u00f6m\u00fcr","og_url":"https:\/\/birlikdayanisma.com\/v3\/2009\/12\/is-kazasi-mi-isci-katliami-mi\/","og_site_name":"Birlik Dayan\u0131\u015fma Hareketi","article_published_time":"2009-12-13T20:04:43+00:00","article_modified_time":"2009-12-17T03:14:21+00:00","author":"root","twitter_card":"summary_large_image","twitter_misc":{"Yazan:":"root","Tahmini okuma s\u00fcresi":"4 dakika"},"schema":{"@context":"https:\/\/schema.org","@graph":[{"@type":"Article","@id":"https:\/\/birlikdayanisma.com\/v3\/2009\/12\/is-kazasi-mi-isci-katliami-mi\/#article","isPartOf":{"@id":"https:\/\/birlikdayanisma.com\/v3\/2009\/12\/is-kazasi-mi-isci-katliami-mi\/"},"author":{"name":"root","@id":"https:\/\/birlikdayanisma.com\/v3\/#\/schema\/person\/2fd4a0bf332f1634d637e73cafde5aff"},"headline":"\u0130\u015f kazas\u0131 m\u0131, i\u015f\u00e7i katliam\u0131 m\u0131?","datePublished":"2009-12-13T20:04:43+00:00","dateModified":"2009-12-17T03:14:21+00:00","mainEntityOfPage":{"@id":"https:\/\/birlikdayanisma.com\/v3\/2009\/12\/is-kazasi-mi-isci-katliami-mi\/"},"wordCount":838,"publisher":{"@id":"https:\/\/birlikdayanisma.com\/v3\/#organization"},"keywords":["Madenci"],"articleSection":["Makale","T\u00fcrkiyeden"],"inLanguage":"tr"},{"@type":"WebPage","@id":"https:\/\/birlikdayanisma.com\/v3\/2009\/12\/is-kazasi-mi-isci-katliami-mi\/","url":"https:\/\/birlikdayanisma.com\/v3\/2009\/12\/is-kazasi-mi-isci-katliami-mi\/","name":"\u0130\u015f kazas\u0131 m\u0131, i\u015f\u00e7i katliam\u0131 m\u0131? &#8211; Birlik Dayan\u0131\u015fma Hareketi","isPartOf":{"@id":"https:\/\/birlikdayanisma.com\/v3\/#website"},"datePublished":"2009-12-13T20:04:43+00:00","dateModified":"2009-12-17T03:14:21+00:00","description":"\u201cBURSA\u2019n\u0131n Mustafakemalpa\u015fa \u0130l\u00e7esi\u2019ne ba\u011fl\u0131 Alpagut K\u00f6y\u00fc s\u0131n\u0131rlar\u0131 i\u00e7indeki Devecikona\u011f\u0131 Mevkii'nde bulunan B\u00fckk\u00f6y Madencilik ve Turizm A.\u015e.'ye ait k\u00f6m\u00fcr","breadcrumb":{"@id":"https:\/\/birlikdayanisma.com\/v3\/2009\/12\/is-kazasi-mi-isci-katliami-mi\/#breadcrumb"},"inLanguage":"tr","potentialAction":[{"@type":"ReadAction","target":["https:\/\/birlikdayanisma.com\/v3\/2009\/12\/is-kazasi-mi-isci-katliami-mi\/"]}]},{"@type":"BreadcrumbList","@id":"https:\/\/birlikdayanisma.com\/v3\/2009\/12\/is-kazasi-mi-isci-katliami-mi\/#breadcrumb","itemListElement":[{"@type":"ListItem","position":1,"name":"Ana sayfa","item":"https:\/\/birlikdayanisma.com\/v3\/"},{"@type":"ListItem","position":2,"name":"\u0130\u015f kazas\u0131 m\u0131, i\u015f\u00e7i katliam\u0131 m\u0131?"}]},{"@type":"WebSite","@id":"https:\/\/birlikdayanisma.com\/v3\/#website","url":"https:\/\/birlikdayanisma.com\/v3\/","name":"Birlik Dayan\u0131\u015fma Hareketi","description":"","publisher":{"@id":"https:\/\/birlikdayanisma.com\/v3\/#organization"},"potentialAction":[{"@type":"SearchAction","target":{"@type":"EntryPoint","urlTemplate":"https:\/\/birlikdayanisma.com\/v3\/?s={search_term_string}"},"query-input":{"@type":"PropertyValueSpecification","valueRequired":true,"valueName":"search_term_string"}}],"inLanguage":"tr"},{"@type":"Organization","@id":"https:\/\/birlikdayanisma.com\/v3\/#organization","name":"Birlik Dayan\u0131\u015fma Hareketi","url":"https:\/\/birlikdayanisma.com\/v3\/","logo":{"@type":"ImageObject","inLanguage":"tr","@id":"https:\/\/birlikdayanisma.com\/v3\/#\/schema\/logo\/image\/","url":"https:\/\/birlikdayanisma.com\/v3\/wp-content\/uploads\/bdh_logo_2016.png","contentUrl":"https:\/\/birlikdayanisma.com\/v3\/wp-content\/uploads\/bdh_logo_2016.png","width":468,"height":60,"caption":"Birlik Dayan\u0131\u015fma Hareketi"},"image":{"@id":"https:\/\/birlikdayanisma.com\/v3\/#\/schema\/logo\/image\/"}},{"@type":"Person","@id":"https:\/\/birlikdayanisma.com\/v3\/#\/schema\/person\/2fd4a0bf332f1634d637e73cafde5aff","name":"root","image":{"@type":"ImageObject","inLanguage":"tr","@id":"https:\/\/birlikdayanisma.com\/v3\/#\/schema\/person\/image\/","url":"https:\/\/secure.gravatar.com\/avatar\/d112a0f70b7f65f990d41bcb2260b0d5?s=96&d=mm&r=g","contentUrl":"https:\/\/secure.gravatar.com\/avatar\/d112a0f70b7f65f990d41bcb2260b0d5?s=96&d=mm&r=g","caption":"root"},"url":"https:\/\/birlikdayanisma.com\/v3\/author\/root\/"}]}},"_links":{"self":[{"href":"https:\/\/birlikdayanisma.com\/v3\/wp-json\/wp\/v2\/posts\/1768","targetHints":{"allow":["GET"]}}],"collection":[{"href":"https:\/\/birlikdayanisma.com\/v3\/wp-json\/wp\/v2\/posts"}],"about":[{"href":"https:\/\/birlikdayanisma.com\/v3\/wp-json\/wp\/v2\/types\/post"}],"author":[{"embeddable":true,"href":"https:\/\/birlikdayanisma.com\/v3\/wp-json\/wp\/v2\/users\/4"}],"replies":[{"embeddable":true,"href":"https:\/\/birlikdayanisma.com\/v3\/wp-json\/wp\/v2\/comments?post=1768"}],"version-history":[{"count":0,"href":"https:\/\/birlikdayanisma.com\/v3\/wp-json\/wp\/v2\/posts\/1768\/revisions"}],"wp:attachment":[{"href":"https:\/\/birlikdayanisma.com\/v3\/wp-json\/wp\/v2\/media?parent=1768"}],"wp:term":[{"taxonomy":"category","embeddable":true,"href":"https:\/\/birlikdayanisma.com\/v3\/wp-json\/wp\/v2\/categories?post=1768"},{"taxonomy":"post_tag","embeddable":true,"href":"https:\/\/birlikdayanisma.com\/v3\/wp-json\/wp\/v2\/tags?post=1768"}],"curies":[{"name":"wp","href":"https:\/\/api.w.org\/{rel}","templated":true}]}}