{"id":1793,"date":"2009-12-18T00:40:41","date_gmt":"2009-12-17T21:40:41","guid":{"rendered":"http:\/\/birlikdayanisma.com\/v3\/?p=1793"},"modified":"2009-12-18T00:42:33","modified_gmt":"2009-12-17T21:42:33","slug":"maden-iscileri-anildi","status":"publish","type":"post","link":"https:\/\/birlikdayanisma.com\/v3\/2009\/12\/maden-iscileri-anildi\/","title":{"rendered":"Maden i\u015f\u00e7ileri an\u0131ld\u0131"},"content":{"rendered":"<p>Aralar\u0131nda \u00dcr\u00fcn Sosyalist Dergi&#8217;nin de oldu\u011fu &#8220;\u0130\u015ften Atmak Yasaklans\u0131n Bursa Platformu&#8221; maden kazas\u0131nda katledilen maden i\u015f\u00e7ilerini and\u0131.<\/p>\n<p><!--more-->Anma\u00a0 kazan\u0131n oldu\u011fu B\u00fckk\u00f6y Maden i\u015fletmesi \u00f6n\u00fcnde ger\u00e7ekle\u015ftirildi.<\/p>\n<p>Kaybetti\u011fimiz 19 maden i\u015f\u00e7isi ad\u0131na 19 karanfil k\u00f6m\u00fcr y\u0131\u011f\u0131nlar\u0131 \u00fczerine b\u0131rak\u0131ld\u0131.<\/p>\n<p>Sayg\u0131 duru\u015fundan sonra, platform ad\u0131na i\u015f\u00e7i katliamlar\u0131n\u0131 k\u0131nayan konu\u015fma yap\u0131ld\u0131.<\/p>\n<p>Daha sonra, maden i\u015f\u00e7ilerinin k\u00f6yleri ziyaret edilerek ailelere ba\u015fsa\u011fl\u0131\u011f\u0131 dilendi. K\u00f6yl\u00fclerle kaza \u00fczerine konu\u015fmalar yap\u0131ld\u0131.<\/p>\n<p>BDH Emek\u00e7ileri olarak bizlerde yerimizi ald\u0131k.<\/p>\n","protected":false},"excerpt":{"rendered":"<p>Aralar\u0131nda \u00dcr\u00fcn Sosyalist Dergi&#8217;nin de oldu\u011fu &#8220;\u0130\u015ften Atmak Yasaklans\u0131n Bursa Platformu&#8221; maden kazas\u0131nda katledilen maden i\u015f\u00e7ilerini and\u0131.<\/p>\n","protected":false},"author":4,"featured_media":0,"comment_status":"closed","ping_status":"open","sticky":false,"template":"","format":"standard","meta":{"_et_pb_use_builder":"","_et_pb_old_content":"","_et_gb_content_width":"","footnotes":""},"categories":[103],"tags":[67],"class_list":["post-1793","post","type-post","status-publish","format-standard","hentry","category-turkiyeden","tag-madenci","et-doesnt-have-format-content","et_post_format-et-post-format-standard"],"yoast_head":"<!-- This site is optimized with the Yoast SEO plugin v26.8 - https:\/\/yoast.com\/product\/yoast-seo-wordpress\/ -->\n<title>Maden i\u015f\u00e7ileri an\u0131ld\u0131 &#8211; Birlik Dayan\u0131\u015fma Hareketi<\/title>\n<meta name=\"description\" content=\"Aralar\u0131nda \u00dcr\u00fcn Sosyalist Dergi&#039;nin de oldu\u011fu &quot;\u0130\u015ften Atmak Yasaklans\u0131n Bursa Platformu&quot; maden kazas\u0131nda katledilen maden i\u015f\u00e7ilerini and\u0131. Anma\u00a0 kazan\u0131n\" \/>\n<meta name=\"robots\" content=\"index, follow, max-snippet:-1, max-image-preview:large, max-video-preview:-1\" \/>\n<link rel=\"canonical\" href=\"https:\/\/birlikdayanisma.com\/v3\/2009\/12\/maden-iscileri-anildi\/\" \/>\n<meta property=\"og:locale\" content=\"tr_TR\" \/>\n<meta property=\"og:type\" content=\"article\" \/>\n<meta property=\"og:title\" content=\"Maden i\u015f\u00e7ileri an\u0131ld\u0131 &#8211; Birlik Dayan\u0131\u015fma Hareketi\" \/>\n<meta property=\"og:description\" content=\"Aralar\u0131nda \u00dcr\u00fcn Sosyalist Dergi&#039;nin de oldu\u011fu &quot;\u0130\u015ften Atmak Yasaklans\u0131n Bursa Platformu&quot; maden kazas\u0131nda katledilen maden i\u015f\u00e7ilerini and\u0131. Anma\u00a0 kazan\u0131n\" \/>\n<meta property=\"og:url\" content=\"https:\/\/birlikdayanisma.com\/v3\/2009\/12\/maden-iscileri-anildi\/\" \/>\n<meta property=\"og:site_name\" content=\"Birlik Dayan\u0131\u015fma Hareketi\" \/>\n<meta property=\"article:published_time\" content=\"2009-12-17T21:40:41+00:00\" \/>\n<meta property=\"article:modified_time\" content=\"2009-12-17T21:42:33+00:00\" \/>\n<meta name=\"author\" content=\"root\" \/>\n<meta name=\"twitter:card\" content=\"summary_large_image\" \/>\n<meta name=\"twitter:label1\" content=\"Yazan:\" \/>\n\t<meta name=\"twitter:data1\" content=\"root\" \/>\n\t<meta name=\"twitter:label2\" content=\"Tahmini okuma s\u00fcresi\" \/>\n\t<meta name=\"twitter:data2\" content=\"1 dakika\" \/>\n<script type=\"application\/ld+json\" class=\"yoast-schema-graph\">{\"@context\":\"https:\/\/schema.org\",\"@graph\":[{\"@type\":\"Article\",\"@id\":\"https:\/\/birlikdayanisma.com\/v3\/2009\/12\/maden-iscileri-anildi\/#article\",\"isPartOf\":{\"@id\":\"https:\/\/birlikdayanisma.com\/v3\/2009\/12\/maden-iscileri-anildi\/\"},\"author\":{\"name\":\"root\",\"@id\":\"https:\/\/birlikdayanisma.com\/v3\/#\/schema\/person\/2fd4a0bf332f1634d637e73cafde5aff\"},\"headline\":\"Maden i\u015f\u00e7ileri an\u0131ld\u0131\",\"datePublished\":\"2009-12-17T21:40:41+00:00\",\"dateModified\":\"2009-12-17T21:42:33+00:00\",\"mainEntityOfPage\":{\"@id\":\"https:\/\/birlikdayanisma.com\/v3\/2009\/12\/maden-iscileri-anildi\/\"},\"wordCount\":110,\"publisher\":{\"@id\":\"https:\/\/birlikdayanisma.com\/v3\/#organization\"},\"keywords\":[\"Madenci\"],\"articleSection\":[\"T\u00fcrkiyeden\"],\"inLanguage\":\"tr\"},{\"@type\":\"WebPage\",\"@id\":\"https:\/\/birlikdayanisma.com\/v3\/2009\/12\/maden-iscileri-anildi\/\",\"url\":\"https:\/\/birlikdayanisma.com\/v3\/2009\/12\/maden-iscileri-anildi\/\",\"name\":\"Maden i\u015f\u00e7ileri an\u0131ld\u0131 &#8211; Birlik Dayan\u0131\u015fma Hareketi\",\"isPartOf\":{\"@id\":\"https:\/\/birlikdayanisma.com\/v3\/#website\"},\"datePublished\":\"2009-12-17T21:40:41+00:00\",\"dateModified\":\"2009-12-17T21:42:33+00:00\",\"description\":\"Aralar\u0131nda \u00dcr\u00fcn Sosyalist Dergi'nin de oldu\u011fu \\\"\u0130\u015ften Atmak Yasaklans\u0131n Bursa Platformu\\\" maden kazas\u0131nda katledilen maden i\u015f\u00e7ilerini and\u0131. Anma\u00a0 kazan\u0131n\",\"breadcrumb\":{\"@id\":\"https:\/\/birlikdayanisma.com\/v3\/2009\/12\/maden-iscileri-anildi\/#breadcrumb\"},\"inLanguage\":\"tr\",\"potentialAction\":[{\"@type\":\"ReadAction\",\"target\":[\"https:\/\/birlikdayanisma.com\/v3\/2009\/12\/maden-iscileri-anildi\/\"]}]},{\"@type\":\"BreadcrumbList\",\"@id\":\"https:\/\/birlikdayanisma.com\/v3\/2009\/12\/maden-iscileri-anildi\/#breadcrumb\",\"itemListElement\":[{\"@type\":\"ListItem\",\"position\":1,\"name\":\"Ana sayfa\",\"item\":\"https:\/\/birlikdayanisma.com\/v3\/\"},{\"@type\":\"ListItem\",\"position\":2,\"name\":\"Maden i\u015f\u00e7ileri an\u0131ld\u0131\"}]},{\"@type\":\"WebSite\",\"@id\":\"https:\/\/birlikdayanisma.com\/v3\/#website\",\"url\":\"https:\/\/birlikdayanisma.com\/v3\/\",\"name\":\"Birlik Dayan\u0131\u015fma Hareketi\",\"description\":\"\",\"publisher\":{\"@id\":\"https:\/\/birlikdayanisma.com\/v3\/#organization\"},\"potentialAction\":[{\"@type\":\"SearchAction\",\"target\":{\"@type\":\"EntryPoint\",\"urlTemplate\":\"https:\/\/birlikdayanisma.com\/v3\/?s={search_term_string}\"},\"query-input\":{\"@type\":\"PropertyValueSpecification\",\"valueRequired\":true,\"valueName\":\"search_term_string\"}}],\"inLanguage\":\"tr\"},{\"@type\":\"Organization\",\"@id\":\"https:\/\/birlikdayanisma.com\/v3\/#organization\",\"name\":\"Birlik Dayan\u0131\u015fma Hareketi\",\"url\":\"https:\/\/birlikdayanisma.com\/v3\/\",\"logo\":{\"@type\":\"ImageObject\",\"inLanguage\":\"tr\",\"@id\":\"https:\/\/birlikdayanisma.com\/v3\/#\/schema\/logo\/image\/\",\"url\":\"https:\/\/birlikdayanisma.com\/v3\/wp-content\/uploads\/bdh_logo_2016.png\",\"contentUrl\":\"https:\/\/birlikdayanisma.com\/v3\/wp-content\/uploads\/bdh_logo_2016.png\",\"width\":468,\"height\":60,\"caption\":\"Birlik Dayan\u0131\u015fma Hareketi\"},\"image\":{\"@id\":\"https:\/\/birlikdayanisma.com\/v3\/#\/schema\/logo\/image\/\"}},{\"@type\":\"Person\",\"@id\":\"https:\/\/birlikdayanisma.com\/v3\/#\/schema\/person\/2fd4a0bf332f1634d637e73cafde5aff\",\"name\":\"root\",\"image\":{\"@type\":\"ImageObject\",\"inLanguage\":\"tr\",\"@id\":\"https:\/\/birlikdayanisma.com\/v3\/#\/schema\/person\/image\/\",\"url\":\"https:\/\/secure.gravatar.com\/avatar\/d112a0f70b7f65f990d41bcb2260b0d5?s=96&d=mm&r=g\",\"contentUrl\":\"https:\/\/secure.gravatar.com\/avatar\/d112a0f70b7f65f990d41bcb2260b0d5?s=96&d=mm&r=g\",\"caption\":\"root\"},\"url\":\"https:\/\/birlikdayanisma.com\/v3\/author\/root\/\"}]}<\/script>\n<!-- \/ Yoast SEO plugin. -->","yoast_head_json":{"title":"Maden i\u015f\u00e7ileri an\u0131ld\u0131 &#8211; Birlik Dayan\u0131\u015fma Hareketi","description":"Aralar\u0131nda \u00dcr\u00fcn Sosyalist Dergi'nin de oldu\u011fu \"\u0130\u015ften Atmak Yasaklans\u0131n Bursa Platformu\" maden kazas\u0131nda katledilen maden i\u015f\u00e7ilerini and\u0131. Anma\u00a0 kazan\u0131n","robots":{"index":"index","follow":"follow","max-snippet":"max-snippet:-1","max-image-preview":"max-image-preview:large","max-video-preview":"max-video-preview:-1"},"canonical":"https:\/\/birlikdayanisma.com\/v3\/2009\/12\/maden-iscileri-anildi\/","og_locale":"tr_TR","og_type":"article","og_title":"Maden i\u015f\u00e7ileri an\u0131ld\u0131 &#8211; Birlik Dayan\u0131\u015fma Hareketi","og_description":"Aralar\u0131nda \u00dcr\u00fcn Sosyalist Dergi'nin de oldu\u011fu \"\u0130\u015ften Atmak Yasaklans\u0131n Bursa Platformu\" maden kazas\u0131nda katledilen maden i\u015f\u00e7ilerini and\u0131. Anma\u00a0 kazan\u0131n","og_url":"https:\/\/birlikdayanisma.com\/v3\/2009\/12\/maden-iscileri-anildi\/","og_site_name":"Birlik Dayan\u0131\u015fma Hareketi","article_published_time":"2009-12-17T21:40:41+00:00","article_modified_time":"2009-12-17T21:42:33+00:00","author":"root","twitter_card":"summary_large_image","twitter_misc":{"Yazan:":"root","Tahmini okuma s\u00fcresi":"1 dakika"},"schema":{"@context":"https:\/\/schema.org","@graph":[{"@type":"Article","@id":"https:\/\/birlikdayanisma.com\/v3\/2009\/12\/maden-iscileri-anildi\/#article","isPartOf":{"@id":"https:\/\/birlikdayanisma.com\/v3\/2009\/12\/maden-iscileri-anildi\/"},"author":{"name":"root","@id":"https:\/\/birlikdayanisma.com\/v3\/#\/schema\/person\/2fd4a0bf332f1634d637e73cafde5aff"},"headline":"Maden i\u015f\u00e7ileri an\u0131ld\u0131","datePublished":"2009-12-17T21:40:41+00:00","dateModified":"2009-12-17T21:42:33+00:00","mainEntityOfPage":{"@id":"https:\/\/birlikdayanisma.com\/v3\/2009\/12\/maden-iscileri-anildi\/"},"wordCount":110,"publisher":{"@id":"https:\/\/birlikdayanisma.com\/v3\/#organization"},"keywords":["Madenci"],"articleSection":["T\u00fcrkiyeden"],"inLanguage":"tr"},{"@type":"WebPage","@id":"https:\/\/birlikdayanisma.com\/v3\/2009\/12\/maden-iscileri-anildi\/","url":"https:\/\/birlikdayanisma.com\/v3\/2009\/12\/maden-iscileri-anildi\/","name":"Maden i\u015f\u00e7ileri an\u0131ld\u0131 &#8211; Birlik Dayan\u0131\u015fma Hareketi","isPartOf":{"@id":"https:\/\/birlikdayanisma.com\/v3\/#website"},"datePublished":"2009-12-17T21:40:41+00:00","dateModified":"2009-12-17T21:42:33+00:00","description":"Aralar\u0131nda \u00dcr\u00fcn Sosyalist Dergi'nin de oldu\u011fu \"\u0130\u015ften Atmak Yasaklans\u0131n Bursa Platformu\" maden kazas\u0131nda katledilen maden i\u015f\u00e7ilerini and\u0131. Anma\u00a0 kazan\u0131n","breadcrumb":{"@id":"https:\/\/birlikdayanisma.com\/v3\/2009\/12\/maden-iscileri-anildi\/#breadcrumb"},"inLanguage":"tr","potentialAction":[{"@type":"ReadAction","target":["https:\/\/birlikdayanisma.com\/v3\/2009\/12\/maden-iscileri-anildi\/"]}]},{"@type":"BreadcrumbList","@id":"https:\/\/birlikdayanisma.com\/v3\/2009\/12\/maden-iscileri-anildi\/#breadcrumb","itemListElement":[{"@type":"ListItem","position":1,"name":"Ana sayfa","item":"https:\/\/birlikdayanisma.com\/v3\/"},{"@type":"ListItem","position":2,"name":"Maden i\u015f\u00e7ileri an\u0131ld\u0131"}]},{"@type":"WebSite","@id":"https:\/\/birlikdayanisma.com\/v3\/#website","url":"https:\/\/birlikdayanisma.com\/v3\/","name":"Birlik Dayan\u0131\u015fma Hareketi","description":"","publisher":{"@id":"https:\/\/birlikdayanisma.com\/v3\/#organization"},"potentialAction":[{"@type":"SearchAction","target":{"@type":"EntryPoint","urlTemplate":"https:\/\/birlikdayanisma.com\/v3\/?s={search_term_string}"},"query-input":{"@type":"PropertyValueSpecification","valueRequired":true,"valueName":"search_term_string"}}],"inLanguage":"tr"},{"@type":"Organization","@id":"https:\/\/birlikdayanisma.com\/v3\/#organization","name":"Birlik Dayan\u0131\u015fma Hareketi","url":"https:\/\/birlikdayanisma.com\/v3\/","logo":{"@type":"ImageObject","inLanguage":"tr","@id":"https:\/\/birlikdayanisma.com\/v3\/#\/schema\/logo\/image\/","url":"https:\/\/birlikdayanisma.com\/v3\/wp-content\/uploads\/bdh_logo_2016.png","contentUrl":"https:\/\/birlikdayanisma.com\/v3\/wp-content\/uploads\/bdh_logo_2016.png","width":468,"height":60,"caption":"Birlik Dayan\u0131\u015fma Hareketi"},"image":{"@id":"https:\/\/birlikdayanisma.com\/v3\/#\/schema\/logo\/image\/"}},{"@type":"Person","@id":"https:\/\/birlikdayanisma.com\/v3\/#\/schema\/person\/2fd4a0bf332f1634d637e73cafde5aff","name":"root","image":{"@type":"ImageObject","inLanguage":"tr","@id":"https:\/\/birlikdayanisma.com\/v3\/#\/schema\/person\/image\/","url":"https:\/\/secure.gravatar.com\/avatar\/d112a0f70b7f65f990d41bcb2260b0d5?s=96&d=mm&r=g","contentUrl":"https:\/\/secure.gravatar.com\/avatar\/d112a0f70b7f65f990d41bcb2260b0d5?s=96&d=mm&r=g","caption":"root"},"url":"https:\/\/birlikdayanisma.com\/v3\/author\/root\/"}]}},"_links":{"self":[{"href":"https:\/\/birlikdayanisma.com\/v3\/wp-json\/wp\/v2\/posts\/1793","targetHints":{"allow":["GET"]}}],"collection":[{"href":"https:\/\/birlikdayanisma.com\/v3\/wp-json\/wp\/v2\/posts"}],"about":[{"href":"https:\/\/birlikdayanisma.com\/v3\/wp-json\/wp\/v2\/types\/post"}],"author":[{"embeddable":true,"href":"https:\/\/birlikdayanisma.com\/v3\/wp-json\/wp\/v2\/users\/4"}],"replies":[{"embeddable":true,"href":"https:\/\/birlikdayanisma.com\/v3\/wp-json\/wp\/v2\/comments?post=1793"}],"version-history":[{"count":0,"href":"https:\/\/birlikdayanisma.com\/v3\/wp-json\/wp\/v2\/posts\/1793\/revisions"}],"wp:attachment":[{"href":"https:\/\/birlikdayanisma.com\/v3\/wp-json\/wp\/v2\/media?parent=1793"}],"wp:term":[{"taxonomy":"category","embeddable":true,"href":"https:\/\/birlikdayanisma.com\/v3\/wp-json\/wp\/v2\/categories?post=1793"},{"taxonomy":"post_tag","embeddable":true,"href":"https:\/\/birlikdayanisma.com\/v3\/wp-json\/wp\/v2\/tags?post=1793"}],"curies":[{"name":"wp","href":"https:\/\/api.w.org\/{rel}","templated":true}]}}