{"id":1893,"date":"2010-01-08T13:45:10","date_gmt":"2010-01-08T10:45:10","guid":{"rendered":"http:\/\/birlikdayanisma.com\/v3\/?p=1893"},"modified":"2010-01-08T13:45:32","modified_gmt":"2010-01-08T10:45:32","slug":"tekel-iscilerine-sinif-kardeslerinden-uluslararasi-destek","status":"publish","type":"post","link":"https:\/\/birlikdayanisma.com\/v3\/2010\/01\/tekel-iscilerine-sinif-kardeslerinden-uluslararasi-destek\/","title":{"rendered":"TEKEL \u0130\u015f\u00e7ilerine, s\u0131n\u0131f karde\u015flerinden uluslararas\u0131 destek"},"content":{"rendered":"<p><!-- \t\t@page { margin: 2cm } \t\tP { margin-bottom: 0.21cm } -->Haklar\u0131 i\u00e7in 25 g\u00fcnd\u00fcr Ankara&#8217;da ve di\u011fer kentlerde eylem yapan Tekel i\u015f\u00e7ilerine, s\u0131n\u0131f karde\u015flerinden uluslararas\u0131 destek geldi.<\/p>\n<p><!--more-->Tekg\u0131da-\u0130\u015f Sendikas\u0131n\u0131n \u00fcyesi oldu\u011fu Uluslararas\u0131 G\u0131da, Tar\u0131m ve Turizm \u0130\u015f\u00e7ileri Sendikas\u0131 (IUF) ile ba\u015flatt\u0131\u011f\u0131 &#8221;Tekel \u0130\u015f\u00e7ilerine Destek Kampanyas\u0131&#8221;n\u0131n uluslararas\u0131 alanda duyulmas\u0131yla, 93 \u00fclkedeki sendika ve kurulu\u015flardan 2 bin 730 destek mesaj\u0131 ula\u015ft\u0131.<\/p>\n<p>Bu \u00fclkeler aras\u0131nda Almanya, Amerika, Arjantin, Arnavutluk, Benin, Bosna Hersek, Burunei Sultanl\u0131\u011f\u0131, Cezayir, Endonezya, Ermenistan, Fransa, Hindistan, Hong Kong, \u0130ran, Jamaika, Kore, Malezya, Meksika, Nijerya, Nikaragua, Pakistan, Rusya, Ruanda, Suriye, \u015eili, Tayland, Venezuela, Yeni Zellanda ve Japonya var.<\/p>\n","protected":false},"excerpt":{"rendered":"<p>Haklar\u0131 i\u00e7in 25 g\u00fcnd\u00fcr Ankara&#8217;da ve di\u011fer kentlerde eylem yapan Tekel i\u015f\u00e7ilerine, s\u0131n\u0131f karde\u015flerinden uluslararas\u0131 destek geldi.<\/p>\n","protected":false},"author":4,"featured_media":0,"comment_status":"closed","ping_status":"open","sticky":false,"template":"","format":"standard","meta":{"_et_pb_use_builder":"","_et_pb_old_content":"","_et_gb_content_width":"","footnotes":""},"categories":[102],"tags":[93,149,96],"class_list":["post-1893","post","type-post","status-publish","format-standard","hentry","category-dunyadan","tag-dayanisma","tag-enternasyonel","tag-tekel","et-doesnt-have-format-content","et_post_format-et-post-format-standard"],"yoast_head":"<!-- This site is optimized with the Yoast SEO plugin v26.8 - https:\/\/yoast.com\/product\/yoast-seo-wordpress\/ -->\n<title>TEKEL \u0130\u015f\u00e7ilerine, s\u0131n\u0131f karde\u015flerinden uluslararas\u0131 destek &#8211; Birlik Dayan\u0131\u015fma Hareketi<\/title>\n<meta name=\"description\" content=\"Haklar\u0131 i\u00e7in 25 g\u00fcnd\u00fcr Ankara&#039;da ve di\u011fer kentlerde eylem yapan Tekel i\u015f\u00e7ilerine, s\u0131n\u0131f karde\u015flerinden uluslararas\u0131 destek geldi. Tekg\u0131da-\u0130\u015f Sendikas\u0131n\u0131n\" \/>\n<meta name=\"robots\" content=\"index, follow, max-snippet:-1, max-image-preview:large, max-video-preview:-1\" \/>\n<link rel=\"canonical\" href=\"https:\/\/birlikdayanisma.com\/v3\/2010\/01\/tekel-iscilerine-sinif-kardeslerinden-uluslararasi-destek\/\" \/>\n<meta property=\"og:locale\" content=\"tr_TR\" \/>\n<meta property=\"og:type\" content=\"article\" \/>\n<meta property=\"og:title\" content=\"TEKEL \u0130\u015f\u00e7ilerine, s\u0131n\u0131f karde\u015flerinden uluslararas\u0131 destek &#8211; Birlik Dayan\u0131\u015fma Hareketi\" \/>\n<meta property=\"og:description\" content=\"Haklar\u0131 i\u00e7in 25 g\u00fcnd\u00fcr Ankara&#039;da ve di\u011fer kentlerde eylem yapan Tekel i\u015f\u00e7ilerine, s\u0131n\u0131f karde\u015flerinden uluslararas\u0131 destek geldi. Tekg\u0131da-\u0130\u015f Sendikas\u0131n\u0131n\" \/>\n<meta property=\"og:url\" content=\"https:\/\/birlikdayanisma.com\/v3\/2010\/01\/tekel-iscilerine-sinif-kardeslerinden-uluslararasi-destek\/\" \/>\n<meta property=\"og:site_name\" content=\"Birlik Dayan\u0131\u015fma Hareketi\" \/>\n<meta property=\"article:published_time\" content=\"2010-01-08T10:45:10+00:00\" \/>\n<meta property=\"article:modified_time\" content=\"2010-01-08T10:45:32+00:00\" \/>\n<meta name=\"author\" content=\"root\" \/>\n<meta name=\"twitter:card\" content=\"summary_large_image\" \/>\n<meta name=\"twitter:label1\" content=\"Yazan:\" \/>\n\t<meta name=\"twitter:data1\" content=\"root\" \/>\n\t<meta name=\"twitter:label2\" content=\"Tahmini okuma s\u00fcresi\" \/>\n\t<meta name=\"twitter:data2\" content=\"1 dakika\" \/>\n<script type=\"application\/ld+json\" class=\"yoast-schema-graph\">{\"@context\":\"https:\/\/schema.org\",\"@graph\":[{\"@type\":\"Article\",\"@id\":\"https:\/\/birlikdayanisma.com\/v3\/2010\/01\/tekel-iscilerine-sinif-kardeslerinden-uluslararasi-destek\/#article\",\"isPartOf\":{\"@id\":\"https:\/\/birlikdayanisma.com\/v3\/2010\/01\/tekel-iscilerine-sinif-kardeslerinden-uluslararasi-destek\/\"},\"author\":{\"name\":\"root\",\"@id\":\"https:\/\/birlikdayanisma.com\/v3\/#\/schema\/person\/2fd4a0bf332f1634d637e73cafde5aff\"},\"headline\":\"TEKEL \u0130\u015f\u00e7ilerine, s\u0131n\u0131f karde\u015flerinden uluslararas\u0131 destek\",\"datePublished\":\"2010-01-08T10:45:10+00:00\",\"dateModified\":\"2010-01-08T10:45:32+00:00\",\"mainEntityOfPage\":{\"@id\":\"https:\/\/birlikdayanisma.com\/v3\/2010\/01\/tekel-iscilerine-sinif-kardeslerinden-uluslararasi-destek\/\"},\"wordCount\":114,\"publisher\":{\"@id\":\"https:\/\/birlikdayanisma.com\/v3\/#organization\"},\"keywords\":[\"Dayan\u0131\u015fma\",\"Enternasyonel\",\"Tekel\"],\"articleSection\":[\"D\u00fcnyadan\"],\"inLanguage\":\"tr\"},{\"@type\":\"WebPage\",\"@id\":\"https:\/\/birlikdayanisma.com\/v3\/2010\/01\/tekel-iscilerine-sinif-kardeslerinden-uluslararasi-destek\/\",\"url\":\"https:\/\/birlikdayanisma.com\/v3\/2010\/01\/tekel-iscilerine-sinif-kardeslerinden-uluslararasi-destek\/\",\"name\":\"TEKEL \u0130\u015f\u00e7ilerine, s\u0131n\u0131f karde\u015flerinden uluslararas\u0131 destek &#8211; Birlik Dayan\u0131\u015fma Hareketi\",\"isPartOf\":{\"@id\":\"https:\/\/birlikdayanisma.com\/v3\/#website\"},\"datePublished\":\"2010-01-08T10:45:10+00:00\",\"dateModified\":\"2010-01-08T10:45:32+00:00\",\"description\":\"Haklar\u0131 i\u00e7in 25 g\u00fcnd\u00fcr Ankara'da ve di\u011fer kentlerde eylem yapan Tekel i\u015f\u00e7ilerine, s\u0131n\u0131f karde\u015flerinden uluslararas\u0131 destek geldi. Tekg\u0131da-\u0130\u015f Sendikas\u0131n\u0131n\",\"breadcrumb\":{\"@id\":\"https:\/\/birlikdayanisma.com\/v3\/2010\/01\/tekel-iscilerine-sinif-kardeslerinden-uluslararasi-destek\/#breadcrumb\"},\"inLanguage\":\"tr\",\"potentialAction\":[{\"@type\":\"ReadAction\",\"target\":[\"https:\/\/birlikdayanisma.com\/v3\/2010\/01\/tekel-iscilerine-sinif-kardeslerinden-uluslararasi-destek\/\"]}]},{\"@type\":\"BreadcrumbList\",\"@id\":\"https:\/\/birlikdayanisma.com\/v3\/2010\/01\/tekel-iscilerine-sinif-kardeslerinden-uluslararasi-destek\/#breadcrumb\",\"itemListElement\":[{\"@type\":\"ListItem\",\"position\":1,\"name\":\"Ana sayfa\",\"item\":\"https:\/\/birlikdayanisma.com\/v3\/\"},{\"@type\":\"ListItem\",\"position\":2,\"name\":\"TEKEL \u0130\u015f\u00e7ilerine, s\u0131n\u0131f karde\u015flerinden uluslararas\u0131 destek\"}]},{\"@type\":\"WebSite\",\"@id\":\"https:\/\/birlikdayanisma.com\/v3\/#website\",\"url\":\"https:\/\/birlikdayanisma.com\/v3\/\",\"name\":\"Birlik Dayan\u0131\u015fma Hareketi\",\"description\":\"\",\"publisher\":{\"@id\":\"https:\/\/birlikdayanisma.com\/v3\/#organization\"},\"potentialAction\":[{\"@type\":\"SearchAction\",\"target\":{\"@type\":\"EntryPoint\",\"urlTemplate\":\"https:\/\/birlikdayanisma.com\/v3\/?s={search_term_string}\"},\"query-input\":{\"@type\":\"PropertyValueSpecification\",\"valueRequired\":true,\"valueName\":\"search_term_string\"}}],\"inLanguage\":\"tr\"},{\"@type\":\"Organization\",\"@id\":\"https:\/\/birlikdayanisma.com\/v3\/#organization\",\"name\":\"Birlik Dayan\u0131\u015fma Hareketi\",\"url\":\"https:\/\/birlikdayanisma.com\/v3\/\",\"logo\":{\"@type\":\"ImageObject\",\"inLanguage\":\"tr\",\"@id\":\"https:\/\/birlikdayanisma.com\/v3\/#\/schema\/logo\/image\/\",\"url\":\"https:\/\/birlikdayanisma.com\/v3\/wp-content\/uploads\/bdh_logo_2016.png\",\"contentUrl\":\"https:\/\/birlikdayanisma.com\/v3\/wp-content\/uploads\/bdh_logo_2016.png\",\"width\":468,\"height\":60,\"caption\":\"Birlik Dayan\u0131\u015fma Hareketi\"},\"image\":{\"@id\":\"https:\/\/birlikdayanisma.com\/v3\/#\/schema\/logo\/image\/\"}},{\"@type\":\"Person\",\"@id\":\"https:\/\/birlikdayanisma.com\/v3\/#\/schema\/person\/2fd4a0bf332f1634d637e73cafde5aff\",\"name\":\"root\",\"image\":{\"@type\":\"ImageObject\",\"inLanguage\":\"tr\",\"@id\":\"https:\/\/birlikdayanisma.com\/v3\/#\/schema\/person\/image\/\",\"url\":\"https:\/\/secure.gravatar.com\/avatar\/d112a0f70b7f65f990d41bcb2260b0d5?s=96&d=mm&r=g\",\"contentUrl\":\"https:\/\/secure.gravatar.com\/avatar\/d112a0f70b7f65f990d41bcb2260b0d5?s=96&d=mm&r=g\",\"caption\":\"root\"},\"url\":\"https:\/\/birlikdayanisma.com\/v3\/author\/root\/\"}]}<\/script>\n<!-- \/ Yoast SEO plugin. -->","yoast_head_json":{"title":"TEKEL \u0130\u015f\u00e7ilerine, s\u0131n\u0131f karde\u015flerinden uluslararas\u0131 destek &#8211; Birlik Dayan\u0131\u015fma Hareketi","description":"Haklar\u0131 i\u00e7in 25 g\u00fcnd\u00fcr Ankara'da ve di\u011fer kentlerde eylem yapan Tekel i\u015f\u00e7ilerine, s\u0131n\u0131f karde\u015flerinden uluslararas\u0131 destek geldi. Tekg\u0131da-\u0130\u015f Sendikas\u0131n\u0131n","robots":{"index":"index","follow":"follow","max-snippet":"max-snippet:-1","max-image-preview":"max-image-preview:large","max-video-preview":"max-video-preview:-1"},"canonical":"https:\/\/birlikdayanisma.com\/v3\/2010\/01\/tekel-iscilerine-sinif-kardeslerinden-uluslararasi-destek\/","og_locale":"tr_TR","og_type":"article","og_title":"TEKEL \u0130\u015f\u00e7ilerine, s\u0131n\u0131f karde\u015flerinden uluslararas\u0131 destek &#8211; Birlik Dayan\u0131\u015fma Hareketi","og_description":"Haklar\u0131 i\u00e7in 25 g\u00fcnd\u00fcr Ankara'da ve di\u011fer kentlerde eylem yapan Tekel i\u015f\u00e7ilerine, s\u0131n\u0131f karde\u015flerinden uluslararas\u0131 destek geldi. Tekg\u0131da-\u0130\u015f Sendikas\u0131n\u0131n","og_url":"https:\/\/birlikdayanisma.com\/v3\/2010\/01\/tekel-iscilerine-sinif-kardeslerinden-uluslararasi-destek\/","og_site_name":"Birlik Dayan\u0131\u015fma Hareketi","article_published_time":"2010-01-08T10:45:10+00:00","article_modified_time":"2010-01-08T10:45:32+00:00","author":"root","twitter_card":"summary_large_image","twitter_misc":{"Yazan:":"root","Tahmini okuma s\u00fcresi":"1 dakika"},"schema":{"@context":"https:\/\/schema.org","@graph":[{"@type":"Article","@id":"https:\/\/birlikdayanisma.com\/v3\/2010\/01\/tekel-iscilerine-sinif-kardeslerinden-uluslararasi-destek\/#article","isPartOf":{"@id":"https:\/\/birlikdayanisma.com\/v3\/2010\/01\/tekel-iscilerine-sinif-kardeslerinden-uluslararasi-destek\/"},"author":{"name":"root","@id":"https:\/\/birlikdayanisma.com\/v3\/#\/schema\/person\/2fd4a0bf332f1634d637e73cafde5aff"},"headline":"TEKEL \u0130\u015f\u00e7ilerine, s\u0131n\u0131f karde\u015flerinden uluslararas\u0131 destek","datePublished":"2010-01-08T10:45:10+00:00","dateModified":"2010-01-08T10:45:32+00:00","mainEntityOfPage":{"@id":"https:\/\/birlikdayanisma.com\/v3\/2010\/01\/tekel-iscilerine-sinif-kardeslerinden-uluslararasi-destek\/"},"wordCount":114,"publisher":{"@id":"https:\/\/birlikdayanisma.com\/v3\/#organization"},"keywords":["Dayan\u0131\u015fma","Enternasyonel","Tekel"],"articleSection":["D\u00fcnyadan"],"inLanguage":"tr"},{"@type":"WebPage","@id":"https:\/\/birlikdayanisma.com\/v3\/2010\/01\/tekel-iscilerine-sinif-kardeslerinden-uluslararasi-destek\/","url":"https:\/\/birlikdayanisma.com\/v3\/2010\/01\/tekel-iscilerine-sinif-kardeslerinden-uluslararasi-destek\/","name":"TEKEL \u0130\u015f\u00e7ilerine, s\u0131n\u0131f karde\u015flerinden uluslararas\u0131 destek &#8211; Birlik Dayan\u0131\u015fma Hareketi","isPartOf":{"@id":"https:\/\/birlikdayanisma.com\/v3\/#website"},"datePublished":"2010-01-08T10:45:10+00:00","dateModified":"2010-01-08T10:45:32+00:00","description":"Haklar\u0131 i\u00e7in 25 g\u00fcnd\u00fcr Ankara'da ve di\u011fer kentlerde eylem yapan Tekel i\u015f\u00e7ilerine, s\u0131n\u0131f karde\u015flerinden uluslararas\u0131 destek geldi. Tekg\u0131da-\u0130\u015f Sendikas\u0131n\u0131n","breadcrumb":{"@id":"https:\/\/birlikdayanisma.com\/v3\/2010\/01\/tekel-iscilerine-sinif-kardeslerinden-uluslararasi-destek\/#breadcrumb"},"inLanguage":"tr","potentialAction":[{"@type":"ReadAction","target":["https:\/\/birlikdayanisma.com\/v3\/2010\/01\/tekel-iscilerine-sinif-kardeslerinden-uluslararasi-destek\/"]}]},{"@type":"BreadcrumbList","@id":"https:\/\/birlikdayanisma.com\/v3\/2010\/01\/tekel-iscilerine-sinif-kardeslerinden-uluslararasi-destek\/#breadcrumb","itemListElement":[{"@type":"ListItem","position":1,"name":"Ana sayfa","item":"https:\/\/birlikdayanisma.com\/v3\/"},{"@type":"ListItem","position":2,"name":"TEKEL \u0130\u015f\u00e7ilerine, s\u0131n\u0131f karde\u015flerinden uluslararas\u0131 destek"}]},{"@type":"WebSite","@id":"https:\/\/birlikdayanisma.com\/v3\/#website","url":"https:\/\/birlikdayanisma.com\/v3\/","name":"Birlik Dayan\u0131\u015fma Hareketi","description":"","publisher":{"@id":"https:\/\/birlikdayanisma.com\/v3\/#organization"},"potentialAction":[{"@type":"SearchAction","target":{"@type":"EntryPoint","urlTemplate":"https:\/\/birlikdayanisma.com\/v3\/?s={search_term_string}"},"query-input":{"@type":"PropertyValueSpecification","valueRequired":true,"valueName":"search_term_string"}}],"inLanguage":"tr"},{"@type":"Organization","@id":"https:\/\/birlikdayanisma.com\/v3\/#organization","name":"Birlik Dayan\u0131\u015fma Hareketi","url":"https:\/\/birlikdayanisma.com\/v3\/","logo":{"@type":"ImageObject","inLanguage":"tr","@id":"https:\/\/birlikdayanisma.com\/v3\/#\/schema\/logo\/image\/","url":"https:\/\/birlikdayanisma.com\/v3\/wp-content\/uploads\/bdh_logo_2016.png","contentUrl":"https:\/\/birlikdayanisma.com\/v3\/wp-content\/uploads\/bdh_logo_2016.png","width":468,"height":60,"caption":"Birlik Dayan\u0131\u015fma Hareketi"},"image":{"@id":"https:\/\/birlikdayanisma.com\/v3\/#\/schema\/logo\/image\/"}},{"@type":"Person","@id":"https:\/\/birlikdayanisma.com\/v3\/#\/schema\/person\/2fd4a0bf332f1634d637e73cafde5aff","name":"root","image":{"@type":"ImageObject","inLanguage":"tr","@id":"https:\/\/birlikdayanisma.com\/v3\/#\/schema\/person\/image\/","url":"https:\/\/secure.gravatar.com\/avatar\/d112a0f70b7f65f990d41bcb2260b0d5?s=96&d=mm&r=g","contentUrl":"https:\/\/secure.gravatar.com\/avatar\/d112a0f70b7f65f990d41bcb2260b0d5?s=96&d=mm&r=g","caption":"root"},"url":"https:\/\/birlikdayanisma.com\/v3\/author\/root\/"}]}},"_links":{"self":[{"href":"https:\/\/birlikdayanisma.com\/v3\/wp-json\/wp\/v2\/posts\/1893","targetHints":{"allow":["GET"]}}],"collection":[{"href":"https:\/\/birlikdayanisma.com\/v3\/wp-json\/wp\/v2\/posts"}],"about":[{"href":"https:\/\/birlikdayanisma.com\/v3\/wp-json\/wp\/v2\/types\/post"}],"author":[{"embeddable":true,"href":"https:\/\/birlikdayanisma.com\/v3\/wp-json\/wp\/v2\/users\/4"}],"replies":[{"embeddable":true,"href":"https:\/\/birlikdayanisma.com\/v3\/wp-json\/wp\/v2\/comments?post=1893"}],"version-history":[{"count":0,"href":"https:\/\/birlikdayanisma.com\/v3\/wp-json\/wp\/v2\/posts\/1893\/revisions"}],"wp:attachment":[{"href":"https:\/\/birlikdayanisma.com\/v3\/wp-json\/wp\/v2\/media?parent=1893"}],"wp:term":[{"taxonomy":"category","embeddable":true,"href":"https:\/\/birlikdayanisma.com\/v3\/wp-json\/wp\/v2\/categories?post=1893"},{"taxonomy":"post_tag","embeddable":true,"href":"https:\/\/birlikdayanisma.com\/v3\/wp-json\/wp\/v2\/tags?post=1893"}],"curies":[{"name":"wp","href":"https:\/\/api.w.org\/{rel}","templated":true}]}}