{"id":1935,"date":"2010-01-14T19:16:07","date_gmt":"2010-01-14T16:16:07","guid":{"rendered":"http:\/\/birlikdayanisma.com\/v3\/?p=1935"},"modified":"2010-01-14T19:16:07","modified_gmt":"2010-01-14T16:16:07","slug":"avrupa-isci-sinifindan-tekel-iscilerine-sinif-dayanismasi","status":"publish","type":"post","link":"https:\/\/birlikdayanisma.com\/v3\/2010\/01\/avrupa-isci-sinifindan-tekel-iscilerine-sinif-dayanismasi\/","title":{"rendered":"Avrupa i\u015f\u00e7i s\u0131n\u0131f\u0131ndan, TEKEL \u0130\u015f\u00e7ilerine s\u0131n\u0131f dayan\u0131\u015fmas\u0131"},"content":{"rendered":"<p><!-- \t\t@page { margin: 2cm } \t\tP { margin-bottom: 0.21cm } --><em><strong>Avrupa G\u0131da Sendikalar\u0131 Birli\u011fi (EFFAT)<\/strong><\/em> Genel Ba\u015fkan\u0131 Bruno Vannoni, Tekel i\u015f\u00e7ilerinin yan\u0131nda olduklar\u0131n\u0131 belirterek, \u201cProblemleriniz \u00e7\u00f6z\u00fcm buluncaya kadar sizlerle birlikte olaca\u011f\u0131z. Hepimiz Tekel i\u015f\u00e7isiyiz\u201d dedi.<br \/>\n<!--more-->Avrupa&#8217;dan i\u015f\u00e7i sendikalar\u0131n\u0131 temsilen T\u00fcrkiye&#8217;ye gelen heyet, T\u00fcrk-\u0130\u015f Genel Merkezi \u00f6n\u00fcnde Tekel i\u015f\u00e7ilerinin 31. g\u00fcn\u00fcne giren eylemine destek ziyaretinde bulundu.<br \/>\nVannoni, i\u015f\u00e7ilere hitaben yapt\u0131\u011f\u0131 konu\u015fmada, uluslararas\u0131 bir dayan\u0131\u015fma i\u00e7in T\u00fcrkiye&#8217;de bulunduklar\u0131n\u0131 s\u00f6yledi.<br \/>\n\u0130\u015f\u00e7ilerin Avrupa&#8217;da da sorun ya\u015fad\u0131\u011f\u0131n\u0131 ifade eden Vannoni, b\u00fct\u00fcn i\u015f\u00e7ilerin birlik olmas\u0131 gerekti\u011fini dile getirdi.<br \/>\nSorunlar\u0131na \u00e7\u00f6z\u00fcm bulununcaya kadar Tekel i\u015f\u00e7ileriyle birlikte olacaklar\u0131n\u0131 vurgulayan Vannoni, \u015funlar\u0131 kaydetti:<br \/>\n\u201cMilletimiz ne olursa olsun hepimiz T\u00fcrk\u00fcz, hepimiz Tekel i\u015f\u00e7isiyiz. Bask\u0131lar\u0131 k\u0131n\u0131yoruz. EFFAT Ba\u015fkan\u0131 olarak Ba\u015fbakan\u0131n\u0131za bizimle g\u00f6r\u00fc\u015fmesi i\u00e7in mektup g\u00f6nderiyoruz ve bu problemin ay\u0131n sonuna kadar \u00e7\u00f6z\u00fclmesini talep ediyoruz. Size samimiyetle getirdi\u011fim tek kelime var d\u00fcnya ad\u0131na, o da &#8216;dayan\u0131\u015fma&#8217;. T\u00fcm d\u00fcnyada haklar\u0131n\u0131 savunan herkese te\u015fekk\u00fcr ediyorum. \u00d6\u011fleden sonra buradan ayr\u0131lmak zorunday\u0131m. Cuma, Cumartesi ve Pazar yapaca\u011f\u0131n\u0131z eylemlerde burada olamayaca\u011f\u0131m ama t\u00fcm d\u00fcnya ad\u0131na kalbim burada olacak. Sizin haklar\u0131n\u0131z var, bunu almak i\u00e7in m\u00fccadele ediyorsunuz. Tekrar dayan\u0131\u015fma, dayan\u0131\u015fma, dayan\u0131\u015fma&#8230;\u201d<br \/>\nVannoni, konu\u015fmas\u0131n\u0131n ard\u0131ndan i\u015f\u00e7ilerin aras\u0131na girerek bir s\u00fcre sohbet etti. Sorunlar\u0131n\u0131 anlatan i\u015f\u00e7iler Vannoni&#8217;ye limon hediye etti.<br \/>\nDaha sonra, Federal Parlamento Dan\u0131\u015fman\u0131 Nicolaus Brauns da Almanya Federal Parlamento \u00fcyesi Ulla Jelpke&#8217;nin g\u00f6nderdi\u011fi Tekel i\u015f\u00e7ileriyle dayan\u0131\u015fma mesaj\u0131n\u0131 okudu. Mesajda, \u00f6zelle\u015ftirme ve kitlesel i\u015fsizli\u011fe kar\u015f\u0131 uluslararas\u0131 dayan\u0131\u015fma i\u00e7inde m\u00fccadele verilmesinin \u00f6nemine dikkat \u00e7ekildi.<\/p>\n<p>Alman G\u0131da \u0130\u015f Sendikas\u0131 NGG Dortmund B\u00f6lge \u015eubesi temsilcisi Selahattin Y\u0131ld\u0131r\u0131m da i\u015f\u00e7i s\u0131n\u0131f\u0131n\u0131n dayan\u0131\u015fmas\u0131n\u0131n \u00e7ok farkl\u0131 bir anlam\u0131 oldu\u011funu, bu dayan\u0131\u015fman\u0131n Tekel i\u015f\u00e7ileriyle kendilerini birle\u015ftirdi\u011fini ifade ederek, \u201cTekel i\u015f\u00e7ileri, T\u00fcrkiye&#8217;deki ve Avrupa&#8217;daki i\u015f\u00e7ilere do\u011fru yolu g\u00f6sterdikleri i\u00e7in buraya geldik\u201d diye konu\u015ftu.<br \/>\nTekel i\u015f\u00e7ilerinin eylemine polis m\u00fcdahalesiyle ilgili Avrupa Parlamentosu g\u00fcndemine getirmek istediklerini belirten Y\u0131ld\u0131r\u0131m, i\u015f\u00e7ilerin m\u00fccadelesini Avrupa&#8217;da ve Almanya&#8217;da anlatacaklar\u0131n\u0131, bu m\u00fccadelenin yayg\u0131nla\u015fmas\u0131 i\u00e7in proje haz\u0131rlad\u0131klar\u0131n\u0131 kaydetti.<br \/>\nAlmanya Metal Sendikas\u0131 IGM Stuttgart \u015eubesi temsilcisi Zeliha Ren\u00e7ber, Tekel i\u015f\u00e7isiyle gurur duydu\u011funu dile getirerek, Naz\u0131m Hikmet&#8217;in \u201cG\u00fcne\u015fi \u0130\u00e7enlerin T\u00fcrk\u00fcs\u00fc\u201d adl\u0131 \u015fiirini okudu.<br \/>\nAlmanya Birle\u015fik Hizmet Sendikas\u0131 temsilcisi Ingrid Jost, Tekel i\u015f\u00e7ilerine y\u00f6nelik uygulamalar\u0131 ele\u015ftirerek, \u201cAyn\u0131 sorunlar\u0131 biz de ya\u015f\u0131yoruz. Halk\u0131n ve ulusun mallar\u0131n\u0131n korunmas\u0131 i\u00e7in biz de h\u00fck\u00fcmetimize kar\u015f\u0131 m\u00fccadele etmek zorunday\u0131z. Biz s\u0131n\u0131r \u00f6tesi insanlar olarak, ortak bir gelece\u011fi ancak m\u00fccadele ederek kazanabiliriz\u201d dedi.<br \/>\nAlmanya Birle\u015fik Hizmet Sendikas\u0131ndan gelen di\u011fer temsilci Benedikt Frank de \u201cAB&#8217;ye girmek i\u00e7in de\u011fil, sizin ihtiyac\u0131n\u0131z oldu\u011fu i\u00e7in demokratikle\u015fme ad\u0131mlar\u0131 at\u0131lmal\u0131. Global d\u00fcnyada sizin m\u00fccadeleniz, asl\u0131nda bizim m\u00fccadelemiz\u201d \u015feklinde konu\u015ftu.<\/p>\n","protected":false},"excerpt":{"rendered":"<p>Avrupa G\u0131da Sendikalar\u0131 Birli\u011fi (EFFAT) Genel Ba\u015fkan\u0131 Bruno Vannoni, Tekel i\u015f\u00e7ilerinin yan\u0131nda olduklar\u0131n\u0131 belirterek, \u201cProblemleriniz \u00e7\u00f6z\u00fcm buluncaya kadar sizlerle birlikte olaca\u011f\u0131z. Hepimiz Tekel i\u015f\u00e7isiyiz\u201d dedi.<\/p>\n","protected":false},"author":4,"featured_media":0,"comment_status":"closed","ping_status":"open","sticky":false,"template":"","format":"standard","meta":{"_et_pb_use_builder":"","_et_pb_old_content":"","_et_gb_content_width":"","footnotes":""},"categories":[102],"tags":[93,96],"class_list":["post-1935","post","type-post","status-publish","format-standard","hentry","category-dunyadan","tag-dayanisma","tag-tekel","et-doesnt-have-format-content","et_post_format-et-post-format-standard"],"yoast_head":"<!-- This site is optimized with the Yoast SEO plugin v26.8 - https:\/\/yoast.com\/product\/yoast-seo-wordpress\/ -->\n<title>Avrupa i\u015f\u00e7i s\u0131n\u0131f\u0131ndan, TEKEL \u0130\u015f\u00e7ilerine s\u0131n\u0131f dayan\u0131\u015fmas\u0131 &#8211; Birlik Dayan\u0131\u015fma Hareketi<\/title>\n<meta name=\"description\" content=\"Avrupa G\u0131da Sendikalar\u0131 Birli\u011fi (EFFAT) Genel Ba\u015fkan\u0131 Bruno Vannoni, Tekel i\u015f\u00e7ilerinin yan\u0131nda olduklar\u0131n\u0131 belirterek, \u201cProblemleriniz \u00e7\u00f6z\u00fcm buluncaya\" \/>\n<meta name=\"robots\" content=\"index, follow, max-snippet:-1, max-image-preview:large, max-video-preview:-1\" \/>\n<link rel=\"canonical\" href=\"https:\/\/birlikdayanisma.com\/v3\/2010\/01\/avrupa-isci-sinifindan-tekel-iscilerine-sinif-dayanismasi\/\" \/>\n<meta property=\"og:locale\" content=\"tr_TR\" \/>\n<meta property=\"og:type\" content=\"article\" \/>\n<meta property=\"og:title\" content=\"Avrupa i\u015f\u00e7i s\u0131n\u0131f\u0131ndan, TEKEL \u0130\u015f\u00e7ilerine s\u0131n\u0131f dayan\u0131\u015fmas\u0131 &#8211; Birlik Dayan\u0131\u015fma Hareketi\" \/>\n<meta property=\"og:description\" content=\"Avrupa G\u0131da Sendikalar\u0131 Birli\u011fi (EFFAT) Genel Ba\u015fkan\u0131 Bruno Vannoni, Tekel i\u015f\u00e7ilerinin yan\u0131nda olduklar\u0131n\u0131 belirterek, \u201cProblemleriniz \u00e7\u00f6z\u00fcm buluncaya\" \/>\n<meta property=\"og:url\" content=\"https:\/\/birlikdayanisma.com\/v3\/2010\/01\/avrupa-isci-sinifindan-tekel-iscilerine-sinif-dayanismasi\/\" \/>\n<meta property=\"og:site_name\" content=\"Birlik Dayan\u0131\u015fma Hareketi\" \/>\n<meta property=\"article:published_time\" content=\"2010-01-14T16:16:07+00:00\" \/>\n<meta name=\"author\" content=\"root\" \/>\n<meta name=\"twitter:card\" content=\"summary_large_image\" \/>\n<meta name=\"twitter:label1\" content=\"Yazan:\" \/>\n\t<meta name=\"twitter:data1\" content=\"root\" \/>\n\t<meta name=\"twitter:label2\" content=\"Tahmini okuma s\u00fcresi\" \/>\n\t<meta name=\"twitter:data2\" content=\"3 dakika\" \/>\n<script type=\"application\/ld+json\" class=\"yoast-schema-graph\">{\"@context\":\"https:\/\/schema.org\",\"@graph\":[{\"@type\":\"Article\",\"@id\":\"https:\/\/birlikdayanisma.com\/v3\/2010\/01\/avrupa-isci-sinifindan-tekel-iscilerine-sinif-dayanismasi\/#article\",\"isPartOf\":{\"@id\":\"https:\/\/birlikdayanisma.com\/v3\/2010\/01\/avrupa-isci-sinifindan-tekel-iscilerine-sinif-dayanismasi\/\"},\"author\":{\"name\":\"root\",\"@id\":\"https:\/\/birlikdayanisma.com\/v3\/#\/schema\/person\/2fd4a0bf332f1634d637e73cafde5aff\"},\"headline\":\"Avrupa i\u015f\u00e7i s\u0131n\u0131f\u0131ndan, TEKEL \u0130\u015f\u00e7ilerine s\u0131n\u0131f dayan\u0131\u015fmas\u0131\",\"datePublished\":\"2010-01-14T16:16:07+00:00\",\"mainEntityOfPage\":{\"@id\":\"https:\/\/birlikdayanisma.com\/v3\/2010\/01\/avrupa-isci-sinifindan-tekel-iscilerine-sinif-dayanismasi\/\"},\"wordCount\":581,\"publisher\":{\"@id\":\"https:\/\/birlikdayanisma.com\/v3\/#organization\"},\"keywords\":[\"Dayan\u0131\u015fma\",\"Tekel\"],\"articleSection\":[\"D\u00fcnyadan\"],\"inLanguage\":\"tr\"},{\"@type\":\"WebPage\",\"@id\":\"https:\/\/birlikdayanisma.com\/v3\/2010\/01\/avrupa-isci-sinifindan-tekel-iscilerine-sinif-dayanismasi\/\",\"url\":\"https:\/\/birlikdayanisma.com\/v3\/2010\/01\/avrupa-isci-sinifindan-tekel-iscilerine-sinif-dayanismasi\/\",\"name\":\"Avrupa i\u015f\u00e7i s\u0131n\u0131f\u0131ndan, TEKEL \u0130\u015f\u00e7ilerine s\u0131n\u0131f dayan\u0131\u015fmas\u0131 &#8211; Birlik Dayan\u0131\u015fma Hareketi\",\"isPartOf\":{\"@id\":\"https:\/\/birlikdayanisma.com\/v3\/#website\"},\"datePublished\":\"2010-01-14T16:16:07+00:00\",\"description\":\"Avrupa G\u0131da Sendikalar\u0131 Birli\u011fi (EFFAT) Genel Ba\u015fkan\u0131 Bruno Vannoni, Tekel i\u015f\u00e7ilerinin yan\u0131nda olduklar\u0131n\u0131 belirterek, \u201cProblemleriniz \u00e7\u00f6z\u00fcm buluncaya\",\"breadcrumb\":{\"@id\":\"https:\/\/birlikdayanisma.com\/v3\/2010\/01\/avrupa-isci-sinifindan-tekel-iscilerine-sinif-dayanismasi\/#breadcrumb\"},\"inLanguage\":\"tr\",\"potentialAction\":[{\"@type\":\"ReadAction\",\"target\":[\"https:\/\/birlikdayanisma.com\/v3\/2010\/01\/avrupa-isci-sinifindan-tekel-iscilerine-sinif-dayanismasi\/\"]}]},{\"@type\":\"BreadcrumbList\",\"@id\":\"https:\/\/birlikdayanisma.com\/v3\/2010\/01\/avrupa-isci-sinifindan-tekel-iscilerine-sinif-dayanismasi\/#breadcrumb\",\"itemListElement\":[{\"@type\":\"ListItem\",\"position\":1,\"name\":\"Ana sayfa\",\"item\":\"https:\/\/birlikdayanisma.com\/v3\/\"},{\"@type\":\"ListItem\",\"position\":2,\"name\":\"Avrupa i\u015f\u00e7i s\u0131n\u0131f\u0131ndan, TEKEL \u0130\u015f\u00e7ilerine s\u0131n\u0131f dayan\u0131\u015fmas\u0131\"}]},{\"@type\":\"WebSite\",\"@id\":\"https:\/\/birlikdayanisma.com\/v3\/#website\",\"url\":\"https:\/\/birlikdayanisma.com\/v3\/\",\"name\":\"Birlik Dayan\u0131\u015fma Hareketi\",\"description\":\"\",\"publisher\":{\"@id\":\"https:\/\/birlikdayanisma.com\/v3\/#organization\"},\"potentialAction\":[{\"@type\":\"SearchAction\",\"target\":{\"@type\":\"EntryPoint\",\"urlTemplate\":\"https:\/\/birlikdayanisma.com\/v3\/?s={search_term_string}\"},\"query-input\":{\"@type\":\"PropertyValueSpecification\",\"valueRequired\":true,\"valueName\":\"search_term_string\"}}],\"inLanguage\":\"tr\"},{\"@type\":\"Organization\",\"@id\":\"https:\/\/birlikdayanisma.com\/v3\/#organization\",\"name\":\"Birlik Dayan\u0131\u015fma Hareketi\",\"url\":\"https:\/\/birlikdayanisma.com\/v3\/\",\"logo\":{\"@type\":\"ImageObject\",\"inLanguage\":\"tr\",\"@id\":\"https:\/\/birlikdayanisma.com\/v3\/#\/schema\/logo\/image\/\",\"url\":\"https:\/\/birlikdayanisma.com\/v3\/wp-content\/uploads\/bdh_logo_2016.png\",\"contentUrl\":\"https:\/\/birlikdayanisma.com\/v3\/wp-content\/uploads\/bdh_logo_2016.png\",\"width\":468,\"height\":60,\"caption\":\"Birlik Dayan\u0131\u015fma Hareketi\"},\"image\":{\"@id\":\"https:\/\/birlikdayanisma.com\/v3\/#\/schema\/logo\/image\/\"}},{\"@type\":\"Person\",\"@id\":\"https:\/\/birlikdayanisma.com\/v3\/#\/schema\/person\/2fd4a0bf332f1634d637e73cafde5aff\",\"name\":\"root\",\"image\":{\"@type\":\"ImageObject\",\"inLanguage\":\"tr\",\"@id\":\"https:\/\/birlikdayanisma.com\/v3\/#\/schema\/person\/image\/\",\"url\":\"https:\/\/secure.gravatar.com\/avatar\/d112a0f70b7f65f990d41bcb2260b0d5?s=96&d=mm&r=g\",\"contentUrl\":\"https:\/\/secure.gravatar.com\/avatar\/d112a0f70b7f65f990d41bcb2260b0d5?s=96&d=mm&r=g\",\"caption\":\"root\"},\"url\":\"https:\/\/birlikdayanisma.com\/v3\/author\/root\/\"}]}<\/script>\n<!-- \/ Yoast SEO plugin. -->","yoast_head_json":{"title":"Avrupa i\u015f\u00e7i s\u0131n\u0131f\u0131ndan, TEKEL \u0130\u015f\u00e7ilerine s\u0131n\u0131f dayan\u0131\u015fmas\u0131 &#8211; Birlik Dayan\u0131\u015fma Hareketi","description":"Avrupa G\u0131da Sendikalar\u0131 Birli\u011fi (EFFAT) Genel Ba\u015fkan\u0131 Bruno Vannoni, Tekel i\u015f\u00e7ilerinin yan\u0131nda olduklar\u0131n\u0131 belirterek, \u201cProblemleriniz \u00e7\u00f6z\u00fcm buluncaya","robots":{"index":"index","follow":"follow","max-snippet":"max-snippet:-1","max-image-preview":"max-image-preview:large","max-video-preview":"max-video-preview:-1"},"canonical":"https:\/\/birlikdayanisma.com\/v3\/2010\/01\/avrupa-isci-sinifindan-tekel-iscilerine-sinif-dayanismasi\/","og_locale":"tr_TR","og_type":"article","og_title":"Avrupa i\u015f\u00e7i s\u0131n\u0131f\u0131ndan, TEKEL \u0130\u015f\u00e7ilerine s\u0131n\u0131f dayan\u0131\u015fmas\u0131 &#8211; Birlik Dayan\u0131\u015fma Hareketi","og_description":"Avrupa G\u0131da Sendikalar\u0131 Birli\u011fi (EFFAT) Genel Ba\u015fkan\u0131 Bruno Vannoni, Tekel i\u015f\u00e7ilerinin yan\u0131nda olduklar\u0131n\u0131 belirterek, \u201cProblemleriniz \u00e7\u00f6z\u00fcm buluncaya","og_url":"https:\/\/birlikdayanisma.com\/v3\/2010\/01\/avrupa-isci-sinifindan-tekel-iscilerine-sinif-dayanismasi\/","og_site_name":"Birlik Dayan\u0131\u015fma Hareketi","article_published_time":"2010-01-14T16:16:07+00:00","author":"root","twitter_card":"summary_large_image","twitter_misc":{"Yazan:":"root","Tahmini okuma s\u00fcresi":"3 dakika"},"schema":{"@context":"https:\/\/schema.org","@graph":[{"@type":"Article","@id":"https:\/\/birlikdayanisma.com\/v3\/2010\/01\/avrupa-isci-sinifindan-tekel-iscilerine-sinif-dayanismasi\/#article","isPartOf":{"@id":"https:\/\/birlikdayanisma.com\/v3\/2010\/01\/avrupa-isci-sinifindan-tekel-iscilerine-sinif-dayanismasi\/"},"author":{"name":"root","@id":"https:\/\/birlikdayanisma.com\/v3\/#\/schema\/person\/2fd4a0bf332f1634d637e73cafde5aff"},"headline":"Avrupa i\u015f\u00e7i s\u0131n\u0131f\u0131ndan, TEKEL \u0130\u015f\u00e7ilerine s\u0131n\u0131f dayan\u0131\u015fmas\u0131","datePublished":"2010-01-14T16:16:07+00:00","mainEntityOfPage":{"@id":"https:\/\/birlikdayanisma.com\/v3\/2010\/01\/avrupa-isci-sinifindan-tekel-iscilerine-sinif-dayanismasi\/"},"wordCount":581,"publisher":{"@id":"https:\/\/birlikdayanisma.com\/v3\/#organization"},"keywords":["Dayan\u0131\u015fma","Tekel"],"articleSection":["D\u00fcnyadan"],"inLanguage":"tr"},{"@type":"WebPage","@id":"https:\/\/birlikdayanisma.com\/v3\/2010\/01\/avrupa-isci-sinifindan-tekel-iscilerine-sinif-dayanismasi\/","url":"https:\/\/birlikdayanisma.com\/v3\/2010\/01\/avrupa-isci-sinifindan-tekel-iscilerine-sinif-dayanismasi\/","name":"Avrupa i\u015f\u00e7i s\u0131n\u0131f\u0131ndan, TEKEL \u0130\u015f\u00e7ilerine s\u0131n\u0131f dayan\u0131\u015fmas\u0131 &#8211; Birlik Dayan\u0131\u015fma Hareketi","isPartOf":{"@id":"https:\/\/birlikdayanisma.com\/v3\/#website"},"datePublished":"2010-01-14T16:16:07+00:00","description":"Avrupa G\u0131da Sendikalar\u0131 Birli\u011fi (EFFAT) Genel Ba\u015fkan\u0131 Bruno Vannoni, Tekel i\u015f\u00e7ilerinin yan\u0131nda olduklar\u0131n\u0131 belirterek, \u201cProblemleriniz \u00e7\u00f6z\u00fcm buluncaya","breadcrumb":{"@id":"https:\/\/birlikdayanisma.com\/v3\/2010\/01\/avrupa-isci-sinifindan-tekel-iscilerine-sinif-dayanismasi\/#breadcrumb"},"inLanguage":"tr","potentialAction":[{"@type":"ReadAction","target":["https:\/\/birlikdayanisma.com\/v3\/2010\/01\/avrupa-isci-sinifindan-tekel-iscilerine-sinif-dayanismasi\/"]}]},{"@type":"BreadcrumbList","@id":"https:\/\/birlikdayanisma.com\/v3\/2010\/01\/avrupa-isci-sinifindan-tekel-iscilerine-sinif-dayanismasi\/#breadcrumb","itemListElement":[{"@type":"ListItem","position":1,"name":"Ana sayfa","item":"https:\/\/birlikdayanisma.com\/v3\/"},{"@type":"ListItem","position":2,"name":"Avrupa i\u015f\u00e7i s\u0131n\u0131f\u0131ndan, TEKEL \u0130\u015f\u00e7ilerine s\u0131n\u0131f dayan\u0131\u015fmas\u0131"}]},{"@type":"WebSite","@id":"https:\/\/birlikdayanisma.com\/v3\/#website","url":"https:\/\/birlikdayanisma.com\/v3\/","name":"Birlik Dayan\u0131\u015fma Hareketi","description":"","publisher":{"@id":"https:\/\/birlikdayanisma.com\/v3\/#organization"},"potentialAction":[{"@type":"SearchAction","target":{"@type":"EntryPoint","urlTemplate":"https:\/\/birlikdayanisma.com\/v3\/?s={search_term_string}"},"query-input":{"@type":"PropertyValueSpecification","valueRequired":true,"valueName":"search_term_string"}}],"inLanguage":"tr"},{"@type":"Organization","@id":"https:\/\/birlikdayanisma.com\/v3\/#organization","name":"Birlik Dayan\u0131\u015fma Hareketi","url":"https:\/\/birlikdayanisma.com\/v3\/","logo":{"@type":"ImageObject","inLanguage":"tr","@id":"https:\/\/birlikdayanisma.com\/v3\/#\/schema\/logo\/image\/","url":"https:\/\/birlikdayanisma.com\/v3\/wp-content\/uploads\/bdh_logo_2016.png","contentUrl":"https:\/\/birlikdayanisma.com\/v3\/wp-content\/uploads\/bdh_logo_2016.png","width":468,"height":60,"caption":"Birlik Dayan\u0131\u015fma Hareketi"},"image":{"@id":"https:\/\/birlikdayanisma.com\/v3\/#\/schema\/logo\/image\/"}},{"@type":"Person","@id":"https:\/\/birlikdayanisma.com\/v3\/#\/schema\/person\/2fd4a0bf332f1634d637e73cafde5aff","name":"root","image":{"@type":"ImageObject","inLanguage":"tr","@id":"https:\/\/birlikdayanisma.com\/v3\/#\/schema\/person\/image\/","url":"https:\/\/secure.gravatar.com\/avatar\/d112a0f70b7f65f990d41bcb2260b0d5?s=96&d=mm&r=g","contentUrl":"https:\/\/secure.gravatar.com\/avatar\/d112a0f70b7f65f990d41bcb2260b0d5?s=96&d=mm&r=g","caption":"root"},"url":"https:\/\/birlikdayanisma.com\/v3\/author\/root\/"}]}},"_links":{"self":[{"href":"https:\/\/birlikdayanisma.com\/v3\/wp-json\/wp\/v2\/posts\/1935","targetHints":{"allow":["GET"]}}],"collection":[{"href":"https:\/\/birlikdayanisma.com\/v3\/wp-json\/wp\/v2\/posts"}],"about":[{"href":"https:\/\/birlikdayanisma.com\/v3\/wp-json\/wp\/v2\/types\/post"}],"author":[{"embeddable":true,"href":"https:\/\/birlikdayanisma.com\/v3\/wp-json\/wp\/v2\/users\/4"}],"replies":[{"embeddable":true,"href":"https:\/\/birlikdayanisma.com\/v3\/wp-json\/wp\/v2\/comments?post=1935"}],"version-history":[{"count":0,"href":"https:\/\/birlikdayanisma.com\/v3\/wp-json\/wp\/v2\/posts\/1935\/revisions"}],"wp:attachment":[{"href":"https:\/\/birlikdayanisma.com\/v3\/wp-json\/wp\/v2\/media?parent=1935"}],"wp:term":[{"taxonomy":"category","embeddable":true,"href":"https:\/\/birlikdayanisma.com\/v3\/wp-json\/wp\/v2\/categories?post=1935"},{"taxonomy":"post_tag","embeddable":true,"href":"https:\/\/birlikdayanisma.com\/v3\/wp-json\/wp\/v2\/tags?post=1935"}],"curies":[{"name":"wp","href":"https:\/\/api.w.org\/{rel}","templated":true}]}}