{"id":1976,"date":"2010-01-28T23:37:21","date_gmt":"2010-01-28T20:37:21","guid":{"rendered":"http:\/\/birlikdayanisma.com\/v3\/?p=1976"},"modified":"2010-02-02T03:50:59","modified_gmt":"2010-02-02T00:50:59","slug":"her-yer-tekel-her-yer-direnis","status":"publish","type":"post","link":"https:\/\/birlikdayanisma.com\/v3\/2010\/01\/her-yer-tekel-her-yer-direnis\/","title":{"rendered":"Her yer TEKEL, her yer direni\u015f!"},"content":{"rendered":"<p><!-- \t\t@page { margin: 2cm } \t\tP { margin-bottom: 0.21cm } --><strong>\u201c\u0130\u015ften Atmak Yasaklans\u0131n Platformu\u201d<\/strong> bile\u015fenleri bug\u00fcn (28.01.2010) saat 18&#8217;de Taksim Gezi Park\u0131&#8217;nda toplanarak T\u00fcrk-\u0130\u015f B\u00f6lge Temsilcili\u011fi&#8217;nin bulundu\u011fu G\u00fcm\u00fc\u015fsuyu&#8217;na y\u00fcr\u00fcd\u00fcler.<\/p>\n<p><!--more-->Y\u00fcr\u00fcy\u00fc\u015f s\u0131ras\u0131nda, \u201cKurtulu\u015f yok, tek ba\u015f\u0131na, ya hep beraber, ya hi\u00e7 birimiz\u201d, \u201cYa\u015fas\u0131n s\u0131n\u0131f dayan\u0131\u015fmas\u0131\u201d, \u201cZafer direnen emek\u00e7inin olacak\u201d, \u201cEsenyurt, TEKEL, \u0130tfaiye Direni\u015f her yerde\u201d sloganlar\u0131 atarak Taksim&#8217;den G\u00fcm\u00fc\u015fsuyu&#8217;na y\u00fcr\u00fcyen kortej T\u00fcrk-\u0130\u015f \u00f6n\u00fcnde bekleyen di\u011fer emek dostu ilerici-devrimci kurumlarla bir araya geldi.<\/p>\n<p>T\u00fcrk-i\u015f binas\u0131 \u00f6n\u00fcnde b\u00fcy\u00fcyen kitle, Ankara&#8217;da h\u00fck\u00fcmet ile s\u00fcren g\u00f6r\u00fc\u015fme sonu\u00e7lanana kadar alan\u0131 terk etmeme kararl\u0131l\u0131\u011f\u0131n\u0131 dile getirdi.<\/p>\n<p>Kitle \u201cGenel grev, genel direni\u015f\u201d slogan\u0131n\u0131 s\u0131k s\u0131k hayk\u0131rd\u0131.<\/p>\n<p>Ankara&#8217;dan gelen pazartesiye (01.02.2010) erteleme karar\u0131 \u00fczerine kitle da\u011f\u0131ld\u0131.<\/p>\n<p>Daha \u00f6nce bir araya gelen emek \u00f6rg\u00fctleri <em><strong>(D\u0130SK, KESK, T\u00fcrk-\u0130\u015f, Hak-\u0130\u015f, Kamu-Sen, Memur-Sen)<\/strong><\/em> bug\u00fcnk\u00fc g\u00f6r\u00fc\u015fmeden olumlu bir karar \u00e7\u0131kmazsa 03.02.2010 g\u00fcn\u00fc <em><strong>&#8220;1 g\u00fcnl\u00fck i\u015f b\u0131rakma&#8221;<\/strong><\/em> eylemi karar\u0131 alm\u0131\u015flard\u0131.<\/p>\n","protected":false},"excerpt":{"rendered":"<p>\u201c\u0130\u015ften Atmak Yasaklans\u0131n Platformu\u201d bile\u015fenleri bug\u00fcn (28.01.2010) saat 18&#8217;de Taksim Gezi Park\u0131&#8217;nda toplanarak T\u00fcrk-\u0130\u015f B\u00f6lge Temsilcili\u011fi&#8217;nin bulundu\u011fu G\u00fcm\u00fc\u015fsuyu&#8217;na y\u00fcr\u00fcd\u00fcler.<\/p>\n","protected":false},"author":4,"featured_media":0,"comment_status":"closed","ping_status":"open","sticky":false,"template":"","format":"standard","meta":{"_et_pb_use_builder":"","_et_pb_old_content":"","_et_gb_content_width":"","footnotes":""},"categories":[103],"tags":[93,96],"class_list":["post-1976","post","type-post","status-publish","format-standard","hentry","category-turkiyeden","tag-dayanisma","tag-tekel","et-doesnt-have-format-content","et_post_format-et-post-format-standard"],"yoast_head":"<!-- This site is optimized with the Yoast SEO plugin v26.8 - https:\/\/yoast.com\/product\/yoast-seo-wordpress\/ -->\n<title>Her yer TEKEL, her yer direni\u015f! &#8211; Birlik Dayan\u0131\u015fma Hareketi<\/title>\n<meta name=\"description\" content=\"\u201c\u0130\u015ften Atmak Yasaklans\u0131n Platformu\u201d bile\u015fenleri bug\u00fcn (28.01.2010) saat 18&#039;de Taksim Gezi Park\u0131&#039;nda toplanarak T\u00fcrk-\u0130\u015f B\u00f6lge Temsilcili\u011fi&#039;nin bulundu\u011fu\" \/>\n<meta name=\"robots\" content=\"index, follow, max-snippet:-1, max-image-preview:large, max-video-preview:-1\" \/>\n<link rel=\"canonical\" href=\"https:\/\/birlikdayanisma.com\/v3\/2010\/01\/her-yer-tekel-her-yer-direnis\/\" \/>\n<meta property=\"og:locale\" content=\"tr_TR\" \/>\n<meta property=\"og:type\" content=\"article\" \/>\n<meta property=\"og:title\" content=\"Her yer TEKEL, her yer direni\u015f! &#8211; Birlik Dayan\u0131\u015fma Hareketi\" \/>\n<meta property=\"og:description\" content=\"\u201c\u0130\u015ften Atmak Yasaklans\u0131n Platformu\u201d bile\u015fenleri bug\u00fcn (28.01.2010) saat 18&#039;de Taksim Gezi Park\u0131&#039;nda toplanarak T\u00fcrk-\u0130\u015f B\u00f6lge Temsilcili\u011fi&#039;nin bulundu\u011fu\" \/>\n<meta property=\"og:url\" content=\"https:\/\/birlikdayanisma.com\/v3\/2010\/01\/her-yer-tekel-her-yer-direnis\/\" \/>\n<meta property=\"og:site_name\" content=\"Birlik Dayan\u0131\u015fma Hareketi\" \/>\n<meta property=\"article:published_time\" content=\"2010-01-28T20:37:21+00:00\" \/>\n<meta property=\"article:modified_time\" content=\"2010-02-02T00:50:59+00:00\" \/>\n<meta name=\"author\" content=\"root\" \/>\n<meta name=\"twitter:card\" content=\"summary_large_image\" \/>\n<meta name=\"twitter:label1\" content=\"Yazan:\" \/>\n\t<meta name=\"twitter:data1\" content=\"root\" \/>\n\t<meta name=\"twitter:label2\" content=\"Tahmini okuma s\u00fcresi\" \/>\n\t<meta name=\"twitter:data2\" content=\"1 dakika\" \/>\n<script type=\"application\/ld+json\" class=\"yoast-schema-graph\">{\"@context\":\"https:\/\/schema.org\",\"@graph\":[{\"@type\":\"Article\",\"@id\":\"https:\/\/birlikdayanisma.com\/v3\/2010\/01\/her-yer-tekel-her-yer-direnis\/#article\",\"isPartOf\":{\"@id\":\"https:\/\/birlikdayanisma.com\/v3\/2010\/01\/her-yer-tekel-her-yer-direnis\/\"},\"author\":{\"name\":\"root\",\"@id\":\"https:\/\/birlikdayanisma.com\/v3\/#\/schema\/person\/2fd4a0bf332f1634d637e73cafde5aff\"},\"headline\":\"Her yer TEKEL, her yer direni\u015f!\",\"datePublished\":\"2010-01-28T20:37:21+00:00\",\"dateModified\":\"2010-02-02T00:50:59+00:00\",\"mainEntityOfPage\":{\"@id\":\"https:\/\/birlikdayanisma.com\/v3\/2010\/01\/her-yer-tekel-her-yer-direnis\/\"},\"wordCount\":192,\"publisher\":{\"@id\":\"https:\/\/birlikdayanisma.com\/v3\/#organization\"},\"keywords\":[\"Dayan\u0131\u015fma\",\"Tekel\"],\"articleSection\":[\"T\u00fcrkiyeden\"],\"inLanguage\":\"tr\"},{\"@type\":\"WebPage\",\"@id\":\"https:\/\/birlikdayanisma.com\/v3\/2010\/01\/her-yer-tekel-her-yer-direnis\/\",\"url\":\"https:\/\/birlikdayanisma.com\/v3\/2010\/01\/her-yer-tekel-her-yer-direnis\/\",\"name\":\"Her yer TEKEL, her yer direni\u015f! &#8211; Birlik Dayan\u0131\u015fma Hareketi\",\"isPartOf\":{\"@id\":\"https:\/\/birlikdayanisma.com\/v3\/#website\"},\"datePublished\":\"2010-01-28T20:37:21+00:00\",\"dateModified\":\"2010-02-02T00:50:59+00:00\",\"description\":\"\u201c\u0130\u015ften Atmak Yasaklans\u0131n Platformu\u201d bile\u015fenleri bug\u00fcn (28.01.2010) saat 18'de Taksim Gezi Park\u0131'nda toplanarak T\u00fcrk-\u0130\u015f B\u00f6lge Temsilcili\u011fi'nin bulundu\u011fu\",\"breadcrumb\":{\"@id\":\"https:\/\/birlikdayanisma.com\/v3\/2010\/01\/her-yer-tekel-her-yer-direnis\/#breadcrumb\"},\"inLanguage\":\"tr\",\"potentialAction\":[{\"@type\":\"ReadAction\",\"target\":[\"https:\/\/birlikdayanisma.com\/v3\/2010\/01\/her-yer-tekel-her-yer-direnis\/\"]}]},{\"@type\":\"BreadcrumbList\",\"@id\":\"https:\/\/birlikdayanisma.com\/v3\/2010\/01\/her-yer-tekel-her-yer-direnis\/#breadcrumb\",\"itemListElement\":[{\"@type\":\"ListItem\",\"position\":1,\"name\":\"Ana sayfa\",\"item\":\"https:\/\/birlikdayanisma.com\/v3\/\"},{\"@type\":\"ListItem\",\"position\":2,\"name\":\"Her yer TEKEL, her yer direni\u015f!\"}]},{\"@type\":\"WebSite\",\"@id\":\"https:\/\/birlikdayanisma.com\/v3\/#website\",\"url\":\"https:\/\/birlikdayanisma.com\/v3\/\",\"name\":\"Birlik Dayan\u0131\u015fma Hareketi\",\"description\":\"\",\"publisher\":{\"@id\":\"https:\/\/birlikdayanisma.com\/v3\/#organization\"},\"potentialAction\":[{\"@type\":\"SearchAction\",\"target\":{\"@type\":\"EntryPoint\",\"urlTemplate\":\"https:\/\/birlikdayanisma.com\/v3\/?s={search_term_string}\"},\"query-input\":{\"@type\":\"PropertyValueSpecification\",\"valueRequired\":true,\"valueName\":\"search_term_string\"}}],\"inLanguage\":\"tr\"},{\"@type\":\"Organization\",\"@id\":\"https:\/\/birlikdayanisma.com\/v3\/#organization\",\"name\":\"Birlik Dayan\u0131\u015fma Hareketi\",\"url\":\"https:\/\/birlikdayanisma.com\/v3\/\",\"logo\":{\"@type\":\"ImageObject\",\"inLanguage\":\"tr\",\"@id\":\"https:\/\/birlikdayanisma.com\/v3\/#\/schema\/logo\/image\/\",\"url\":\"https:\/\/birlikdayanisma.com\/v3\/wp-content\/uploads\/bdh_logo_2016.png\",\"contentUrl\":\"https:\/\/birlikdayanisma.com\/v3\/wp-content\/uploads\/bdh_logo_2016.png\",\"width\":468,\"height\":60,\"caption\":\"Birlik Dayan\u0131\u015fma Hareketi\"},\"image\":{\"@id\":\"https:\/\/birlikdayanisma.com\/v3\/#\/schema\/logo\/image\/\"}},{\"@type\":\"Person\",\"@id\":\"https:\/\/birlikdayanisma.com\/v3\/#\/schema\/person\/2fd4a0bf332f1634d637e73cafde5aff\",\"name\":\"root\",\"image\":{\"@type\":\"ImageObject\",\"inLanguage\":\"tr\",\"@id\":\"https:\/\/birlikdayanisma.com\/v3\/#\/schema\/person\/image\/\",\"url\":\"https:\/\/secure.gravatar.com\/avatar\/d112a0f70b7f65f990d41bcb2260b0d5?s=96&d=mm&r=g\",\"contentUrl\":\"https:\/\/secure.gravatar.com\/avatar\/d112a0f70b7f65f990d41bcb2260b0d5?s=96&d=mm&r=g\",\"caption\":\"root\"},\"url\":\"https:\/\/birlikdayanisma.com\/v3\/author\/root\/\"}]}<\/script>\n<!-- \/ Yoast SEO plugin. -->","yoast_head_json":{"title":"Her yer TEKEL, her yer direni\u015f! &#8211; Birlik Dayan\u0131\u015fma Hareketi","description":"\u201c\u0130\u015ften Atmak Yasaklans\u0131n Platformu\u201d bile\u015fenleri bug\u00fcn (28.01.2010) saat 18'de Taksim Gezi Park\u0131'nda toplanarak T\u00fcrk-\u0130\u015f B\u00f6lge Temsilcili\u011fi'nin bulundu\u011fu","robots":{"index":"index","follow":"follow","max-snippet":"max-snippet:-1","max-image-preview":"max-image-preview:large","max-video-preview":"max-video-preview:-1"},"canonical":"https:\/\/birlikdayanisma.com\/v3\/2010\/01\/her-yer-tekel-her-yer-direnis\/","og_locale":"tr_TR","og_type":"article","og_title":"Her yer TEKEL, her yer direni\u015f! &#8211; Birlik Dayan\u0131\u015fma Hareketi","og_description":"\u201c\u0130\u015ften Atmak Yasaklans\u0131n Platformu\u201d bile\u015fenleri bug\u00fcn (28.01.2010) saat 18'de Taksim Gezi Park\u0131'nda toplanarak T\u00fcrk-\u0130\u015f B\u00f6lge Temsilcili\u011fi'nin bulundu\u011fu","og_url":"https:\/\/birlikdayanisma.com\/v3\/2010\/01\/her-yer-tekel-her-yer-direnis\/","og_site_name":"Birlik Dayan\u0131\u015fma Hareketi","article_published_time":"2010-01-28T20:37:21+00:00","article_modified_time":"2010-02-02T00:50:59+00:00","author":"root","twitter_card":"summary_large_image","twitter_misc":{"Yazan:":"root","Tahmini okuma s\u00fcresi":"1 dakika"},"schema":{"@context":"https:\/\/schema.org","@graph":[{"@type":"Article","@id":"https:\/\/birlikdayanisma.com\/v3\/2010\/01\/her-yer-tekel-her-yer-direnis\/#article","isPartOf":{"@id":"https:\/\/birlikdayanisma.com\/v3\/2010\/01\/her-yer-tekel-her-yer-direnis\/"},"author":{"name":"root","@id":"https:\/\/birlikdayanisma.com\/v3\/#\/schema\/person\/2fd4a0bf332f1634d637e73cafde5aff"},"headline":"Her yer TEKEL, her yer direni\u015f!","datePublished":"2010-01-28T20:37:21+00:00","dateModified":"2010-02-02T00:50:59+00:00","mainEntityOfPage":{"@id":"https:\/\/birlikdayanisma.com\/v3\/2010\/01\/her-yer-tekel-her-yer-direnis\/"},"wordCount":192,"publisher":{"@id":"https:\/\/birlikdayanisma.com\/v3\/#organization"},"keywords":["Dayan\u0131\u015fma","Tekel"],"articleSection":["T\u00fcrkiyeden"],"inLanguage":"tr"},{"@type":"WebPage","@id":"https:\/\/birlikdayanisma.com\/v3\/2010\/01\/her-yer-tekel-her-yer-direnis\/","url":"https:\/\/birlikdayanisma.com\/v3\/2010\/01\/her-yer-tekel-her-yer-direnis\/","name":"Her yer TEKEL, her yer direni\u015f! &#8211; Birlik Dayan\u0131\u015fma Hareketi","isPartOf":{"@id":"https:\/\/birlikdayanisma.com\/v3\/#website"},"datePublished":"2010-01-28T20:37:21+00:00","dateModified":"2010-02-02T00:50:59+00:00","description":"\u201c\u0130\u015ften Atmak Yasaklans\u0131n Platformu\u201d bile\u015fenleri bug\u00fcn (28.01.2010) saat 18'de Taksim Gezi Park\u0131'nda toplanarak T\u00fcrk-\u0130\u015f B\u00f6lge Temsilcili\u011fi'nin bulundu\u011fu","breadcrumb":{"@id":"https:\/\/birlikdayanisma.com\/v3\/2010\/01\/her-yer-tekel-her-yer-direnis\/#breadcrumb"},"inLanguage":"tr","potentialAction":[{"@type":"ReadAction","target":["https:\/\/birlikdayanisma.com\/v3\/2010\/01\/her-yer-tekel-her-yer-direnis\/"]}]},{"@type":"BreadcrumbList","@id":"https:\/\/birlikdayanisma.com\/v3\/2010\/01\/her-yer-tekel-her-yer-direnis\/#breadcrumb","itemListElement":[{"@type":"ListItem","position":1,"name":"Ana sayfa","item":"https:\/\/birlikdayanisma.com\/v3\/"},{"@type":"ListItem","position":2,"name":"Her yer TEKEL, her yer direni\u015f!"}]},{"@type":"WebSite","@id":"https:\/\/birlikdayanisma.com\/v3\/#website","url":"https:\/\/birlikdayanisma.com\/v3\/","name":"Birlik Dayan\u0131\u015fma Hareketi","description":"","publisher":{"@id":"https:\/\/birlikdayanisma.com\/v3\/#organization"},"potentialAction":[{"@type":"SearchAction","target":{"@type":"EntryPoint","urlTemplate":"https:\/\/birlikdayanisma.com\/v3\/?s={search_term_string}"},"query-input":{"@type":"PropertyValueSpecification","valueRequired":true,"valueName":"search_term_string"}}],"inLanguage":"tr"},{"@type":"Organization","@id":"https:\/\/birlikdayanisma.com\/v3\/#organization","name":"Birlik Dayan\u0131\u015fma Hareketi","url":"https:\/\/birlikdayanisma.com\/v3\/","logo":{"@type":"ImageObject","inLanguage":"tr","@id":"https:\/\/birlikdayanisma.com\/v3\/#\/schema\/logo\/image\/","url":"https:\/\/birlikdayanisma.com\/v3\/wp-content\/uploads\/bdh_logo_2016.png","contentUrl":"https:\/\/birlikdayanisma.com\/v3\/wp-content\/uploads\/bdh_logo_2016.png","width":468,"height":60,"caption":"Birlik Dayan\u0131\u015fma Hareketi"},"image":{"@id":"https:\/\/birlikdayanisma.com\/v3\/#\/schema\/logo\/image\/"}},{"@type":"Person","@id":"https:\/\/birlikdayanisma.com\/v3\/#\/schema\/person\/2fd4a0bf332f1634d637e73cafde5aff","name":"root","image":{"@type":"ImageObject","inLanguage":"tr","@id":"https:\/\/birlikdayanisma.com\/v3\/#\/schema\/person\/image\/","url":"https:\/\/secure.gravatar.com\/avatar\/d112a0f70b7f65f990d41bcb2260b0d5?s=96&d=mm&r=g","contentUrl":"https:\/\/secure.gravatar.com\/avatar\/d112a0f70b7f65f990d41bcb2260b0d5?s=96&d=mm&r=g","caption":"root"},"url":"https:\/\/birlikdayanisma.com\/v3\/author\/root\/"}]}},"_links":{"self":[{"href":"https:\/\/birlikdayanisma.com\/v3\/wp-json\/wp\/v2\/posts\/1976","targetHints":{"allow":["GET"]}}],"collection":[{"href":"https:\/\/birlikdayanisma.com\/v3\/wp-json\/wp\/v2\/posts"}],"about":[{"href":"https:\/\/birlikdayanisma.com\/v3\/wp-json\/wp\/v2\/types\/post"}],"author":[{"embeddable":true,"href":"https:\/\/birlikdayanisma.com\/v3\/wp-json\/wp\/v2\/users\/4"}],"replies":[{"embeddable":true,"href":"https:\/\/birlikdayanisma.com\/v3\/wp-json\/wp\/v2\/comments?post=1976"}],"version-history":[{"count":0,"href":"https:\/\/birlikdayanisma.com\/v3\/wp-json\/wp\/v2\/posts\/1976\/revisions"}],"wp:attachment":[{"href":"https:\/\/birlikdayanisma.com\/v3\/wp-json\/wp\/v2\/media?parent=1976"}],"wp:term":[{"taxonomy":"category","embeddable":true,"href":"https:\/\/birlikdayanisma.com\/v3\/wp-json\/wp\/v2\/categories?post=1976"},{"taxonomy":"post_tag","embeddable":true,"href":"https:\/\/birlikdayanisma.com\/v3\/wp-json\/wp\/v2\/tags?post=1976"}],"curies":[{"name":"wp","href":"https:\/\/api.w.org\/{rel}","templated":true}]}}