{"id":2003,"date":"2010-02-02T01:52:45","date_gmt":"2010-02-01T22:52:45","guid":{"rendered":"http:\/\/birlikdayanisma.com\/v3\/?p=2003"},"modified":"2010-02-02T01:53:19","modified_gmt":"2010-02-01T22:53:19","slug":"tekel-seka-olmasin","status":"publish","type":"post","link":"https:\/\/birlikdayanisma.com\/v3\/2010\/02\/tekel-seka-olmasin\/","title":{"rendered":"TEKEL, Seka olmas\u0131n!"},"content":{"rendered":"<p><!-- \t\t@page { margin: 2cm } \t\tP { margin-bottom: 0.21cm } --><span style=\"color: #000000;\">Tekel i\u015f\u00e7ilerinin onurlu direni\u015fi 50. g\u00fcn\u00fcne dayand\u0131. H\u00fck\u00fcmetin, Ankara b\u00fcrokrasisinin, k\u0131\u015f\u0131n ayaz\u0131na inat direni\u015f kararl\u0131l\u0131kla s\u00fcr\u00fcyor.<!--more--> \u0130\u015f, a\u015f ve g\u00fcvenli bir gelecek i\u00e7in s\u00fcrd\u00fcr\u00fclen direni\u015f canland\u0131rd\u0131\u011f\u0131 dayan\u0131\u015fma k\u00fclt\u00fcr\u00fc ile AKP&#8217;nin s\u00f6m\u00fcr\u00fcy\u00fc gizlemek i\u00e7in topluma dayatt\u0131\u011f\u0131 sadaka k\u00fclt\u00fcr\u00fcne kar\u015f\u0131 bir se\u00e7enek olu\u015fturdu. Son y\u0131llarda, i\u015f\u00e7i s\u0131n\u0131f\u0131n\u0131n \u00e7\u0131karlar\u0131na ters bir \u015fekilde geli\u015fen sendikal rekabeti, sendikal dayan\u0131\u015fmaya d\u00f6n\u00fc\u015ft\u00fcrerek, i\u015f\u00e7i ve emek\u00e7ilerin m\u00fccadele hatt\u0131nda nas\u0131l davranmalar\u0131 gerekti\u011fini de an\u0131msatt\u0131. Ayr\u0131ca, sosyalist harekete s\u0131zan \u201celveda proleterya\u201d liberal hezeyanlar\u0131na, tam kar\u015f\u0131dan, i\u015f\u00e7i s\u0131n\u0131f\u0131n\u0131n i\u00e7inden bir yan\u0131t oldu. \u0130\u015f\u00e7i s\u0131n\u0131f\u0131n\u0131n s\u0131n\u0131flar m\u00fccadelesinde de\u011fi\u015ftirici-d\u00f6n\u00fc\u015ft\u00fcr\u00fcc\u00fc \u00f6zne olmaktan \u00e7\u0131kt\u0131\u011f\u0131na dair safsatalar\u0131, kapitalizmin mutlak \u00fcst\u00fcnl\u00fc\u011f\u00fc demagojisini \u00e7\u00f6pe att\u0131. Trabzon&#8217;dan gelen Tekel i\u015f\u00e7ilerinin; \u201cdo\u011fulu arkada\u015flar\u0131m\u0131z olmasayd\u0131, bu direni\u015fi ger\u00e7ekle\u015ftiremezdik\u201d dedikleri bir bilin\u00e7 s\u0131\u00e7ramas\u0131 yaratt\u0131.<\/span><\/p>\n<p><span style=\"color: #000000;\">Tekel direni\u015fi i\u00e7in, yukarda dile getirmeye \u00e7al\u0131\u015ft\u0131\u011f\u0131m\u0131z bir dizi \u015fey sayabiliriz. Ancak, h\u00fck\u00fcmetin, direni\u015fin i\u015f\u00e7i s\u0131n\u0131f\u0131 saflar\u0131nda yaratt\u0131\u011f\u0131 olumlu havay\u0131 da\u011f\u0131tmak i\u00e7in uygulamaya ge\u00e7ti\u011fi zamana yayma oyununu g\u00f6zard\u0131 edemeyiz. T\u00fcrk-\u0130\u015f y\u00f6netiminin uzla\u015fmac\u0131 tavr\u0131 da eklendi\u011finde oynanmaya \u00e7al\u0131\u015f\u0131lan tablo a\u015fa\u011f\u0131 yukar\u0131 ortaya \u00e7\u0131k\u0131yor. \u0130\u015f\u00e7i s\u0131n\u0131f\u0131n\u0131n son y\u0131llarda y\u00fckselen m\u00fccadelesinde bir s\u0131\u00e7rama olarak g\u00f6rebilece\u011fimiz Tekel direni\u015fi, h\u00fck\u00fcmet ve T\u00fcrk-\u0130\u015f y\u00f6netimince elbirli\u011fi ile sonland\u0131r\u0131lmak isteniyor. \u00c7\u00fcnk\u00fc, \u00f6n\u00fcm\u00fczdeki aylarda \u015feker ve enerji alanlar\u0131ndaki \u00f6zelle\u015ftirme ve kapatmalar g\u00fcndeme gelecek. A\u00e7\u0131k\u00e7as\u0131, i\u015f\u00e7i s\u0131n\u0131f\u0131n\u0131n direni\u015f\u00e7i-m\u00fccadeleci karakterini canland\u0131rman\u0131n hi\u00e7 zaman\u0131 de\u011fil&#8230;<\/span><\/p>\n<p><span style=\"color: #000000;\">Bu noktada, benzer bir s\u00fcre\u00e7ten ge\u00e7en Seka direni\u015fine (2005 y\u0131l\u0131) yeniden d\u00f6n\u00fcp bakmal\u0131y\u0131z. Seka direni\u015fi de, Tekel direni\u015fi gibi dayan\u0131\u015fman\u0131n ve eylemlili\u011fin y\u00fckseldi\u011fi bir s\u00fcrece girmi\u015fti. \u0130\u015f\u00e7ilerin siyasalla\u015fmas\u0131ndan korkan h\u00fck\u00fcmet, yorgun i\u015f\u00e7ilerin sendika y\u00f6netiminin yard\u0131m\u0131yla neyi oylad\u0131klar\u0131n\u0131 anlamadan karar yetkisini sendikan\u0131n almas\u0131n\u0131 sa\u011flad\u0131. 51 g\u00fcn s\u00fcren Seka direni\u015fi, fabrikaya ait arazi, binalar ve makinelerin Kocaeli B\u00fcy\u00fck\u015fehir Belediyesine devredilmesiyle sonland\u0131r\u0131ld\u0131. \u0130\u015f\u00e7ilerden de belediyede \u00e7al\u0131\u015fmak isteyenler bir y\u0131ll\u0131k s\u00f6zle\u015fme yapacak, istemeyenler 8 ay daha maa\u015f alacaklard\u0131. Sonu\u00e7ta, bu ko\u015fullar\u0131 kabul eden i\u015f\u00e7ilerin hemen hepsi s\u00fcreleri doldu\u011funda i\u015fsiz kald\u0131. <\/span><\/p>\n<p><span style=\"color: #000000;\">Tekel i\u015f\u00e7ilerine benzer bir oyunun dayat\u0131lmaya \u00e7al\u0131\u015f\u0131ld\u0131\u011f\u0131 a\u00e7\u0131kt\u0131r. Tekel i\u015f\u00e7ileri e\u011fer birlikte durmay\u0131 ba\u015farabilirler, \u201c4\/C de\u011fil, g\u00fcvence\u201d taleplerini y\u00fckseltmeyi becerebilirlerse, Seka i\u015f\u00e7isine oynanan oyunun benzerinin yap\u0131lmas\u0131n\u0131 \u00f6nleyebilirler. Bu da salt Tekel i\u015f\u00e7ilerinin de\u011fil, i\u015f\u00e7i s\u0131n\u0131f\u0131n\u0131n m\u00fccadele tarihine onurlu bir sayfa daha a\u00e7ar.<\/span><\/p>\n<p><span style=\"color: #000000;\">Tekel i\u015f\u00e7ilerinin, i\u015f\u00e7i s\u0131n\u0131f\u0131n\u0131n tarihindeki \u00f6rneklere bakarak m\u00fccadelesini y\u00fckseltmesi gerekiyor. Kavel direni\u015fi ile &#8220;Toplu s\u00f6zle\u015fme,grev ve lokavt&#8221; yasas\u0131n\u0131 ge\u00e7irdi\u011fimizi, Alpagut direni\u015fi ile \u201ci\u015fyeri y\u00f6netebilme\u201d yetimizi kan\u0131tlad\u0131\u011f\u0131m\u0131z\u0131, 15-16 Haziran ile sendikalar\u0131m\u0131za sahip \u00e7\u0131kabildi\u011fimizi, DGM direni\u015fi ile demokratikle\u015fme iste\u011fimizi,  Zonguldak B\u00fcy\u00fck Madenci Y\u00fcr\u00fcy\u00fc\u015f\u00fc ile h\u00fck\u00fcmet devirdi\u011fimizi hat\u0131rlayal\u0131m. Bu birka\u00e7 \u00f6rnek bile i\u015f\u00e7i s\u0131n\u0131f\u0131n\u0131n talepleri etraf\u0131nda \u00f6rg\u00fctl\u00fc davrand\u0131klar\u0131nda neleri elde edebilece\u011fini bize tekrar tekrar g\u00f6steriyor&#8230;<\/span><\/p>\n","protected":false},"excerpt":{"rendered":"<p>Tekel i\u015f\u00e7ilerinin onurlu direni\u015fi 50. g\u00fcn\u00fcne dayand\u0131. H\u00fck\u00fcmetin, Ankara b\u00fcrokrasisinin, k\u0131\u015f\u0131n ayaz\u0131na inat direni\u015f kararl\u0131l\u0131kla s\u00fcr\u00fcyor.<\/p>\n","protected":false},"author":4,"featured_media":0,"comment_status":"closed","ping_status":"open","sticky":false,"template":"","format":"standard","meta":{"_et_pb_use_builder":"","_et_pb_old_content":"","_et_gb_content_width":"","footnotes":""},"categories":[4],"tags":[114,96],"class_list":["post-2003","post","type-post","status-publish","format-standard","hentry","category-makale","tag-direnis","tag-tekel","et-doesnt-have-format-content","et_post_format-et-post-format-standard"],"yoast_head":"<!-- This site is optimized with the Yoast SEO plugin v26.8 - https:\/\/yoast.com\/product\/yoast-seo-wordpress\/ -->\n<title>TEKEL, Seka olmas\u0131n! &#8211; Birlik Dayan\u0131\u015fma Hareketi<\/title>\n<meta name=\"description\" content=\"Tekel i\u015f\u00e7ilerinin onurlu direni\u015fi 50. g\u00fcn\u00fcne dayand\u0131. H\u00fck\u00fcmetin, Ankara b\u00fcrokrasisinin, k\u0131\u015f\u0131n ayaz\u0131na inat direni\u015f kararl\u0131l\u0131kla s\u00fcr\u00fcyor. \u0130\u015f, a\u015f ve g\u00fcvenli\" \/>\n<meta name=\"robots\" content=\"index, follow, max-snippet:-1, max-image-preview:large, max-video-preview:-1\" \/>\n<link rel=\"canonical\" href=\"https:\/\/birlikdayanisma.com\/v3\/2010\/02\/tekel-seka-olmasin\/\" \/>\n<meta property=\"og:locale\" content=\"tr_TR\" \/>\n<meta property=\"og:type\" content=\"article\" \/>\n<meta property=\"og:title\" content=\"TEKEL, Seka olmas\u0131n! &#8211; Birlik Dayan\u0131\u015fma Hareketi\" \/>\n<meta property=\"og:description\" content=\"Tekel i\u015f\u00e7ilerinin onurlu direni\u015fi 50. g\u00fcn\u00fcne dayand\u0131. H\u00fck\u00fcmetin, Ankara b\u00fcrokrasisinin, k\u0131\u015f\u0131n ayaz\u0131na inat direni\u015f kararl\u0131l\u0131kla s\u00fcr\u00fcyor. \u0130\u015f, a\u015f ve g\u00fcvenli\" \/>\n<meta property=\"og:url\" content=\"https:\/\/birlikdayanisma.com\/v3\/2010\/02\/tekel-seka-olmasin\/\" \/>\n<meta property=\"og:site_name\" content=\"Birlik Dayan\u0131\u015fma Hareketi\" \/>\n<meta property=\"article:published_time\" content=\"2010-02-01T22:52:45+00:00\" \/>\n<meta property=\"article:modified_time\" content=\"2010-02-01T22:53:19+00:00\" \/>\n<meta name=\"author\" content=\"root\" \/>\n<meta name=\"twitter:card\" content=\"summary_large_image\" \/>\n<meta name=\"twitter:label1\" content=\"Yazan:\" \/>\n\t<meta name=\"twitter:data1\" content=\"root\" \/>\n\t<meta name=\"twitter:label2\" content=\"Tahmini okuma s\u00fcresi\" \/>\n\t<meta name=\"twitter:data2\" content=\"3 dakika\" \/>\n<script type=\"application\/ld+json\" class=\"yoast-schema-graph\">{\"@context\":\"https:\/\/schema.org\",\"@graph\":[{\"@type\":\"Article\",\"@id\":\"https:\/\/birlikdayanisma.com\/v3\/2010\/02\/tekel-seka-olmasin\/#article\",\"isPartOf\":{\"@id\":\"https:\/\/birlikdayanisma.com\/v3\/2010\/02\/tekel-seka-olmasin\/\"},\"author\":{\"name\":\"root\",\"@id\":\"https:\/\/birlikdayanisma.com\/v3\/#\/schema\/person\/2fd4a0bf332f1634d637e73cafde5aff\"},\"headline\":\"TEKEL, Seka olmas\u0131n!\",\"datePublished\":\"2010-02-01T22:52:45+00:00\",\"dateModified\":\"2010-02-01T22:53:19+00:00\",\"mainEntityOfPage\":{\"@id\":\"https:\/\/birlikdayanisma.com\/v3\/2010\/02\/tekel-seka-olmasin\/\"},\"wordCount\":650,\"publisher\":{\"@id\":\"https:\/\/birlikdayanisma.com\/v3\/#organization\"},\"keywords\":[\"direni\u015f\",\"Tekel\"],\"articleSection\":[\"Makale\"],\"inLanguage\":\"tr\"},{\"@type\":\"WebPage\",\"@id\":\"https:\/\/birlikdayanisma.com\/v3\/2010\/02\/tekel-seka-olmasin\/\",\"url\":\"https:\/\/birlikdayanisma.com\/v3\/2010\/02\/tekel-seka-olmasin\/\",\"name\":\"TEKEL, Seka olmas\u0131n! &#8211; Birlik Dayan\u0131\u015fma Hareketi\",\"isPartOf\":{\"@id\":\"https:\/\/birlikdayanisma.com\/v3\/#website\"},\"datePublished\":\"2010-02-01T22:52:45+00:00\",\"dateModified\":\"2010-02-01T22:53:19+00:00\",\"description\":\"Tekel i\u015f\u00e7ilerinin onurlu direni\u015fi 50. g\u00fcn\u00fcne dayand\u0131. H\u00fck\u00fcmetin, Ankara b\u00fcrokrasisinin, k\u0131\u015f\u0131n ayaz\u0131na inat direni\u015f kararl\u0131l\u0131kla s\u00fcr\u00fcyor. \u0130\u015f, a\u015f ve g\u00fcvenli\",\"breadcrumb\":{\"@id\":\"https:\/\/birlikdayanisma.com\/v3\/2010\/02\/tekel-seka-olmasin\/#breadcrumb\"},\"inLanguage\":\"tr\",\"potentialAction\":[{\"@type\":\"ReadAction\",\"target\":[\"https:\/\/birlikdayanisma.com\/v3\/2010\/02\/tekel-seka-olmasin\/\"]}]},{\"@type\":\"BreadcrumbList\",\"@id\":\"https:\/\/birlikdayanisma.com\/v3\/2010\/02\/tekel-seka-olmasin\/#breadcrumb\",\"itemListElement\":[{\"@type\":\"ListItem\",\"position\":1,\"name\":\"Ana sayfa\",\"item\":\"https:\/\/birlikdayanisma.com\/v3\/\"},{\"@type\":\"ListItem\",\"position\":2,\"name\":\"TEKEL, Seka olmas\u0131n!\"}]},{\"@type\":\"WebSite\",\"@id\":\"https:\/\/birlikdayanisma.com\/v3\/#website\",\"url\":\"https:\/\/birlikdayanisma.com\/v3\/\",\"name\":\"Birlik Dayan\u0131\u015fma Hareketi\",\"description\":\"\",\"publisher\":{\"@id\":\"https:\/\/birlikdayanisma.com\/v3\/#organization\"},\"potentialAction\":[{\"@type\":\"SearchAction\",\"target\":{\"@type\":\"EntryPoint\",\"urlTemplate\":\"https:\/\/birlikdayanisma.com\/v3\/?s={search_term_string}\"},\"query-input\":{\"@type\":\"PropertyValueSpecification\",\"valueRequired\":true,\"valueName\":\"search_term_string\"}}],\"inLanguage\":\"tr\"},{\"@type\":\"Organization\",\"@id\":\"https:\/\/birlikdayanisma.com\/v3\/#organization\",\"name\":\"Birlik Dayan\u0131\u015fma Hareketi\",\"url\":\"https:\/\/birlikdayanisma.com\/v3\/\",\"logo\":{\"@type\":\"ImageObject\",\"inLanguage\":\"tr\",\"@id\":\"https:\/\/birlikdayanisma.com\/v3\/#\/schema\/logo\/image\/\",\"url\":\"https:\/\/birlikdayanisma.com\/v3\/wp-content\/uploads\/bdh_logo_2016.png\",\"contentUrl\":\"https:\/\/birlikdayanisma.com\/v3\/wp-content\/uploads\/bdh_logo_2016.png\",\"width\":468,\"height\":60,\"caption\":\"Birlik Dayan\u0131\u015fma Hareketi\"},\"image\":{\"@id\":\"https:\/\/birlikdayanisma.com\/v3\/#\/schema\/logo\/image\/\"}},{\"@type\":\"Person\",\"@id\":\"https:\/\/birlikdayanisma.com\/v3\/#\/schema\/person\/2fd4a0bf332f1634d637e73cafde5aff\",\"name\":\"root\",\"image\":{\"@type\":\"ImageObject\",\"inLanguage\":\"tr\",\"@id\":\"https:\/\/birlikdayanisma.com\/v3\/#\/schema\/person\/image\/\",\"url\":\"https:\/\/secure.gravatar.com\/avatar\/d112a0f70b7f65f990d41bcb2260b0d5?s=96&d=mm&r=g\",\"contentUrl\":\"https:\/\/secure.gravatar.com\/avatar\/d112a0f70b7f65f990d41bcb2260b0d5?s=96&d=mm&r=g\",\"caption\":\"root\"},\"url\":\"https:\/\/birlikdayanisma.com\/v3\/author\/root\/\"}]}<\/script>\n<!-- \/ Yoast SEO plugin. -->","yoast_head_json":{"title":"TEKEL, Seka olmas\u0131n! &#8211; Birlik Dayan\u0131\u015fma Hareketi","description":"Tekel i\u015f\u00e7ilerinin onurlu direni\u015fi 50. g\u00fcn\u00fcne dayand\u0131. H\u00fck\u00fcmetin, Ankara b\u00fcrokrasisinin, k\u0131\u015f\u0131n ayaz\u0131na inat direni\u015f kararl\u0131l\u0131kla s\u00fcr\u00fcyor. \u0130\u015f, a\u015f ve g\u00fcvenli","robots":{"index":"index","follow":"follow","max-snippet":"max-snippet:-1","max-image-preview":"max-image-preview:large","max-video-preview":"max-video-preview:-1"},"canonical":"https:\/\/birlikdayanisma.com\/v3\/2010\/02\/tekel-seka-olmasin\/","og_locale":"tr_TR","og_type":"article","og_title":"TEKEL, Seka olmas\u0131n! &#8211; Birlik Dayan\u0131\u015fma Hareketi","og_description":"Tekel i\u015f\u00e7ilerinin onurlu direni\u015fi 50. g\u00fcn\u00fcne dayand\u0131. H\u00fck\u00fcmetin, Ankara b\u00fcrokrasisinin, k\u0131\u015f\u0131n ayaz\u0131na inat direni\u015f kararl\u0131l\u0131kla s\u00fcr\u00fcyor. \u0130\u015f, a\u015f ve g\u00fcvenli","og_url":"https:\/\/birlikdayanisma.com\/v3\/2010\/02\/tekel-seka-olmasin\/","og_site_name":"Birlik Dayan\u0131\u015fma Hareketi","article_published_time":"2010-02-01T22:52:45+00:00","article_modified_time":"2010-02-01T22:53:19+00:00","author":"root","twitter_card":"summary_large_image","twitter_misc":{"Yazan:":"root","Tahmini okuma s\u00fcresi":"3 dakika"},"schema":{"@context":"https:\/\/schema.org","@graph":[{"@type":"Article","@id":"https:\/\/birlikdayanisma.com\/v3\/2010\/02\/tekel-seka-olmasin\/#article","isPartOf":{"@id":"https:\/\/birlikdayanisma.com\/v3\/2010\/02\/tekel-seka-olmasin\/"},"author":{"name":"root","@id":"https:\/\/birlikdayanisma.com\/v3\/#\/schema\/person\/2fd4a0bf332f1634d637e73cafde5aff"},"headline":"TEKEL, Seka olmas\u0131n!","datePublished":"2010-02-01T22:52:45+00:00","dateModified":"2010-02-01T22:53:19+00:00","mainEntityOfPage":{"@id":"https:\/\/birlikdayanisma.com\/v3\/2010\/02\/tekel-seka-olmasin\/"},"wordCount":650,"publisher":{"@id":"https:\/\/birlikdayanisma.com\/v3\/#organization"},"keywords":["direni\u015f","Tekel"],"articleSection":["Makale"],"inLanguage":"tr"},{"@type":"WebPage","@id":"https:\/\/birlikdayanisma.com\/v3\/2010\/02\/tekel-seka-olmasin\/","url":"https:\/\/birlikdayanisma.com\/v3\/2010\/02\/tekel-seka-olmasin\/","name":"TEKEL, Seka olmas\u0131n! &#8211; Birlik Dayan\u0131\u015fma Hareketi","isPartOf":{"@id":"https:\/\/birlikdayanisma.com\/v3\/#website"},"datePublished":"2010-02-01T22:52:45+00:00","dateModified":"2010-02-01T22:53:19+00:00","description":"Tekel i\u015f\u00e7ilerinin onurlu direni\u015fi 50. g\u00fcn\u00fcne dayand\u0131. H\u00fck\u00fcmetin, Ankara b\u00fcrokrasisinin, k\u0131\u015f\u0131n ayaz\u0131na inat direni\u015f kararl\u0131l\u0131kla s\u00fcr\u00fcyor. \u0130\u015f, a\u015f ve g\u00fcvenli","breadcrumb":{"@id":"https:\/\/birlikdayanisma.com\/v3\/2010\/02\/tekel-seka-olmasin\/#breadcrumb"},"inLanguage":"tr","potentialAction":[{"@type":"ReadAction","target":["https:\/\/birlikdayanisma.com\/v3\/2010\/02\/tekel-seka-olmasin\/"]}]},{"@type":"BreadcrumbList","@id":"https:\/\/birlikdayanisma.com\/v3\/2010\/02\/tekel-seka-olmasin\/#breadcrumb","itemListElement":[{"@type":"ListItem","position":1,"name":"Ana sayfa","item":"https:\/\/birlikdayanisma.com\/v3\/"},{"@type":"ListItem","position":2,"name":"TEKEL, Seka olmas\u0131n!"}]},{"@type":"WebSite","@id":"https:\/\/birlikdayanisma.com\/v3\/#website","url":"https:\/\/birlikdayanisma.com\/v3\/","name":"Birlik Dayan\u0131\u015fma Hareketi","description":"","publisher":{"@id":"https:\/\/birlikdayanisma.com\/v3\/#organization"},"potentialAction":[{"@type":"SearchAction","target":{"@type":"EntryPoint","urlTemplate":"https:\/\/birlikdayanisma.com\/v3\/?s={search_term_string}"},"query-input":{"@type":"PropertyValueSpecification","valueRequired":true,"valueName":"search_term_string"}}],"inLanguage":"tr"},{"@type":"Organization","@id":"https:\/\/birlikdayanisma.com\/v3\/#organization","name":"Birlik Dayan\u0131\u015fma Hareketi","url":"https:\/\/birlikdayanisma.com\/v3\/","logo":{"@type":"ImageObject","inLanguage":"tr","@id":"https:\/\/birlikdayanisma.com\/v3\/#\/schema\/logo\/image\/","url":"https:\/\/birlikdayanisma.com\/v3\/wp-content\/uploads\/bdh_logo_2016.png","contentUrl":"https:\/\/birlikdayanisma.com\/v3\/wp-content\/uploads\/bdh_logo_2016.png","width":468,"height":60,"caption":"Birlik Dayan\u0131\u015fma Hareketi"},"image":{"@id":"https:\/\/birlikdayanisma.com\/v3\/#\/schema\/logo\/image\/"}},{"@type":"Person","@id":"https:\/\/birlikdayanisma.com\/v3\/#\/schema\/person\/2fd4a0bf332f1634d637e73cafde5aff","name":"root","image":{"@type":"ImageObject","inLanguage":"tr","@id":"https:\/\/birlikdayanisma.com\/v3\/#\/schema\/person\/image\/","url":"https:\/\/secure.gravatar.com\/avatar\/d112a0f70b7f65f990d41bcb2260b0d5?s=96&d=mm&r=g","contentUrl":"https:\/\/secure.gravatar.com\/avatar\/d112a0f70b7f65f990d41bcb2260b0d5?s=96&d=mm&r=g","caption":"root"},"url":"https:\/\/birlikdayanisma.com\/v3\/author\/root\/"}]}},"_links":{"self":[{"href":"https:\/\/birlikdayanisma.com\/v3\/wp-json\/wp\/v2\/posts\/2003","targetHints":{"allow":["GET"]}}],"collection":[{"href":"https:\/\/birlikdayanisma.com\/v3\/wp-json\/wp\/v2\/posts"}],"about":[{"href":"https:\/\/birlikdayanisma.com\/v3\/wp-json\/wp\/v2\/types\/post"}],"author":[{"embeddable":true,"href":"https:\/\/birlikdayanisma.com\/v3\/wp-json\/wp\/v2\/users\/4"}],"replies":[{"embeddable":true,"href":"https:\/\/birlikdayanisma.com\/v3\/wp-json\/wp\/v2\/comments?post=2003"}],"version-history":[{"count":0,"href":"https:\/\/birlikdayanisma.com\/v3\/wp-json\/wp\/v2\/posts\/2003\/revisions"}],"wp:attachment":[{"href":"https:\/\/birlikdayanisma.com\/v3\/wp-json\/wp\/v2\/media?parent=2003"}],"wp:term":[{"taxonomy":"category","embeddable":true,"href":"https:\/\/birlikdayanisma.com\/v3\/wp-json\/wp\/v2\/categories?post=2003"},{"taxonomy":"post_tag","embeddable":true,"href":"https:\/\/birlikdayanisma.com\/v3\/wp-json\/wp\/v2\/tags?post=2003"}],"curies":[{"name":"wp","href":"https:\/\/api.w.org\/{rel}","templated":true}]}}