{"id":2020,"date":"2010-02-03T12:00:54","date_gmt":"2010-02-03T09:00:54","guid":{"rendered":"http:\/\/birlikdayanisma.com\/v3\/?p=2020"},"modified":"2010-02-03T12:00:54","modified_gmt":"2010-02-03T09:00:54","slug":"17-saglik-orgutu-tekel-iscisi-yalniz-degildir","status":"publish","type":"post","link":"https:\/\/birlikdayanisma.com\/v3\/2010\/02\/17-saglik-orgutu-tekel-iscisi-yalniz-degildir\/","title":{"rendered":"17 Sa\u011fl\u0131k \u00d6rg\u00fct\u00fc; TEKEL \u0130\u015f\u00e7isi yaln\u0131z de\u011fildir!"},"content":{"rendered":"<p><!-- \t\t@page { margin: 2cm } \t\tP { margin-bottom: 0.21cm } --><span style=\"font-family: Times New Roman,serif;\">17 sa\u011fl\u0131k meslek \u00f6rg\u00fct\u00fc taraf\u0131ndan TEKEL \u0130\u015f\u00e7ileri i\u00e7in ortak bas\u0131n a\u00e7\u0131klamas\u0131;<\/span><\/p>\n<p><span style=\"font-family: Times New Roman,serif;\"><!--more-->B\u00fct\u00fcn\u00fcyle hakl\u0131, b\u00fct\u00fcn\u00fcyle me\u015fru olan \u201c4 \u015eubat\u201dta birle\u015felim, birlikte olal\u0131m: Herkese i\u015f i\u00e7in, a\u015f i\u00e7in, yeterli \u00fccret i\u00e7in, bug\u00fcn ve gelecek g\u00fcvencesi i\u00e7in; \u00f6rg\u00fctl\u00fc emek sa\u011fl\u0131kl\u0131 toplum i\u00e7in..insanca ya\u015fam i\u00e7in. <\/span><\/p>\n<p style=\"text-align: center;\"><strong><span style=\"font-family: Times New Roman,serif;\">TEKEL i\u015f\u00e7ileri 50 g\u00fcnd\u00fcr Ankara&#8217;da <\/span><\/strong><\/p>\n<p><span style=\"font-family: Times New Roman,serif;\">Herkes biliyor ne istediklerini, yeterli \u00fccret, sendika. Yani insanca ya\u015fam. <\/span><\/p>\n<p><span style=\"font-family: Times New Roman,serif;\">O nedenle &#8220;4C olmaz&#8221; diyorlar. Haklar\u0131n\u0131 ar\u0131yorlar. \u0130yi yap\u0131yorlar, \u00f6rnek oluyorlar.  O nedenle herkesin deste\u011fini g\u00f6r\u00fcyorlar.<\/span><\/p>\n<p><span style=\"font-family: Times New Roman,serif;\">\u00c7\u00fcnk\u00fc \u201cherkes\u201d; yani i\u015fsizi, yoksulu, memuru, i\u015f\u00e7isi biliyor ki bu \u00fclkenin kaynaklar\u0131 yanda\u015flar s\u00f6z konusu olunca sonuna kadar kullan\u0131l\u0131yor, halka gelince   yok oluyor.<\/span><\/p>\n<p><span style=\"font-family: Times New Roman,serif;\">Bu ger\u00e7e\u011fi sa\u011fl\u0131k\u00e7\u0131lar da; laborant, hizmetlisi, radyoloji teknisyeni\/teknikeri, sa\u011fl\u0131k teknisyeni\/sa\u011fl\u0131k teknikeri, hem\u015firesi, di\u015f hekimi, fizyoterapisti, biyologu, hekimi, eczac\u0131s\u0131, ebesi, \u00e7evre sa\u011fl\u0131\u011f\u0131 teknisyeni, paramedik, sosyal hizmet uzman\u0131, diyetisyeni, psikologu, sa\u011fl\u0131k memuru, acil t\u0131p teknisyeni, ambulans \u015fof\u00f6r\u00fc \u00e7ok iyi biliyor, ya\u015f\u0131yor. <\/span><\/p>\n<p><span style=\"font-family: Times New Roman,serif;\">\u0130\u015fte o nedenle 4 \u015eubat 2010 g\u00fcn\u00fc i\u00e7in 6 konfederasyonun ald\u0131\u011f\u0131 \u00fcretimden gelen g\u00fcc\u00fc kullanma karar\u0131n\u0131 g\u00f6n\u00fclden destekliyor. <\/span><\/p>\n<p><span style=\"font-family: Times New Roman,serif;\">O g\u00fcn sa\u011fl\u0131k \u00e7al\u0131\u015fanlar\u0131 da hem kendisi hem TEKEL i\u015f\u00e7isi, k\u0131sacas\u0131 T\u00fcrkiye&#8217;nin  b\u00fct\u00fcn \u00e7al\u0131\u015fanlar\u0131, ma\u011fdurlar\u0131, i\u015fsizleri i\u00e7in birlikte olaca\u011f\u0131n\u0131 ilan ediyor.<\/span><\/p>\n<p><em><strong><span style=\"font-family: Times New Roman,serif;\">Sa\u011fl\u0131k ve Sosyal Hizmet Emek\u00e7ileri Sendikas\u0131 (SES)<\/span><\/strong><\/em><\/p>\n<p><em><strong><span style=\"font-family: Times New Roman,serif;\">Devrimci Sa\u011fl\u0131k \u0130\u015f\u00e7ileri Sendikas\u0131<\/span><\/strong><\/em><\/p>\n<p><em><strong><span style=\"font-family: Times New Roman,serif;\">\u00c7evre ve Sa\u011fl\u0131k Derne\u011fi<\/span><\/strong><\/em><\/p>\n<p><em><strong><span style=\"font-family: Times New Roman,serif;\">T\u00fcrkiye Diyetisyenler Derne\u011fi<\/span><\/strong><\/em><\/p>\n<p><em><strong><span style=\"font-family: Times New Roman,serif;\">T\u00fcrkiye Fizyoterapistler Derne\u011fi<\/span><\/strong><\/em><\/p>\n<p><em><strong><span style=\"font-family: Times New Roman,serif;\">S\u00d6ZSEN<\/span><\/strong><\/em><\/p>\n<p><em><strong><span style=\"font-family: Times New Roman,serif;\">Sosyal Hizmet Uzmanlar\u0131 Derne\u011fi<\/span><\/strong><\/em><\/p>\n<p><em><strong><span style=\"font-family: Times New Roman,serif;\">T\u00fcm Radyoloji Teknisyenleri ve Teknikerleri Derne\u011fi<\/span><\/strong><\/em><\/p>\n<p><em><strong><span style=\"font-family: Times New Roman,serif;\">T\u00fcrk Medikal Radyoteknoloji Derne\u011fi<\/span><\/strong><\/em><\/p>\n<p><em><strong><span style=\"font-family: Times New Roman,serif;\">Sa\u011fl\u0131k Teknisyen ve Teknikerleri Derne\u011fi<\/span><\/strong><\/em><\/p>\n<p><em><strong><span style=\"font-family: Times New Roman,serif;\">Sa\u011fl\u0131k Memurlar\u0131 Derne\u011fi<\/span><\/strong><\/em><\/p>\n<p><em><strong><span style=\"font-family: Times New Roman,serif;\">Sa\u011fl\u0131k Hizmetleri S\u0131n\u0131f\u0131 \u00c7al\u0131\u015fanlar\u0131 Derne\u011fi<\/span><\/strong><\/em><\/p>\n<p><em><strong><span style=\"font-family: Times New Roman,serif;\">T\u0131bbi Laboratuvar Teknisyenleri ve Teknikerleri Derne\u011fi<\/span><\/strong><\/em><\/p>\n<p><em><strong><span style=\"font-family: Times New Roman,serif;\">T\u00fcrk Di\u015fhekimleri Birli\u011fi<\/span><\/strong><\/em><\/p>\n<p><em><strong><span style=\"font-family: Times New Roman,serif;\">T\u00fcrk Eczac\u0131lar\u0131 Birli\u011fi<\/span><\/strong><\/em><\/p>\n<p><em><strong><span style=\"font-family: Times New Roman,serif;\">T\u00fcrk Hem\u015fireler Derne\u011fi<\/span><\/strong><\/em><\/p>\n<p><em><strong><span style=\"font-family: Times New Roman,serif;\">T\u00fcrk Tabipleri Birli\u011fi<\/span><\/strong><\/em><\/p>\n","protected":false},"excerpt":{"rendered":"<p>17 sa\u011fl\u0131k meslek \u00f6rg\u00fct\u00fc taraf\u0131ndan TEKEL \u0130\u015f\u00e7ileri i\u00e7in ortak bas\u0131n a\u00e7\u0131klamas\u0131;<\/p>\n","protected":false},"author":4,"featured_media":0,"comment_status":"closed","ping_status":"open","sticky":false,"template":"","format":"standard","meta":{"_et_pb_use_builder":"","_et_pb_old_content":"","_et_gb_content_width":"","footnotes":""},"categories":[103],"tags":[93,96],"class_list":["post-2020","post","type-post","status-publish","format-standard","hentry","category-turkiyeden","tag-dayanisma","tag-tekel","et-doesnt-have-format-content","et_post_format-et-post-format-standard"],"yoast_head":"<!-- This site is optimized with the Yoast SEO plugin v26.8 - https:\/\/yoast.com\/product\/yoast-seo-wordpress\/ -->\n<title>17 Sa\u011fl\u0131k \u00d6rg\u00fct\u00fc; TEKEL \u0130\u015f\u00e7isi yaln\u0131z de\u011fildir! &#8211; Birlik Dayan\u0131\u015fma Hareketi<\/title>\n<meta name=\"description\" content=\"17 sa\u011fl\u0131k meslek \u00f6rg\u00fct\u00fc taraf\u0131ndan TEKEL \u0130\u015f\u00e7ileri i\u00e7in ortak bas\u0131n a\u00e7\u0131klamas\u0131; B\u00fct\u00fcn\u00fcyle hakl\u0131, b\u00fct\u00fcn\u00fcyle me\u015fru olan \u201c4 \u015eubat\u201dta birle\u015felim, birlikte\" \/>\n<meta name=\"robots\" content=\"index, follow, max-snippet:-1, max-image-preview:large, max-video-preview:-1\" \/>\n<link rel=\"canonical\" href=\"https:\/\/birlikdayanisma.com\/v3\/2010\/02\/17-saglik-orgutu-tekel-iscisi-yalniz-degildir\/\" \/>\n<meta property=\"og:locale\" content=\"tr_TR\" \/>\n<meta property=\"og:type\" content=\"article\" \/>\n<meta property=\"og:title\" content=\"17 Sa\u011fl\u0131k \u00d6rg\u00fct\u00fc; TEKEL \u0130\u015f\u00e7isi yaln\u0131z de\u011fildir! &#8211; Birlik Dayan\u0131\u015fma Hareketi\" \/>\n<meta property=\"og:description\" content=\"17 sa\u011fl\u0131k meslek \u00f6rg\u00fct\u00fc taraf\u0131ndan TEKEL \u0130\u015f\u00e7ileri i\u00e7in ortak bas\u0131n a\u00e7\u0131klamas\u0131; B\u00fct\u00fcn\u00fcyle hakl\u0131, b\u00fct\u00fcn\u00fcyle me\u015fru olan \u201c4 \u015eubat\u201dta birle\u015felim, birlikte\" \/>\n<meta property=\"og:url\" content=\"https:\/\/birlikdayanisma.com\/v3\/2010\/02\/17-saglik-orgutu-tekel-iscisi-yalniz-degildir\/\" \/>\n<meta property=\"og:site_name\" content=\"Birlik Dayan\u0131\u015fma Hareketi\" \/>\n<meta property=\"article:published_time\" content=\"2010-02-03T09:00:54+00:00\" \/>\n<meta name=\"author\" content=\"root\" \/>\n<meta name=\"twitter:card\" content=\"summary_large_image\" \/>\n<meta name=\"twitter:label1\" content=\"Yazan:\" \/>\n\t<meta name=\"twitter:data1\" content=\"root\" \/>\n\t<meta name=\"twitter:label2\" content=\"Tahmini okuma s\u00fcresi\" \/>\n\t<meta name=\"twitter:data2\" content=\"2 dakika\" \/>\n<script type=\"application\/ld+json\" class=\"yoast-schema-graph\">{\"@context\":\"https:\/\/schema.org\",\"@graph\":[{\"@type\":\"Article\",\"@id\":\"https:\/\/birlikdayanisma.com\/v3\/2010\/02\/17-saglik-orgutu-tekel-iscisi-yalniz-degildir\/#article\",\"isPartOf\":{\"@id\":\"https:\/\/birlikdayanisma.com\/v3\/2010\/02\/17-saglik-orgutu-tekel-iscisi-yalniz-degildir\/\"},\"author\":{\"name\":\"root\",\"@id\":\"https:\/\/birlikdayanisma.com\/v3\/#\/schema\/person\/2fd4a0bf332f1634d637e73cafde5aff\"},\"headline\":\"17 Sa\u011fl\u0131k \u00d6rg\u00fct\u00fc; TEKEL \u0130\u015f\u00e7isi yaln\u0131z de\u011fildir!\",\"datePublished\":\"2010-02-03T09:00:54+00:00\",\"mainEntityOfPage\":{\"@id\":\"https:\/\/birlikdayanisma.com\/v3\/2010\/02\/17-saglik-orgutu-tekel-iscisi-yalniz-degildir\/\"},\"wordCount\":375,\"publisher\":{\"@id\":\"https:\/\/birlikdayanisma.com\/v3\/#organization\"},\"keywords\":[\"Dayan\u0131\u015fma\",\"Tekel\"],\"articleSection\":[\"T\u00fcrkiyeden\"],\"inLanguage\":\"tr\"},{\"@type\":\"WebPage\",\"@id\":\"https:\/\/birlikdayanisma.com\/v3\/2010\/02\/17-saglik-orgutu-tekel-iscisi-yalniz-degildir\/\",\"url\":\"https:\/\/birlikdayanisma.com\/v3\/2010\/02\/17-saglik-orgutu-tekel-iscisi-yalniz-degildir\/\",\"name\":\"17 Sa\u011fl\u0131k \u00d6rg\u00fct\u00fc; TEKEL \u0130\u015f\u00e7isi yaln\u0131z de\u011fildir! &#8211; Birlik Dayan\u0131\u015fma Hareketi\",\"isPartOf\":{\"@id\":\"https:\/\/birlikdayanisma.com\/v3\/#website\"},\"datePublished\":\"2010-02-03T09:00:54+00:00\",\"description\":\"17 sa\u011fl\u0131k meslek \u00f6rg\u00fct\u00fc taraf\u0131ndan TEKEL \u0130\u015f\u00e7ileri i\u00e7in ortak bas\u0131n a\u00e7\u0131klamas\u0131; B\u00fct\u00fcn\u00fcyle hakl\u0131, b\u00fct\u00fcn\u00fcyle me\u015fru olan \u201c4 \u015eubat\u201dta birle\u015felim, birlikte\",\"breadcrumb\":{\"@id\":\"https:\/\/birlikdayanisma.com\/v3\/2010\/02\/17-saglik-orgutu-tekel-iscisi-yalniz-degildir\/#breadcrumb\"},\"inLanguage\":\"tr\",\"potentialAction\":[{\"@type\":\"ReadAction\",\"target\":[\"https:\/\/birlikdayanisma.com\/v3\/2010\/02\/17-saglik-orgutu-tekel-iscisi-yalniz-degildir\/\"]}]},{\"@type\":\"BreadcrumbList\",\"@id\":\"https:\/\/birlikdayanisma.com\/v3\/2010\/02\/17-saglik-orgutu-tekel-iscisi-yalniz-degildir\/#breadcrumb\",\"itemListElement\":[{\"@type\":\"ListItem\",\"position\":1,\"name\":\"Ana sayfa\",\"item\":\"https:\/\/birlikdayanisma.com\/v3\/\"},{\"@type\":\"ListItem\",\"position\":2,\"name\":\"17 Sa\u011fl\u0131k \u00d6rg\u00fct\u00fc; TEKEL \u0130\u015f\u00e7isi yaln\u0131z de\u011fildir!\"}]},{\"@type\":\"WebSite\",\"@id\":\"https:\/\/birlikdayanisma.com\/v3\/#website\",\"url\":\"https:\/\/birlikdayanisma.com\/v3\/\",\"name\":\"Birlik Dayan\u0131\u015fma Hareketi\",\"description\":\"\",\"publisher\":{\"@id\":\"https:\/\/birlikdayanisma.com\/v3\/#organization\"},\"potentialAction\":[{\"@type\":\"SearchAction\",\"target\":{\"@type\":\"EntryPoint\",\"urlTemplate\":\"https:\/\/birlikdayanisma.com\/v3\/?s={search_term_string}\"},\"query-input\":{\"@type\":\"PropertyValueSpecification\",\"valueRequired\":true,\"valueName\":\"search_term_string\"}}],\"inLanguage\":\"tr\"},{\"@type\":\"Organization\",\"@id\":\"https:\/\/birlikdayanisma.com\/v3\/#organization\",\"name\":\"Birlik Dayan\u0131\u015fma Hareketi\",\"url\":\"https:\/\/birlikdayanisma.com\/v3\/\",\"logo\":{\"@type\":\"ImageObject\",\"inLanguage\":\"tr\",\"@id\":\"https:\/\/birlikdayanisma.com\/v3\/#\/schema\/logo\/image\/\",\"url\":\"https:\/\/birlikdayanisma.com\/v3\/wp-content\/uploads\/bdh_logo_2016.png\",\"contentUrl\":\"https:\/\/birlikdayanisma.com\/v3\/wp-content\/uploads\/bdh_logo_2016.png\",\"width\":468,\"height\":60,\"caption\":\"Birlik Dayan\u0131\u015fma Hareketi\"},\"image\":{\"@id\":\"https:\/\/birlikdayanisma.com\/v3\/#\/schema\/logo\/image\/\"}},{\"@type\":\"Person\",\"@id\":\"https:\/\/birlikdayanisma.com\/v3\/#\/schema\/person\/2fd4a0bf332f1634d637e73cafde5aff\",\"name\":\"root\",\"image\":{\"@type\":\"ImageObject\",\"inLanguage\":\"tr\",\"@id\":\"https:\/\/birlikdayanisma.com\/v3\/#\/schema\/person\/image\/\",\"url\":\"https:\/\/secure.gravatar.com\/avatar\/d112a0f70b7f65f990d41bcb2260b0d5?s=96&d=mm&r=g\",\"contentUrl\":\"https:\/\/secure.gravatar.com\/avatar\/d112a0f70b7f65f990d41bcb2260b0d5?s=96&d=mm&r=g\",\"caption\":\"root\"},\"url\":\"https:\/\/birlikdayanisma.com\/v3\/author\/root\/\"}]}<\/script>\n<!-- \/ Yoast SEO plugin. -->","yoast_head_json":{"title":"17 Sa\u011fl\u0131k \u00d6rg\u00fct\u00fc; TEKEL \u0130\u015f\u00e7isi yaln\u0131z de\u011fildir! &#8211; Birlik Dayan\u0131\u015fma Hareketi","description":"17 sa\u011fl\u0131k meslek \u00f6rg\u00fct\u00fc taraf\u0131ndan TEKEL \u0130\u015f\u00e7ileri i\u00e7in ortak bas\u0131n a\u00e7\u0131klamas\u0131; B\u00fct\u00fcn\u00fcyle hakl\u0131, b\u00fct\u00fcn\u00fcyle me\u015fru olan \u201c4 \u015eubat\u201dta birle\u015felim, birlikte","robots":{"index":"index","follow":"follow","max-snippet":"max-snippet:-1","max-image-preview":"max-image-preview:large","max-video-preview":"max-video-preview:-1"},"canonical":"https:\/\/birlikdayanisma.com\/v3\/2010\/02\/17-saglik-orgutu-tekel-iscisi-yalniz-degildir\/","og_locale":"tr_TR","og_type":"article","og_title":"17 Sa\u011fl\u0131k \u00d6rg\u00fct\u00fc; TEKEL \u0130\u015f\u00e7isi yaln\u0131z de\u011fildir! &#8211; Birlik Dayan\u0131\u015fma Hareketi","og_description":"17 sa\u011fl\u0131k meslek \u00f6rg\u00fct\u00fc taraf\u0131ndan TEKEL \u0130\u015f\u00e7ileri i\u00e7in ortak bas\u0131n a\u00e7\u0131klamas\u0131; B\u00fct\u00fcn\u00fcyle hakl\u0131, b\u00fct\u00fcn\u00fcyle me\u015fru olan \u201c4 \u015eubat\u201dta birle\u015felim, birlikte","og_url":"https:\/\/birlikdayanisma.com\/v3\/2010\/02\/17-saglik-orgutu-tekel-iscisi-yalniz-degildir\/","og_site_name":"Birlik Dayan\u0131\u015fma Hareketi","article_published_time":"2010-02-03T09:00:54+00:00","author":"root","twitter_card":"summary_large_image","twitter_misc":{"Yazan:":"root","Tahmini okuma s\u00fcresi":"2 dakika"},"schema":{"@context":"https:\/\/schema.org","@graph":[{"@type":"Article","@id":"https:\/\/birlikdayanisma.com\/v3\/2010\/02\/17-saglik-orgutu-tekel-iscisi-yalniz-degildir\/#article","isPartOf":{"@id":"https:\/\/birlikdayanisma.com\/v3\/2010\/02\/17-saglik-orgutu-tekel-iscisi-yalniz-degildir\/"},"author":{"name":"root","@id":"https:\/\/birlikdayanisma.com\/v3\/#\/schema\/person\/2fd4a0bf332f1634d637e73cafde5aff"},"headline":"17 Sa\u011fl\u0131k \u00d6rg\u00fct\u00fc; TEKEL \u0130\u015f\u00e7isi yaln\u0131z de\u011fildir!","datePublished":"2010-02-03T09:00:54+00:00","mainEntityOfPage":{"@id":"https:\/\/birlikdayanisma.com\/v3\/2010\/02\/17-saglik-orgutu-tekel-iscisi-yalniz-degildir\/"},"wordCount":375,"publisher":{"@id":"https:\/\/birlikdayanisma.com\/v3\/#organization"},"keywords":["Dayan\u0131\u015fma","Tekel"],"articleSection":["T\u00fcrkiyeden"],"inLanguage":"tr"},{"@type":"WebPage","@id":"https:\/\/birlikdayanisma.com\/v3\/2010\/02\/17-saglik-orgutu-tekel-iscisi-yalniz-degildir\/","url":"https:\/\/birlikdayanisma.com\/v3\/2010\/02\/17-saglik-orgutu-tekel-iscisi-yalniz-degildir\/","name":"17 Sa\u011fl\u0131k \u00d6rg\u00fct\u00fc; TEKEL \u0130\u015f\u00e7isi yaln\u0131z de\u011fildir! &#8211; Birlik Dayan\u0131\u015fma Hareketi","isPartOf":{"@id":"https:\/\/birlikdayanisma.com\/v3\/#website"},"datePublished":"2010-02-03T09:00:54+00:00","description":"17 sa\u011fl\u0131k meslek \u00f6rg\u00fct\u00fc taraf\u0131ndan TEKEL \u0130\u015f\u00e7ileri i\u00e7in ortak bas\u0131n a\u00e7\u0131klamas\u0131; B\u00fct\u00fcn\u00fcyle hakl\u0131, b\u00fct\u00fcn\u00fcyle me\u015fru olan \u201c4 \u015eubat\u201dta birle\u015felim, birlikte","breadcrumb":{"@id":"https:\/\/birlikdayanisma.com\/v3\/2010\/02\/17-saglik-orgutu-tekel-iscisi-yalniz-degildir\/#breadcrumb"},"inLanguage":"tr","potentialAction":[{"@type":"ReadAction","target":["https:\/\/birlikdayanisma.com\/v3\/2010\/02\/17-saglik-orgutu-tekel-iscisi-yalniz-degildir\/"]}]},{"@type":"BreadcrumbList","@id":"https:\/\/birlikdayanisma.com\/v3\/2010\/02\/17-saglik-orgutu-tekel-iscisi-yalniz-degildir\/#breadcrumb","itemListElement":[{"@type":"ListItem","position":1,"name":"Ana sayfa","item":"https:\/\/birlikdayanisma.com\/v3\/"},{"@type":"ListItem","position":2,"name":"17 Sa\u011fl\u0131k \u00d6rg\u00fct\u00fc; TEKEL \u0130\u015f\u00e7isi yaln\u0131z de\u011fildir!"}]},{"@type":"WebSite","@id":"https:\/\/birlikdayanisma.com\/v3\/#website","url":"https:\/\/birlikdayanisma.com\/v3\/","name":"Birlik Dayan\u0131\u015fma Hareketi","description":"","publisher":{"@id":"https:\/\/birlikdayanisma.com\/v3\/#organization"},"potentialAction":[{"@type":"SearchAction","target":{"@type":"EntryPoint","urlTemplate":"https:\/\/birlikdayanisma.com\/v3\/?s={search_term_string}"},"query-input":{"@type":"PropertyValueSpecification","valueRequired":true,"valueName":"search_term_string"}}],"inLanguage":"tr"},{"@type":"Organization","@id":"https:\/\/birlikdayanisma.com\/v3\/#organization","name":"Birlik Dayan\u0131\u015fma Hareketi","url":"https:\/\/birlikdayanisma.com\/v3\/","logo":{"@type":"ImageObject","inLanguage":"tr","@id":"https:\/\/birlikdayanisma.com\/v3\/#\/schema\/logo\/image\/","url":"https:\/\/birlikdayanisma.com\/v3\/wp-content\/uploads\/bdh_logo_2016.png","contentUrl":"https:\/\/birlikdayanisma.com\/v3\/wp-content\/uploads\/bdh_logo_2016.png","width":468,"height":60,"caption":"Birlik Dayan\u0131\u015fma Hareketi"},"image":{"@id":"https:\/\/birlikdayanisma.com\/v3\/#\/schema\/logo\/image\/"}},{"@type":"Person","@id":"https:\/\/birlikdayanisma.com\/v3\/#\/schema\/person\/2fd4a0bf332f1634d637e73cafde5aff","name":"root","image":{"@type":"ImageObject","inLanguage":"tr","@id":"https:\/\/birlikdayanisma.com\/v3\/#\/schema\/person\/image\/","url":"https:\/\/secure.gravatar.com\/avatar\/d112a0f70b7f65f990d41bcb2260b0d5?s=96&d=mm&r=g","contentUrl":"https:\/\/secure.gravatar.com\/avatar\/d112a0f70b7f65f990d41bcb2260b0d5?s=96&d=mm&r=g","caption":"root"},"url":"https:\/\/birlikdayanisma.com\/v3\/author\/root\/"}]}},"_links":{"self":[{"href":"https:\/\/birlikdayanisma.com\/v3\/wp-json\/wp\/v2\/posts\/2020","targetHints":{"allow":["GET"]}}],"collection":[{"href":"https:\/\/birlikdayanisma.com\/v3\/wp-json\/wp\/v2\/posts"}],"about":[{"href":"https:\/\/birlikdayanisma.com\/v3\/wp-json\/wp\/v2\/types\/post"}],"author":[{"embeddable":true,"href":"https:\/\/birlikdayanisma.com\/v3\/wp-json\/wp\/v2\/users\/4"}],"replies":[{"embeddable":true,"href":"https:\/\/birlikdayanisma.com\/v3\/wp-json\/wp\/v2\/comments?post=2020"}],"version-history":[{"count":0,"href":"https:\/\/birlikdayanisma.com\/v3\/wp-json\/wp\/v2\/posts\/2020\/revisions"}],"wp:attachment":[{"href":"https:\/\/birlikdayanisma.com\/v3\/wp-json\/wp\/v2\/media?parent=2020"}],"wp:term":[{"taxonomy":"category","embeddable":true,"href":"https:\/\/birlikdayanisma.com\/v3\/wp-json\/wp\/v2\/categories?post=2020"},{"taxonomy":"post_tag","embeddable":true,"href":"https:\/\/birlikdayanisma.com\/v3\/wp-json\/wp\/v2\/tags?post=2020"}],"curies":[{"name":"wp","href":"https:\/\/api.w.org\/{rel}","templated":true}]}}