{"id":2032,"date":"2010-02-06T23:13:24","date_gmt":"2010-02-06T20:13:24","guid":{"rendered":"http:\/\/birlikdayanisma.com\/v3\/?p=2032"},"modified":"2010-02-06T23:13:24","modified_gmt":"2010-02-06T20:13:24","slug":"tekel-dayanisma-grevi-bitti-aclik-grevi-suruyor","status":"publish","type":"post","link":"https:\/\/birlikdayanisma.com\/v3\/2010\/02\/tekel-dayanisma-grevi-bitti-aclik-grevi-suruyor\/","title":{"rendered":"TEKEL; Dayan\u0131\u015fma grevi bitti, a\u00e7l\u0131k grevi s\u00fcr\u00fcyor!"},"content":{"rendered":"<p><!-- \t\t@page { margin: 2cm } \t\tP { margin-bottom: 0.21cm } -->TEKEL \u0130\u015f\u00e7ileri i\u00e7in t\u00fcm kentlerde yayg\u0131n olarak yap\u0131lan \u201cGenel Grev\u201dde, Memur-Sen&#8217;in a\u00e7\u0131k grev k\u0131r\u0131c\u0131l\u0131\u011f\u0131na ra\u011fmen emek\u00e7iler s\u0131n\u0131f karde\u015fleriyle dayan\u0131\u015fmay\u0131 unutmad\u0131.<\/p>\n<p><!--more-->BDH emek\u00e7ileri de, dayan\u0131\u015fmalar\u0131n\u0131 \u00fcretim alanlar\u0131nda i\u015f durdurarak ve y\u00fcr\u00fcy\u00fc\u015flerde \u201c\u0130\u015ften Atmak Yasaklans\u0131n Platformu\u201d alt\u0131nda kat\u0131larak g\u00f6sterdi.<\/p>\n<p>Greve istenilen d\u00fczeyde kat\u0131l\u0131m sa\u011flanamamas\u0131na ra\u011fmen, yayg\u0131n olu\u015fu ve farkl\u0131 emek \u00f6rg\u00fctlerine ba\u011fl\u0131 sendikalar\u0131n katk\u0131 koymas\u0131 olumluluk olarak de\u011ferlendirilebilir.<\/p>\n<p>\u201c\u00dcretimden gelen g\u00fcc\u00fcn kullan\u0131lmas\u0131\u201d AKP cephesinde tedirginlik yaratsa da,  h\u00fck\u00fcmet emek d\u00fc\u015fman\u0131 sald\u0131rgan tavr\u0131n\u0131 s\u00fcrd\u00fcrmeye devam ediyor. \u00d6n\u00fcm\u00fczdeki aylarda ger\u00e7ekle\u015ftirilecek \u00f6zelle\u015ftirmelerde ki kararl\u0131 tavr\u0131n\u0131 i\u015f\u00e7i s\u0131n\u0131f\u0131na kabul ettirme gayretindeki sermaye ve h\u00fck\u00fcmeti emek\u00e7ilere g\u00f6zda\u011f\u0131 vermeye \u00e7al\u0131\u015f\u0131yor.<\/p>\n<p>Tekel i\u015f\u00e7ileri, h\u00fck\u00fcmetin tutumuna kar\u015f\u0131 a\u00e7l\u0131k grevini s\u00fcresiz s\u00fcrd\u00fcrme karar\u0131 ald\u0131. Ba\u015flar\u0131na  &#8221;siyah&#8221; kurdele ba\u011flayan i\u015f\u00e7ilerin, giydikleri beyaz \u00f6nl\u00fcklerde de &#8221;Onursuz ya\u015famaktansa onurlu \u00f6lmeyi tercih ederim&#8221;, &#8221;\u00d6lmek var d\u00f6nmek yok&#8221;, &#8221;Sadece \u00e7ocuklar\u0131m i\u00e7in&#8221;, &#8221;\u00c7ocuklar\u0131m\u0131z\u0131n gelece\u011fini istiyorum&#8221; sloganlar\u0131 yer al\u0131yor.<\/p>\n<p>\u0130\u015f\u00e7i s\u0131n\u0131f\u0131 ve emek dostu g\u00fc\u00e7ler de, direni\u015f\u00e7i i\u015f\u00e7ilerin g\u00fcnl\u00fck ihtiya\u00e7lar\u0131yla dayan\u0131\u015fmalar\u0131n\u0131 aksatmadan s\u00fcrd\u00fcr\u00fcyorlar.<\/p>\n<p style=\"text-align: center;\"><a href=\"http:\/\/birlikdayanisma.com\/v3\/wp-content\/uploads\/tekel_dayanisma_grevi_2_20100204.jpg\"><img loading=\"lazy\" decoding=\"async\" class=\"aligncenter size-full wp-image-2029\" style=\"border: 1px solid black; margin: 2px;\" title=\"tekel_dayanisma_grevi_2_20100204\" src=\"http:\/\/birlikdayanisma.com\/v3\/wp-content\/uploads\/tekel_dayanisma_grevi_2_20100204.jpg\" alt=\"TEKEL; Dayan\u0131\u015fma grevi bitti, a\u00e7l\u0131k grevi s\u00fcr\u00fcyor!\" width=\"350\" height=\"466\" srcset=\"https:\/\/birlikdayanisma.com\/v3\/wp-content\/uploads\/tekel_dayanisma_grevi_2_20100204.jpg 350w, https:\/\/birlikdayanisma.com\/v3\/wp-content\/uploads\/tekel_dayanisma_grevi_2_20100204-225x300.jpg 225w\" sizes=\"auto, (max-width: 350px) 100vw, 350px\" \/><\/a><\/p>\n<p><a href=\"http:\/\/birlikdayanisma.com\/v3\/wp-content\/uploads\/tekel_dayanisma_grevi_20100204.jpg\"><br \/>\n<\/a><\/p>\n","protected":false},"excerpt":{"rendered":"<p>TEKEL \u0130\u015f\u00e7ileri i\u00e7in t\u00fcm kentlerde yayg\u0131n olarak yap\u0131lan \u201cGenel Grev\u201dde, Memur-Sen&#8217;in a\u00e7\u0131k grev k\u0131r\u0131c\u0131l\u0131\u011f\u0131na ra\u011fmen emek\u00e7iler s\u0131n\u0131f karde\u015fleriyle dayan\u0131\u015fmay\u0131 unutmad\u0131.<\/p>\n","protected":false},"author":4,"featured_media":0,"comment_status":"closed","ping_status":"open","sticky":false,"template":"","format":"standard","meta":{"_et_pb_use_builder":"","_et_pb_old_content":"","_et_gb_content_width":"","footnotes":""},"categories":[103],"tags":[93,55,96],"class_list":["post-2032","post","type-post","status-publish","format-standard","hentry","category-turkiyeden","tag-dayanisma","tag-grev","tag-tekel","et-doesnt-have-format-content","et_post_format-et-post-format-standard"],"yoast_head":"<!-- This site is optimized with the Yoast SEO plugin v26.8 - https:\/\/yoast.com\/product\/yoast-seo-wordpress\/ -->\n<title>TEKEL; Dayan\u0131\u015fma grevi bitti, a\u00e7l\u0131k grevi s\u00fcr\u00fcyor! &#8211; Birlik Dayan\u0131\u015fma Hareketi<\/title>\n<meta name=\"description\" content=\"TEKEL \u0130\u015f\u00e7ileri i\u00e7in t\u00fcm kentlerde yayg\u0131n olarak yap\u0131lan \u201cGenel Grev\u201dde, Memur-Sen&#039;in a\u00e7\u0131k grev k\u0131r\u0131c\u0131l\u0131\u011f\u0131na ra\u011fmen emek\u00e7iler s\u0131n\u0131f karde\u015fleriyle\" \/>\n<meta name=\"robots\" content=\"index, follow, max-snippet:-1, max-image-preview:large, max-video-preview:-1\" \/>\n<link rel=\"canonical\" href=\"https:\/\/birlikdayanisma.com\/v3\/2010\/02\/tekel-dayanisma-grevi-bitti-aclik-grevi-suruyor\/\" \/>\n<meta property=\"og:locale\" content=\"tr_TR\" \/>\n<meta property=\"og:type\" content=\"article\" \/>\n<meta property=\"og:title\" content=\"TEKEL; Dayan\u0131\u015fma grevi bitti, a\u00e7l\u0131k grevi s\u00fcr\u00fcyor! &#8211; Birlik Dayan\u0131\u015fma Hareketi\" \/>\n<meta property=\"og:description\" content=\"TEKEL \u0130\u015f\u00e7ileri i\u00e7in t\u00fcm kentlerde yayg\u0131n olarak yap\u0131lan \u201cGenel Grev\u201dde, Memur-Sen&#039;in a\u00e7\u0131k grev k\u0131r\u0131c\u0131l\u0131\u011f\u0131na ra\u011fmen emek\u00e7iler s\u0131n\u0131f karde\u015fleriyle\" \/>\n<meta property=\"og:url\" content=\"https:\/\/birlikdayanisma.com\/v3\/2010\/02\/tekel-dayanisma-grevi-bitti-aclik-grevi-suruyor\/\" \/>\n<meta property=\"og:site_name\" content=\"Birlik Dayan\u0131\u015fma Hareketi\" \/>\n<meta property=\"article:published_time\" content=\"2010-02-06T20:13:24+00:00\" \/>\n<meta property=\"og:image\" content=\"https:\/\/birlikdayanisma.com\/v3\/wp-content\/uploads\/tekel_dayanisma_grevi_2_20100204.jpg\" \/>\n\t<meta property=\"og:image:width\" content=\"350\" \/>\n\t<meta property=\"og:image:height\" content=\"466\" \/>\n\t<meta property=\"og:image:type\" content=\"image\/jpeg\" \/>\n<meta name=\"author\" content=\"root\" \/>\n<meta name=\"twitter:card\" content=\"summary_large_image\" \/>\n<meta name=\"twitter:label1\" content=\"Yazan:\" \/>\n\t<meta name=\"twitter:data1\" content=\"root\" \/>\n\t<meta name=\"twitter:label2\" content=\"Tahmini okuma s\u00fcresi\" \/>\n\t<meta name=\"twitter:data2\" content=\"1 dakika\" \/>\n<script type=\"application\/ld+json\" class=\"yoast-schema-graph\">{\"@context\":\"https:\/\/schema.org\",\"@graph\":[{\"@type\":\"Article\",\"@id\":\"https:\/\/birlikdayanisma.com\/v3\/2010\/02\/tekel-dayanisma-grevi-bitti-aclik-grevi-suruyor\/#article\",\"isPartOf\":{\"@id\":\"https:\/\/birlikdayanisma.com\/v3\/2010\/02\/tekel-dayanisma-grevi-bitti-aclik-grevi-suruyor\/\"},\"author\":{\"name\":\"root\",\"@id\":\"https:\/\/birlikdayanisma.com\/v3\/#\/schema\/person\/2fd4a0bf332f1634d637e73cafde5aff\"},\"headline\":\"TEKEL; Dayan\u0131\u015fma grevi bitti, a\u00e7l\u0131k grevi s\u00fcr\u00fcyor!\",\"datePublished\":\"2010-02-06T20:13:24+00:00\",\"mainEntityOfPage\":{\"@id\":\"https:\/\/birlikdayanisma.com\/v3\/2010\/02\/tekel-dayanisma-grevi-bitti-aclik-grevi-suruyor\/\"},\"wordCount\":258,\"publisher\":{\"@id\":\"https:\/\/birlikdayanisma.com\/v3\/#organization\"},\"image\":{\"@id\":\"https:\/\/birlikdayanisma.com\/v3\/2010\/02\/tekel-dayanisma-grevi-bitti-aclik-grevi-suruyor\/#primaryimage\"},\"thumbnailUrl\":\"http:\/\/birlikdayanisma.com\/v3\/wp-content\/uploads\/tekel_dayanisma_grevi_2_20100204.jpg\",\"keywords\":[\"Dayan\u0131\u015fma\",\"Grev\",\"Tekel\"],\"articleSection\":[\"T\u00fcrkiyeden\"],\"inLanguage\":\"tr\"},{\"@type\":\"WebPage\",\"@id\":\"https:\/\/birlikdayanisma.com\/v3\/2010\/02\/tekel-dayanisma-grevi-bitti-aclik-grevi-suruyor\/\",\"url\":\"https:\/\/birlikdayanisma.com\/v3\/2010\/02\/tekel-dayanisma-grevi-bitti-aclik-grevi-suruyor\/\",\"name\":\"TEKEL; Dayan\u0131\u015fma grevi bitti, a\u00e7l\u0131k grevi s\u00fcr\u00fcyor! &#8211; Birlik Dayan\u0131\u015fma Hareketi\",\"isPartOf\":{\"@id\":\"https:\/\/birlikdayanisma.com\/v3\/#website\"},\"primaryImageOfPage\":{\"@id\":\"https:\/\/birlikdayanisma.com\/v3\/2010\/02\/tekel-dayanisma-grevi-bitti-aclik-grevi-suruyor\/#primaryimage\"},\"image\":{\"@id\":\"https:\/\/birlikdayanisma.com\/v3\/2010\/02\/tekel-dayanisma-grevi-bitti-aclik-grevi-suruyor\/#primaryimage\"},\"thumbnailUrl\":\"http:\/\/birlikdayanisma.com\/v3\/wp-content\/uploads\/tekel_dayanisma_grevi_2_20100204.jpg\",\"datePublished\":\"2010-02-06T20:13:24+00:00\",\"description\":\"TEKEL \u0130\u015f\u00e7ileri i\u00e7in t\u00fcm kentlerde yayg\u0131n olarak yap\u0131lan \u201cGenel Grev\u201dde, Memur-Sen'in a\u00e7\u0131k grev k\u0131r\u0131c\u0131l\u0131\u011f\u0131na ra\u011fmen emek\u00e7iler s\u0131n\u0131f karde\u015fleriyle\",\"breadcrumb\":{\"@id\":\"https:\/\/birlikdayanisma.com\/v3\/2010\/02\/tekel-dayanisma-grevi-bitti-aclik-grevi-suruyor\/#breadcrumb\"},\"inLanguage\":\"tr\",\"potentialAction\":[{\"@type\":\"ReadAction\",\"target\":[\"https:\/\/birlikdayanisma.com\/v3\/2010\/02\/tekel-dayanisma-grevi-bitti-aclik-grevi-suruyor\/\"]}]},{\"@type\":\"ImageObject\",\"inLanguage\":\"tr\",\"@id\":\"https:\/\/birlikdayanisma.com\/v3\/2010\/02\/tekel-dayanisma-grevi-bitti-aclik-grevi-suruyor\/#primaryimage\",\"url\":\"http:\/\/birlikdayanisma.com\/v3\/wp-content\/uploads\/tekel_dayanisma_grevi_2_20100204.jpg\",\"contentUrl\":\"http:\/\/birlikdayanisma.com\/v3\/wp-content\/uploads\/tekel_dayanisma_grevi_2_20100204.jpg\"},{\"@type\":\"BreadcrumbList\",\"@id\":\"https:\/\/birlikdayanisma.com\/v3\/2010\/02\/tekel-dayanisma-grevi-bitti-aclik-grevi-suruyor\/#breadcrumb\",\"itemListElement\":[{\"@type\":\"ListItem\",\"position\":1,\"name\":\"Ana sayfa\",\"item\":\"https:\/\/birlikdayanisma.com\/v3\/\"},{\"@type\":\"ListItem\",\"position\":2,\"name\":\"TEKEL; Dayan\u0131\u015fma grevi bitti, a\u00e7l\u0131k grevi s\u00fcr\u00fcyor!\"}]},{\"@type\":\"WebSite\",\"@id\":\"https:\/\/birlikdayanisma.com\/v3\/#website\",\"url\":\"https:\/\/birlikdayanisma.com\/v3\/\",\"name\":\"Birlik Dayan\u0131\u015fma Hareketi\",\"description\":\"\",\"publisher\":{\"@id\":\"https:\/\/birlikdayanisma.com\/v3\/#organization\"},\"potentialAction\":[{\"@type\":\"SearchAction\",\"target\":{\"@type\":\"EntryPoint\",\"urlTemplate\":\"https:\/\/birlikdayanisma.com\/v3\/?s={search_term_string}\"},\"query-input\":{\"@type\":\"PropertyValueSpecification\",\"valueRequired\":true,\"valueName\":\"search_term_string\"}}],\"inLanguage\":\"tr\"},{\"@type\":\"Organization\",\"@id\":\"https:\/\/birlikdayanisma.com\/v3\/#organization\",\"name\":\"Birlik Dayan\u0131\u015fma Hareketi\",\"url\":\"https:\/\/birlikdayanisma.com\/v3\/\",\"logo\":{\"@type\":\"ImageObject\",\"inLanguage\":\"tr\",\"@id\":\"https:\/\/birlikdayanisma.com\/v3\/#\/schema\/logo\/image\/\",\"url\":\"https:\/\/birlikdayanisma.com\/v3\/wp-content\/uploads\/bdh_logo_2016.png\",\"contentUrl\":\"https:\/\/birlikdayanisma.com\/v3\/wp-content\/uploads\/bdh_logo_2016.png\",\"width\":468,\"height\":60,\"caption\":\"Birlik Dayan\u0131\u015fma Hareketi\"},\"image\":{\"@id\":\"https:\/\/birlikdayanisma.com\/v3\/#\/schema\/logo\/image\/\"}},{\"@type\":\"Person\",\"@id\":\"https:\/\/birlikdayanisma.com\/v3\/#\/schema\/person\/2fd4a0bf332f1634d637e73cafde5aff\",\"name\":\"root\",\"image\":{\"@type\":\"ImageObject\",\"inLanguage\":\"tr\",\"@id\":\"https:\/\/birlikdayanisma.com\/v3\/#\/schema\/person\/image\/\",\"url\":\"https:\/\/secure.gravatar.com\/avatar\/d112a0f70b7f65f990d41bcb2260b0d5?s=96&d=mm&r=g\",\"contentUrl\":\"https:\/\/secure.gravatar.com\/avatar\/d112a0f70b7f65f990d41bcb2260b0d5?s=96&d=mm&r=g\",\"caption\":\"root\"},\"url\":\"https:\/\/birlikdayanisma.com\/v3\/author\/root\/\"}]}<\/script>\n<!-- \/ Yoast SEO plugin. -->","yoast_head_json":{"title":"TEKEL; Dayan\u0131\u015fma grevi bitti, a\u00e7l\u0131k grevi s\u00fcr\u00fcyor! &#8211; Birlik Dayan\u0131\u015fma Hareketi","description":"TEKEL \u0130\u015f\u00e7ileri i\u00e7in t\u00fcm kentlerde yayg\u0131n olarak yap\u0131lan \u201cGenel Grev\u201dde, Memur-Sen'in a\u00e7\u0131k grev k\u0131r\u0131c\u0131l\u0131\u011f\u0131na ra\u011fmen emek\u00e7iler s\u0131n\u0131f karde\u015fleriyle","robots":{"index":"index","follow":"follow","max-snippet":"max-snippet:-1","max-image-preview":"max-image-preview:large","max-video-preview":"max-video-preview:-1"},"canonical":"https:\/\/birlikdayanisma.com\/v3\/2010\/02\/tekel-dayanisma-grevi-bitti-aclik-grevi-suruyor\/","og_locale":"tr_TR","og_type":"article","og_title":"TEKEL; Dayan\u0131\u015fma grevi bitti, a\u00e7l\u0131k grevi s\u00fcr\u00fcyor! &#8211; Birlik Dayan\u0131\u015fma Hareketi","og_description":"TEKEL \u0130\u015f\u00e7ileri i\u00e7in t\u00fcm kentlerde yayg\u0131n olarak yap\u0131lan \u201cGenel Grev\u201dde, Memur-Sen'in a\u00e7\u0131k grev k\u0131r\u0131c\u0131l\u0131\u011f\u0131na ra\u011fmen emek\u00e7iler s\u0131n\u0131f karde\u015fleriyle","og_url":"https:\/\/birlikdayanisma.com\/v3\/2010\/02\/tekel-dayanisma-grevi-bitti-aclik-grevi-suruyor\/","og_site_name":"Birlik Dayan\u0131\u015fma Hareketi","article_published_time":"2010-02-06T20:13:24+00:00","og_image":[{"width":350,"height":466,"url":"https:\/\/birlikdayanisma.com\/v3\/wp-content\/uploads\/tekel_dayanisma_grevi_2_20100204.jpg","type":"image\/jpeg"}],"author":"root","twitter_card":"summary_large_image","twitter_misc":{"Yazan:":"root","Tahmini okuma s\u00fcresi":"1 dakika"},"schema":{"@context":"https:\/\/schema.org","@graph":[{"@type":"Article","@id":"https:\/\/birlikdayanisma.com\/v3\/2010\/02\/tekel-dayanisma-grevi-bitti-aclik-grevi-suruyor\/#article","isPartOf":{"@id":"https:\/\/birlikdayanisma.com\/v3\/2010\/02\/tekel-dayanisma-grevi-bitti-aclik-grevi-suruyor\/"},"author":{"name":"root","@id":"https:\/\/birlikdayanisma.com\/v3\/#\/schema\/person\/2fd4a0bf332f1634d637e73cafde5aff"},"headline":"TEKEL; Dayan\u0131\u015fma grevi bitti, a\u00e7l\u0131k grevi s\u00fcr\u00fcyor!","datePublished":"2010-02-06T20:13:24+00:00","mainEntityOfPage":{"@id":"https:\/\/birlikdayanisma.com\/v3\/2010\/02\/tekel-dayanisma-grevi-bitti-aclik-grevi-suruyor\/"},"wordCount":258,"publisher":{"@id":"https:\/\/birlikdayanisma.com\/v3\/#organization"},"image":{"@id":"https:\/\/birlikdayanisma.com\/v3\/2010\/02\/tekel-dayanisma-grevi-bitti-aclik-grevi-suruyor\/#primaryimage"},"thumbnailUrl":"http:\/\/birlikdayanisma.com\/v3\/wp-content\/uploads\/tekel_dayanisma_grevi_2_20100204.jpg","keywords":["Dayan\u0131\u015fma","Grev","Tekel"],"articleSection":["T\u00fcrkiyeden"],"inLanguage":"tr"},{"@type":"WebPage","@id":"https:\/\/birlikdayanisma.com\/v3\/2010\/02\/tekel-dayanisma-grevi-bitti-aclik-grevi-suruyor\/","url":"https:\/\/birlikdayanisma.com\/v3\/2010\/02\/tekel-dayanisma-grevi-bitti-aclik-grevi-suruyor\/","name":"TEKEL; Dayan\u0131\u015fma grevi bitti, a\u00e7l\u0131k grevi s\u00fcr\u00fcyor! &#8211; Birlik Dayan\u0131\u015fma Hareketi","isPartOf":{"@id":"https:\/\/birlikdayanisma.com\/v3\/#website"},"primaryImageOfPage":{"@id":"https:\/\/birlikdayanisma.com\/v3\/2010\/02\/tekel-dayanisma-grevi-bitti-aclik-grevi-suruyor\/#primaryimage"},"image":{"@id":"https:\/\/birlikdayanisma.com\/v3\/2010\/02\/tekel-dayanisma-grevi-bitti-aclik-grevi-suruyor\/#primaryimage"},"thumbnailUrl":"http:\/\/birlikdayanisma.com\/v3\/wp-content\/uploads\/tekel_dayanisma_grevi_2_20100204.jpg","datePublished":"2010-02-06T20:13:24+00:00","description":"TEKEL \u0130\u015f\u00e7ileri i\u00e7in t\u00fcm kentlerde yayg\u0131n olarak yap\u0131lan \u201cGenel Grev\u201dde, Memur-Sen'in a\u00e7\u0131k grev k\u0131r\u0131c\u0131l\u0131\u011f\u0131na ra\u011fmen emek\u00e7iler s\u0131n\u0131f karde\u015fleriyle","breadcrumb":{"@id":"https:\/\/birlikdayanisma.com\/v3\/2010\/02\/tekel-dayanisma-grevi-bitti-aclik-grevi-suruyor\/#breadcrumb"},"inLanguage":"tr","potentialAction":[{"@type":"ReadAction","target":["https:\/\/birlikdayanisma.com\/v3\/2010\/02\/tekel-dayanisma-grevi-bitti-aclik-grevi-suruyor\/"]}]},{"@type":"ImageObject","inLanguage":"tr","@id":"https:\/\/birlikdayanisma.com\/v3\/2010\/02\/tekel-dayanisma-grevi-bitti-aclik-grevi-suruyor\/#primaryimage","url":"http:\/\/birlikdayanisma.com\/v3\/wp-content\/uploads\/tekel_dayanisma_grevi_2_20100204.jpg","contentUrl":"http:\/\/birlikdayanisma.com\/v3\/wp-content\/uploads\/tekel_dayanisma_grevi_2_20100204.jpg"},{"@type":"BreadcrumbList","@id":"https:\/\/birlikdayanisma.com\/v3\/2010\/02\/tekel-dayanisma-grevi-bitti-aclik-grevi-suruyor\/#breadcrumb","itemListElement":[{"@type":"ListItem","position":1,"name":"Ana sayfa","item":"https:\/\/birlikdayanisma.com\/v3\/"},{"@type":"ListItem","position":2,"name":"TEKEL; Dayan\u0131\u015fma grevi bitti, a\u00e7l\u0131k grevi s\u00fcr\u00fcyor!"}]},{"@type":"WebSite","@id":"https:\/\/birlikdayanisma.com\/v3\/#website","url":"https:\/\/birlikdayanisma.com\/v3\/","name":"Birlik Dayan\u0131\u015fma Hareketi","description":"","publisher":{"@id":"https:\/\/birlikdayanisma.com\/v3\/#organization"},"potentialAction":[{"@type":"SearchAction","target":{"@type":"EntryPoint","urlTemplate":"https:\/\/birlikdayanisma.com\/v3\/?s={search_term_string}"},"query-input":{"@type":"PropertyValueSpecification","valueRequired":true,"valueName":"search_term_string"}}],"inLanguage":"tr"},{"@type":"Organization","@id":"https:\/\/birlikdayanisma.com\/v3\/#organization","name":"Birlik Dayan\u0131\u015fma Hareketi","url":"https:\/\/birlikdayanisma.com\/v3\/","logo":{"@type":"ImageObject","inLanguage":"tr","@id":"https:\/\/birlikdayanisma.com\/v3\/#\/schema\/logo\/image\/","url":"https:\/\/birlikdayanisma.com\/v3\/wp-content\/uploads\/bdh_logo_2016.png","contentUrl":"https:\/\/birlikdayanisma.com\/v3\/wp-content\/uploads\/bdh_logo_2016.png","width":468,"height":60,"caption":"Birlik Dayan\u0131\u015fma Hareketi"},"image":{"@id":"https:\/\/birlikdayanisma.com\/v3\/#\/schema\/logo\/image\/"}},{"@type":"Person","@id":"https:\/\/birlikdayanisma.com\/v3\/#\/schema\/person\/2fd4a0bf332f1634d637e73cafde5aff","name":"root","image":{"@type":"ImageObject","inLanguage":"tr","@id":"https:\/\/birlikdayanisma.com\/v3\/#\/schema\/person\/image\/","url":"https:\/\/secure.gravatar.com\/avatar\/d112a0f70b7f65f990d41bcb2260b0d5?s=96&d=mm&r=g","contentUrl":"https:\/\/secure.gravatar.com\/avatar\/d112a0f70b7f65f990d41bcb2260b0d5?s=96&d=mm&r=g","caption":"root"},"url":"https:\/\/birlikdayanisma.com\/v3\/author\/root\/"}]}},"_links":{"self":[{"href":"https:\/\/birlikdayanisma.com\/v3\/wp-json\/wp\/v2\/posts\/2032","targetHints":{"allow":["GET"]}}],"collection":[{"href":"https:\/\/birlikdayanisma.com\/v3\/wp-json\/wp\/v2\/posts"}],"about":[{"href":"https:\/\/birlikdayanisma.com\/v3\/wp-json\/wp\/v2\/types\/post"}],"author":[{"embeddable":true,"href":"https:\/\/birlikdayanisma.com\/v3\/wp-json\/wp\/v2\/users\/4"}],"replies":[{"embeddable":true,"href":"https:\/\/birlikdayanisma.com\/v3\/wp-json\/wp\/v2\/comments?post=2032"}],"version-history":[{"count":0,"href":"https:\/\/birlikdayanisma.com\/v3\/wp-json\/wp\/v2\/posts\/2032\/revisions"}],"wp:attachment":[{"href":"https:\/\/birlikdayanisma.com\/v3\/wp-json\/wp\/v2\/media?parent=2032"}],"wp:term":[{"taxonomy":"category","embeddable":true,"href":"https:\/\/birlikdayanisma.com\/v3\/wp-json\/wp\/v2\/categories?post=2032"},{"taxonomy":"post_tag","embeddable":true,"href":"https:\/\/birlikdayanisma.com\/v3\/wp-json\/wp\/v2\/tags?post=2032"}],"curies":[{"name":"wp","href":"https:\/\/api.w.org\/{rel}","templated":true}]}}