{"id":2035,"date":"2010-02-14T20:12:28","date_gmt":"2010-02-14T17:12:28","guid":{"rendered":"http:\/\/birlikdayanisma.com\/v3\/?p=2035"},"modified":"2010-02-14T20:25:18","modified_gmt":"2010-02-14T17:25:18","slug":"tekel-iscilerine-uluslararasi-dayanisma","status":"publish","type":"post","link":"https:\/\/birlikdayanisma.com\/v3\/2010\/02\/tekel-iscilerine-uluslararasi-dayanisma\/","title":{"rendered":"TEKEL i\u015f\u00e7ileriyle uluslararas\u0131 dayan\u0131\u015fma"},"content":{"rendered":"<p><!-- \t\t@page { margin: 2cm } \t\tP { margin-bottom: 0.21cm } --><em><strong>Uluslararas\u0131 Sendikalar Konfederasyonu (ITUC), TEKEL i\u015f\u00e7ileri i\u00e7in &#8220;uluslararas\u0131 eylem g\u00fcn\u00fc&#8221; d\u00fczenleyecek. Gelecek hafta d\u00fczenlenmesi planlanan eylem g\u00fcn\u00fcnde, ulusal sendikal \u00f6rg\u00fctler, T\u00fcrkiye&#8217;de yetkililere mektup g\u00f6nderecek.<\/strong><\/em><\/p>\n<p><!--more-->T\u00dcRK-\u0130\u015e Genel Ba\u015fkan\u0131 Mustafa Kumlu\u2019nun, i\u015f\u00e7i ve memur sendikalar\u0131 konfederasyonlar\u0131n\u0131n ba\u015fkanlar\u0131n\u0131n 5 \u015eubat 2010\u2019da ald\u0131klar\u0131 karar do\u011frultusunda TEKEL i\u015f\u00e7ileri ile uluslararas\u0131 dayan\u0131\u015fmay\u0131 art\u0131rmak i\u00e7in 155 \u00fclkede 311 ulusal sendika \u00f6rg\u00fct\u00fcn\u00fc ve 175 milyon i\u015f\u00e7iyi temsil eden ITUC ile 36 Avrupa \u00fclkesinde 82 ulusal sendika \u00f6rg\u00fct\u00fcn\u00fc ve 12 i\u015f kolu federasyonunu temsil eden Avrupa Sendikalar Konfederasyonu\u2019na (ETUC) yapt\u0131\u011f\u0131 \u00e7a\u011fr\u0131 sonu\u00e7 verdi. \u00c7a\u011fr\u0131n\u0131n ard\u0131ndan T\u00dcRK-\u0130\u015e\u2019e iletilen bilgiye g\u00f6re, ITUC, TEKEL i\u015f\u00e7ileri i\u00e7in bir uluslararas\u0131 eylem g\u00fcn\u00fc d\u00fczenleyecek. ITUC, gelecek hafta d\u00fczenlenmesi planlanan uluslararas\u0131 eylem g\u00fcn\u00fcnde, Avrupa \u00fclkeleri ve di\u011fer \u00fclkelerde faaliyet g\u00f6steren ulusal sendika \u00f6rg\u00fctlerinin T\u00fcrk yetkililerine mektup g\u00f6ndereceklerini bildirdi. ITUC \u00fcyesi ulusal sendika konfederasyonlar\u0131, g\u00f6nderecekleri mektuplarda, TEKEL i\u015f\u00e7ileri ile dayan\u0131\u015fma i\u00e7erisinde olduklar\u0131n\u0131 belirtilecek ve h\u00fck\u00fcmetin bir an \u00f6nce TEKEL i\u015f\u00e7ilerinin taleplerine itibar etmesini isteyecek. T\u00dcRK-\u0130\u015e\u2019in \u00e7a\u011fr\u0131s\u0131 \u00fczerine ETUC\u2019da, TEKEL i\u015f\u00e7ilerini destekledi\u011fini bildiren bir b\u00fclten yay\u0131mlad\u0131. B\u00fcltende, &#8220;T\u00fcrkiye\u2019de \u00f6zelle\u015ftirme sonras\u0131 t\u00fct\u00fcn ve alkol depolar\u0131nda \u00e7al\u0131\u015fan 12 bin i\u015f\u00e7inin i\u015flerini kaybettikleri ve \u00fc\u00e7\u00fcnc\u00fc ay\u0131na girmesine ra\u011fmen g\u00f6r\u00fcn\u00fcrde hen\u00fcz bir \u00e7\u00f6z\u00fcm\u00fcn olmad\u0131\u011f\u0131&#8221; duyuruldu. ETUC b\u00fclteninde, i\u015f\u00e7ilerin kanunlara uygun bir \u015fekilde, &#8220;T\u00fcm \u00f6zl\u00fck haklar\u0131 ile birlikte di\u011fer kamu i\u015fletmelerine transfer etme&#8221; anlay\u0131\u015f\u0131yla h\u00fck\u00fcmetin bir an \u00f6nce g\u00f6r\u00fc\u015fmeleri ba\u015flatmas\u0131 \u00e7a\u011fr\u0131s\u0131nda bulundu. TEKEL i\u015f\u00e7ilerinin \u00e7ok zor ko\u015fullar alt\u0131nda kararl\u0131 bir duru\u015f sergilediklerine yer verilen b\u00fcltende, ETUC\u2019un, &#8220;En temel ihtiya\u00e7 olan insan onuruna yak\u0131\u015f\u0131r bir ya\u015fam i\u00e7in verdikleri m\u00fccadelede TEKEL i\u015f\u00e7ilerini destekledi\u011fi&#8221; bildirildi. ETUC, ayr\u0131ca Bel\u00e7ika\u2019daki T\u00fcrk B\u00fcy\u00fckel\u00e7ili\u011fine bir yaz\u0131 g\u00f6ndererek i\u015f\u00e7ilere deste\u011fini ve h\u00fck\u00fcmete \u00e7a\u011fr\u0131s\u0131n\u0131 yineleyecek.<\/p>\n<p>VAL\u0130L\u0130KTEN D\u00d6RD\u00dcNC\u00dc TEBL\u0130GAT<br \/>\nBu arada, Ankara Valili\u011fi, T\u00dcRK-\u0130\u015e ve Tekg\u0131da-\u0130\u015f\u2019e TEKEL i\u015f\u00e7ileri i\u00e7in kurulan \u00e7ad\u0131rlar\u0131n kald\u0131r\u0131lmas\u0131 i\u00e7in yeni bir tebligatta bulundu. Ankara Vali Yard\u0131mc\u0131s\u0131 Fahri Ayk\u0131r\u0131\u2019n\u0131n imzas\u0131n\u0131 ta\u015f\u0131yan tebligatta, konfederasyon, sendika ve sendika \u015fubelerinin, daha \u00f6nce yap\u0131lan tebligat ve uyar\u0131lara ra\u011fmen &#8220;kanuna ayk\u0131r\u0131 olarak kurulan \u00e7ad\u0131rlarda&#8221; oturma eylemi ve a\u00e7l\u0131k grevlerinin devam etti\u011fi belirtildi. Ankara B\u00fcy\u00fck\u015fehir Belediye Ba\u015fkanl\u0131\u011f\u0131 \u0130tfaiye Daire Ba\u015fkanl\u0131\u011f\u0131n\u0131n \u00e7ad\u0131rlarla ilgili olarak valili\u011fe sundu\u011fu raporda, \u00e7ad\u0131rlar nedeniyle b\u00f6lgede yang\u0131n tehlikesi ve olas\u0131 yang\u0131n durumunda ise m\u00fcdahale konular\u0131nda riskler bulundu\u011funa yer verildi\u011fi ifade edilen tebligatta, halen s\u00fcrd\u00fcr\u00fclen eylemlere &#8220;derhal&#8221; son verilmesi, y\u00f6netici, \u00fcyeler ve destekleyicilerin kurmu\u015f olduklar\u0131 \u00e7ad\u0131rlar\u0131n B\u00fcy\u00fck\u015fehir Belediyesi \u0130tfaiye Daire Ba\u015fkanl\u0131\u011f\u0131n\u0131n raporunda belirtilen ve hayati \u00f6nem arz eden tespitler dikkate al\u0131narak derhal kald\u0131r\u0131lmas\u0131 istendi. Tebligatta, aksi halde meydana gelebilecek olaylardan ve do\u011fabilecek zararlardan konfederasyon ve sendika y\u00f6neticileri ile eyleme kat\u0131lanlar\u0131n sorumlu olaca\u011f\u0131 ve haklar\u0131nda yasal i\u015flem yap\u0131laca\u011f\u0131 kaydedildi. Ankara Valili\u011fi, daha \u00f6nce de sendikalara \u00e7e\u015fitli gerek\u00e7elerle \u00fc\u00e7 tebligat daha yapm\u0131\u015ft\u0131<\/p>\n<p><em>Kaynak: Radikal<\/em><\/p>\n","protected":false},"excerpt":{"rendered":"<p>Uluslararas\u0131 Sendikalar Konfederasyonu (ITUC), TEKEL i\u015f\u00e7ileri i\u00e7in &#8220;uluslararas\u0131 eylem g\u00fcn\u00fc&#8221; d\u00fczenleyecek. Gelecek hafta d\u00fczenlenmesi planlanan eylem g\u00fcn\u00fcnde, ulusal sendikal \u00f6rg\u00fctler, T\u00fcrkiye&#8217;de yetkililere mektup g\u00f6nderecek.<\/p>\n","protected":false},"author":4,"featured_media":0,"comment_status":"closed","ping_status":"open","sticky":false,"template":"","format":"standard","meta":{"_et_pb_use_builder":"","_et_pb_old_content":"","_et_gb_content_width":"","footnotes":""},"categories":[102],"tags":[149,96],"class_list":["post-2035","post","type-post","status-publish","format-standard","hentry","category-dunyadan","tag-enternasyonel","tag-tekel","et-doesnt-have-format-content","et_post_format-et-post-format-standard"],"yoast_head":"<!-- This site is optimized with the Yoast SEO plugin v26.8 - https:\/\/yoast.com\/product\/yoast-seo-wordpress\/ -->\n<title>TEKEL i\u015f\u00e7ileriyle uluslararas\u0131 dayan\u0131\u015fma &#8211; Birlik Dayan\u0131\u015fma Hareketi<\/title>\n<meta name=\"description\" content=\"Uluslararas\u0131 Sendikalar Konfederasyonu (ITUC), TEKEL i\u015f\u00e7ileri i\u00e7in &quot;uluslararas\u0131 eylem g\u00fcn\u00fc&quot; d\u00fczenleyecek. Gelecek hafta d\u00fczenlenmesi planlanan eylem\" \/>\n<meta name=\"robots\" content=\"index, follow, max-snippet:-1, max-image-preview:large, max-video-preview:-1\" \/>\n<link rel=\"canonical\" href=\"https:\/\/birlikdayanisma.com\/v3\/2010\/02\/tekel-iscilerine-uluslararasi-dayanisma\/\" \/>\n<meta property=\"og:locale\" content=\"tr_TR\" \/>\n<meta property=\"og:type\" content=\"article\" \/>\n<meta property=\"og:title\" content=\"TEKEL i\u015f\u00e7ileriyle uluslararas\u0131 dayan\u0131\u015fma &#8211; Birlik Dayan\u0131\u015fma Hareketi\" \/>\n<meta property=\"og:description\" content=\"Uluslararas\u0131 Sendikalar Konfederasyonu (ITUC), TEKEL i\u015f\u00e7ileri i\u00e7in &quot;uluslararas\u0131 eylem g\u00fcn\u00fc&quot; d\u00fczenleyecek. Gelecek hafta d\u00fczenlenmesi planlanan eylem\" \/>\n<meta property=\"og:url\" content=\"https:\/\/birlikdayanisma.com\/v3\/2010\/02\/tekel-iscilerine-uluslararasi-dayanisma\/\" \/>\n<meta property=\"og:site_name\" content=\"Birlik Dayan\u0131\u015fma Hareketi\" \/>\n<meta property=\"article:published_time\" content=\"2010-02-14T17:12:28+00:00\" \/>\n<meta property=\"article:modified_time\" content=\"2010-02-14T17:25:18+00:00\" \/>\n<meta name=\"author\" content=\"root\" \/>\n<meta name=\"twitter:card\" content=\"summary_large_image\" \/>\n<meta name=\"twitter:label1\" content=\"Yazan:\" \/>\n\t<meta name=\"twitter:data1\" content=\"root\" \/>\n\t<meta name=\"twitter:label2\" content=\"Tahmini okuma s\u00fcresi\" \/>\n\t<meta name=\"twitter:data2\" content=\"3 dakika\" \/>\n<script type=\"application\/ld+json\" class=\"yoast-schema-graph\">{\"@context\":\"https:\/\/schema.org\",\"@graph\":[{\"@type\":\"Article\",\"@id\":\"https:\/\/birlikdayanisma.com\/v3\/2010\/02\/tekel-iscilerine-uluslararasi-dayanisma\/#article\",\"isPartOf\":{\"@id\":\"https:\/\/birlikdayanisma.com\/v3\/2010\/02\/tekel-iscilerine-uluslararasi-dayanisma\/\"},\"author\":{\"name\":\"root\",\"@id\":\"https:\/\/birlikdayanisma.com\/v3\/#\/schema\/person\/2fd4a0bf332f1634d637e73cafde5aff\"},\"headline\":\"TEKEL i\u015f\u00e7ileriyle uluslararas\u0131 dayan\u0131\u015fma\",\"datePublished\":\"2010-02-14T17:12:28+00:00\",\"dateModified\":\"2010-02-14T17:25:18+00:00\",\"mainEntityOfPage\":{\"@id\":\"https:\/\/birlikdayanisma.com\/v3\/2010\/02\/tekel-iscilerine-uluslararasi-dayanisma\/\"},\"wordCount\":609,\"publisher\":{\"@id\":\"https:\/\/birlikdayanisma.com\/v3\/#organization\"},\"keywords\":[\"Enternasyonel\",\"Tekel\"],\"articleSection\":[\"D\u00fcnyadan\"],\"inLanguage\":\"tr\"},{\"@type\":\"WebPage\",\"@id\":\"https:\/\/birlikdayanisma.com\/v3\/2010\/02\/tekel-iscilerine-uluslararasi-dayanisma\/\",\"url\":\"https:\/\/birlikdayanisma.com\/v3\/2010\/02\/tekel-iscilerine-uluslararasi-dayanisma\/\",\"name\":\"TEKEL i\u015f\u00e7ileriyle uluslararas\u0131 dayan\u0131\u015fma &#8211; Birlik Dayan\u0131\u015fma Hareketi\",\"isPartOf\":{\"@id\":\"https:\/\/birlikdayanisma.com\/v3\/#website\"},\"datePublished\":\"2010-02-14T17:12:28+00:00\",\"dateModified\":\"2010-02-14T17:25:18+00:00\",\"description\":\"Uluslararas\u0131 Sendikalar Konfederasyonu (ITUC), TEKEL i\u015f\u00e7ileri i\u00e7in \\\"uluslararas\u0131 eylem g\u00fcn\u00fc\\\" d\u00fczenleyecek. Gelecek hafta d\u00fczenlenmesi planlanan eylem\",\"breadcrumb\":{\"@id\":\"https:\/\/birlikdayanisma.com\/v3\/2010\/02\/tekel-iscilerine-uluslararasi-dayanisma\/#breadcrumb\"},\"inLanguage\":\"tr\",\"potentialAction\":[{\"@type\":\"ReadAction\",\"target\":[\"https:\/\/birlikdayanisma.com\/v3\/2010\/02\/tekel-iscilerine-uluslararasi-dayanisma\/\"]}]},{\"@type\":\"BreadcrumbList\",\"@id\":\"https:\/\/birlikdayanisma.com\/v3\/2010\/02\/tekel-iscilerine-uluslararasi-dayanisma\/#breadcrumb\",\"itemListElement\":[{\"@type\":\"ListItem\",\"position\":1,\"name\":\"Ana sayfa\",\"item\":\"https:\/\/birlikdayanisma.com\/v3\/\"},{\"@type\":\"ListItem\",\"position\":2,\"name\":\"TEKEL i\u015f\u00e7ileriyle uluslararas\u0131 dayan\u0131\u015fma\"}]},{\"@type\":\"WebSite\",\"@id\":\"https:\/\/birlikdayanisma.com\/v3\/#website\",\"url\":\"https:\/\/birlikdayanisma.com\/v3\/\",\"name\":\"Birlik Dayan\u0131\u015fma Hareketi\",\"description\":\"\",\"publisher\":{\"@id\":\"https:\/\/birlikdayanisma.com\/v3\/#organization\"},\"potentialAction\":[{\"@type\":\"SearchAction\",\"target\":{\"@type\":\"EntryPoint\",\"urlTemplate\":\"https:\/\/birlikdayanisma.com\/v3\/?s={search_term_string}\"},\"query-input\":{\"@type\":\"PropertyValueSpecification\",\"valueRequired\":true,\"valueName\":\"search_term_string\"}}],\"inLanguage\":\"tr\"},{\"@type\":\"Organization\",\"@id\":\"https:\/\/birlikdayanisma.com\/v3\/#organization\",\"name\":\"Birlik Dayan\u0131\u015fma Hareketi\",\"url\":\"https:\/\/birlikdayanisma.com\/v3\/\",\"logo\":{\"@type\":\"ImageObject\",\"inLanguage\":\"tr\",\"@id\":\"https:\/\/birlikdayanisma.com\/v3\/#\/schema\/logo\/image\/\",\"url\":\"https:\/\/birlikdayanisma.com\/v3\/wp-content\/uploads\/bdh_logo_2016.png\",\"contentUrl\":\"https:\/\/birlikdayanisma.com\/v3\/wp-content\/uploads\/bdh_logo_2016.png\",\"width\":468,\"height\":60,\"caption\":\"Birlik Dayan\u0131\u015fma Hareketi\"},\"image\":{\"@id\":\"https:\/\/birlikdayanisma.com\/v3\/#\/schema\/logo\/image\/\"}},{\"@type\":\"Person\",\"@id\":\"https:\/\/birlikdayanisma.com\/v3\/#\/schema\/person\/2fd4a0bf332f1634d637e73cafde5aff\",\"name\":\"root\",\"image\":{\"@type\":\"ImageObject\",\"inLanguage\":\"tr\",\"@id\":\"https:\/\/birlikdayanisma.com\/v3\/#\/schema\/person\/image\/\",\"url\":\"https:\/\/secure.gravatar.com\/avatar\/d112a0f70b7f65f990d41bcb2260b0d5?s=96&d=mm&r=g\",\"contentUrl\":\"https:\/\/secure.gravatar.com\/avatar\/d112a0f70b7f65f990d41bcb2260b0d5?s=96&d=mm&r=g\",\"caption\":\"root\"},\"url\":\"https:\/\/birlikdayanisma.com\/v3\/author\/root\/\"}]}<\/script>\n<!-- \/ Yoast SEO plugin. -->","yoast_head_json":{"title":"TEKEL i\u015f\u00e7ileriyle uluslararas\u0131 dayan\u0131\u015fma &#8211; Birlik Dayan\u0131\u015fma Hareketi","description":"Uluslararas\u0131 Sendikalar Konfederasyonu (ITUC), TEKEL i\u015f\u00e7ileri i\u00e7in \"uluslararas\u0131 eylem g\u00fcn\u00fc\" d\u00fczenleyecek. Gelecek hafta d\u00fczenlenmesi planlanan eylem","robots":{"index":"index","follow":"follow","max-snippet":"max-snippet:-1","max-image-preview":"max-image-preview:large","max-video-preview":"max-video-preview:-1"},"canonical":"https:\/\/birlikdayanisma.com\/v3\/2010\/02\/tekel-iscilerine-uluslararasi-dayanisma\/","og_locale":"tr_TR","og_type":"article","og_title":"TEKEL i\u015f\u00e7ileriyle uluslararas\u0131 dayan\u0131\u015fma &#8211; Birlik Dayan\u0131\u015fma Hareketi","og_description":"Uluslararas\u0131 Sendikalar Konfederasyonu (ITUC), TEKEL i\u015f\u00e7ileri i\u00e7in \"uluslararas\u0131 eylem g\u00fcn\u00fc\" d\u00fczenleyecek. Gelecek hafta d\u00fczenlenmesi planlanan eylem","og_url":"https:\/\/birlikdayanisma.com\/v3\/2010\/02\/tekel-iscilerine-uluslararasi-dayanisma\/","og_site_name":"Birlik Dayan\u0131\u015fma Hareketi","article_published_time":"2010-02-14T17:12:28+00:00","article_modified_time":"2010-02-14T17:25:18+00:00","author":"root","twitter_card":"summary_large_image","twitter_misc":{"Yazan:":"root","Tahmini okuma s\u00fcresi":"3 dakika"},"schema":{"@context":"https:\/\/schema.org","@graph":[{"@type":"Article","@id":"https:\/\/birlikdayanisma.com\/v3\/2010\/02\/tekel-iscilerine-uluslararasi-dayanisma\/#article","isPartOf":{"@id":"https:\/\/birlikdayanisma.com\/v3\/2010\/02\/tekel-iscilerine-uluslararasi-dayanisma\/"},"author":{"name":"root","@id":"https:\/\/birlikdayanisma.com\/v3\/#\/schema\/person\/2fd4a0bf332f1634d637e73cafde5aff"},"headline":"TEKEL i\u015f\u00e7ileriyle uluslararas\u0131 dayan\u0131\u015fma","datePublished":"2010-02-14T17:12:28+00:00","dateModified":"2010-02-14T17:25:18+00:00","mainEntityOfPage":{"@id":"https:\/\/birlikdayanisma.com\/v3\/2010\/02\/tekel-iscilerine-uluslararasi-dayanisma\/"},"wordCount":609,"publisher":{"@id":"https:\/\/birlikdayanisma.com\/v3\/#organization"},"keywords":["Enternasyonel","Tekel"],"articleSection":["D\u00fcnyadan"],"inLanguage":"tr"},{"@type":"WebPage","@id":"https:\/\/birlikdayanisma.com\/v3\/2010\/02\/tekel-iscilerine-uluslararasi-dayanisma\/","url":"https:\/\/birlikdayanisma.com\/v3\/2010\/02\/tekel-iscilerine-uluslararasi-dayanisma\/","name":"TEKEL i\u015f\u00e7ileriyle uluslararas\u0131 dayan\u0131\u015fma &#8211; Birlik Dayan\u0131\u015fma Hareketi","isPartOf":{"@id":"https:\/\/birlikdayanisma.com\/v3\/#website"},"datePublished":"2010-02-14T17:12:28+00:00","dateModified":"2010-02-14T17:25:18+00:00","description":"Uluslararas\u0131 Sendikalar Konfederasyonu (ITUC), TEKEL i\u015f\u00e7ileri i\u00e7in \"uluslararas\u0131 eylem g\u00fcn\u00fc\" d\u00fczenleyecek. Gelecek hafta d\u00fczenlenmesi planlanan eylem","breadcrumb":{"@id":"https:\/\/birlikdayanisma.com\/v3\/2010\/02\/tekel-iscilerine-uluslararasi-dayanisma\/#breadcrumb"},"inLanguage":"tr","potentialAction":[{"@type":"ReadAction","target":["https:\/\/birlikdayanisma.com\/v3\/2010\/02\/tekel-iscilerine-uluslararasi-dayanisma\/"]}]},{"@type":"BreadcrumbList","@id":"https:\/\/birlikdayanisma.com\/v3\/2010\/02\/tekel-iscilerine-uluslararasi-dayanisma\/#breadcrumb","itemListElement":[{"@type":"ListItem","position":1,"name":"Ana sayfa","item":"https:\/\/birlikdayanisma.com\/v3\/"},{"@type":"ListItem","position":2,"name":"TEKEL i\u015f\u00e7ileriyle uluslararas\u0131 dayan\u0131\u015fma"}]},{"@type":"WebSite","@id":"https:\/\/birlikdayanisma.com\/v3\/#website","url":"https:\/\/birlikdayanisma.com\/v3\/","name":"Birlik Dayan\u0131\u015fma Hareketi","description":"","publisher":{"@id":"https:\/\/birlikdayanisma.com\/v3\/#organization"},"potentialAction":[{"@type":"SearchAction","target":{"@type":"EntryPoint","urlTemplate":"https:\/\/birlikdayanisma.com\/v3\/?s={search_term_string}"},"query-input":{"@type":"PropertyValueSpecification","valueRequired":true,"valueName":"search_term_string"}}],"inLanguage":"tr"},{"@type":"Organization","@id":"https:\/\/birlikdayanisma.com\/v3\/#organization","name":"Birlik Dayan\u0131\u015fma Hareketi","url":"https:\/\/birlikdayanisma.com\/v3\/","logo":{"@type":"ImageObject","inLanguage":"tr","@id":"https:\/\/birlikdayanisma.com\/v3\/#\/schema\/logo\/image\/","url":"https:\/\/birlikdayanisma.com\/v3\/wp-content\/uploads\/bdh_logo_2016.png","contentUrl":"https:\/\/birlikdayanisma.com\/v3\/wp-content\/uploads\/bdh_logo_2016.png","width":468,"height":60,"caption":"Birlik Dayan\u0131\u015fma Hareketi"},"image":{"@id":"https:\/\/birlikdayanisma.com\/v3\/#\/schema\/logo\/image\/"}},{"@type":"Person","@id":"https:\/\/birlikdayanisma.com\/v3\/#\/schema\/person\/2fd4a0bf332f1634d637e73cafde5aff","name":"root","image":{"@type":"ImageObject","inLanguage":"tr","@id":"https:\/\/birlikdayanisma.com\/v3\/#\/schema\/person\/image\/","url":"https:\/\/secure.gravatar.com\/avatar\/d112a0f70b7f65f990d41bcb2260b0d5?s=96&d=mm&r=g","contentUrl":"https:\/\/secure.gravatar.com\/avatar\/d112a0f70b7f65f990d41bcb2260b0d5?s=96&d=mm&r=g","caption":"root"},"url":"https:\/\/birlikdayanisma.com\/v3\/author\/root\/"}]}},"_links":{"self":[{"href":"https:\/\/birlikdayanisma.com\/v3\/wp-json\/wp\/v2\/posts\/2035","targetHints":{"allow":["GET"]}}],"collection":[{"href":"https:\/\/birlikdayanisma.com\/v3\/wp-json\/wp\/v2\/posts"}],"about":[{"href":"https:\/\/birlikdayanisma.com\/v3\/wp-json\/wp\/v2\/types\/post"}],"author":[{"embeddable":true,"href":"https:\/\/birlikdayanisma.com\/v3\/wp-json\/wp\/v2\/users\/4"}],"replies":[{"embeddable":true,"href":"https:\/\/birlikdayanisma.com\/v3\/wp-json\/wp\/v2\/comments?post=2035"}],"version-history":[{"count":0,"href":"https:\/\/birlikdayanisma.com\/v3\/wp-json\/wp\/v2\/posts\/2035\/revisions"}],"wp:attachment":[{"href":"https:\/\/birlikdayanisma.com\/v3\/wp-json\/wp\/v2\/media?parent=2035"}],"wp:term":[{"taxonomy":"category","embeddable":true,"href":"https:\/\/birlikdayanisma.com\/v3\/wp-json\/wp\/v2\/categories?post=2035"},{"taxonomy":"post_tag","embeddable":true,"href":"https:\/\/birlikdayanisma.com\/v3\/wp-json\/wp\/v2\/tags?post=2035"}],"curies":[{"name":"wp","href":"https:\/\/api.w.org\/{rel}","templated":true}]}}