{"id":2044,"date":"2010-02-22T14:57:53","date_gmt":"2010-02-22T11:57:53","guid":{"rendered":"http:\/\/birlikdayanisma.com\/v3\/?p=2044"},"modified":"2010-02-22T14:57:53","modified_gmt":"2010-02-22T11:57:53","slug":"tekel-iscisi-yalniz-degildir","status":"publish","type":"post","link":"https:\/\/birlikdayanisma.com\/v3\/2010\/02\/tekel-iscisi-yalniz-degildir\/","title":{"rendered":"TEKEL \u0130\u015f\u00e7isi yaln\u0131z de\u011fildir!"},"content":{"rendered":"<p>Tekel i\u015f\u00e7ilerine destek vermek amac\u0131yla direni\u015finin 68. g\u00fcn\u00fcnde (20 \u015eubat Cumartesi) d\u00fczenlenen \u201cDayan\u0131\u015fma G\u00fcn\u00fc\u201dnde \u00e7e\u015fitli illerden gelen binlerce ki\u015fi Ankara\u2019da Sakarya Meydan\u0131\u2019nda bir araya geldi. <!--more-->Eyleme D\u0130SK, KESK, T\u00fcrk-\u0130\u015f, Kamu-Sen, TMMOB ile ilerici-devrimci grup ve partilerden geni\u015f kat\u0131l\u0131m sa\u011flad\u0131. \u201cTekel i\u015f\u00e7isi yaln\u0131z de\u011fildir\u201d, \u201cTekel i\u015f\u00e7isi direni\u015fin simgesi\u201d sloganlar\u0131yla Sakarya Caddesi\u2019ne y\u00fcr\u00fcyen binlerce ki\u015fi, destek i\u00e7in geceyi de Sakarya Caddesi\u2019nde Tekel i\u015f\u00e7ileriyle birlikte ge\u00e7irdi.<\/p>\n<p>Konfederasyon ba\u015fkanlar\u0131n\u0131n yapt\u0131\u011f\u0131 konu\u015fmalardan sonra, 20 \u015eubat gecesi sabaha kadar direni\u015f caddesinde canl\u0131 sohbetler ve m\u00fczik dinletileri yap\u0131ld\u0131. Dayan\u0131\u015fma ama\u00e7l\u0131 Ankara\u2019ya gelenler 21 \u015eubat Pazar saat 12.00\u2019da yap\u0131lan konu\u015fmalar\u00a0 sonras\u0131 geldikleri illere da\u011f\u0131ld\u0131.<\/p>\n","protected":false},"excerpt":{"rendered":"<p>Tekel i\u015f\u00e7ilerine destek vermek amac\u0131yla direni\u015finin 68. g\u00fcn\u00fcnde (20 \u015eubat Cumartesi) d\u00fczenlenen \u201cDayan\u0131\u015fma G\u00fcn\u00fc\u201dnde \u00e7e\u015fitli illerden gelen binlerce ki\u015fi Ankara\u2019da Sakarya Meydan\u0131\u2019nda bir araya geldi.<\/p>\n","protected":false},"author":4,"featured_media":0,"comment_status":"closed","ping_status":"open","sticky":false,"template":"","format":"standard","meta":{"_et_pb_use_builder":"","_et_pb_old_content":"","_et_gb_content_width":"","footnotes":""},"categories":[103],"tags":[93,96],"class_list":["post-2044","post","type-post","status-publish","format-standard","hentry","category-turkiyeden","tag-dayanisma","tag-tekel","et-doesnt-have-format-content","et_post_format-et-post-format-standard"],"yoast_head":"<!-- This site is optimized with the Yoast SEO plugin v26.8 - https:\/\/yoast.com\/product\/yoast-seo-wordpress\/ -->\n<title>TEKEL \u0130\u015f\u00e7isi yaln\u0131z de\u011fildir! &#8211; Birlik Dayan\u0131\u015fma Hareketi<\/title>\n<meta name=\"description\" content=\"Tekel i\u015f\u00e7ilerine destek vermek amac\u0131yla direni\u015finin 68. g\u00fcn\u00fcnde (20 \u015eubat Cumartesi) d\u00fczenlenen \u201cDayan\u0131\u015fma G\u00fcn\u00fc\u201dnde \u00e7e\u015fitli illerden gelen binlerce ki\u015fi\" \/>\n<meta name=\"robots\" content=\"index, follow, max-snippet:-1, max-image-preview:large, max-video-preview:-1\" \/>\n<link rel=\"canonical\" href=\"https:\/\/birlikdayanisma.com\/v3\/2010\/02\/tekel-iscisi-yalniz-degildir\/\" \/>\n<meta property=\"og:locale\" content=\"tr_TR\" \/>\n<meta property=\"og:type\" content=\"article\" \/>\n<meta property=\"og:title\" content=\"TEKEL \u0130\u015f\u00e7isi yaln\u0131z de\u011fildir! &#8211; Birlik Dayan\u0131\u015fma Hareketi\" \/>\n<meta property=\"og:description\" content=\"Tekel i\u015f\u00e7ilerine destek vermek amac\u0131yla direni\u015finin 68. g\u00fcn\u00fcnde (20 \u015eubat Cumartesi) d\u00fczenlenen \u201cDayan\u0131\u015fma G\u00fcn\u00fc\u201dnde \u00e7e\u015fitli illerden gelen binlerce ki\u015fi\" \/>\n<meta property=\"og:url\" content=\"https:\/\/birlikdayanisma.com\/v3\/2010\/02\/tekel-iscisi-yalniz-degildir\/\" \/>\n<meta property=\"og:site_name\" content=\"Birlik Dayan\u0131\u015fma Hareketi\" \/>\n<meta property=\"article:published_time\" content=\"2010-02-22T11:57:53+00:00\" \/>\n<meta name=\"author\" content=\"root\" \/>\n<meta name=\"twitter:card\" content=\"summary_large_image\" \/>\n<meta name=\"twitter:label1\" content=\"Yazan:\" \/>\n\t<meta name=\"twitter:data1\" content=\"root\" \/>\n\t<meta name=\"twitter:label2\" content=\"Tahmini okuma s\u00fcresi\" \/>\n\t<meta name=\"twitter:data2\" content=\"1 dakika\" \/>\n<script type=\"application\/ld+json\" class=\"yoast-schema-graph\">{\"@context\":\"https:\/\/schema.org\",\"@graph\":[{\"@type\":\"Article\",\"@id\":\"https:\/\/birlikdayanisma.com\/v3\/2010\/02\/tekel-iscisi-yalniz-degildir\/#article\",\"isPartOf\":{\"@id\":\"https:\/\/birlikdayanisma.com\/v3\/2010\/02\/tekel-iscisi-yalniz-degildir\/\"},\"author\":{\"name\":\"root\",\"@id\":\"https:\/\/birlikdayanisma.com\/v3\/#\/schema\/person\/2fd4a0bf332f1634d637e73cafde5aff\"},\"headline\":\"TEKEL \u0130\u015f\u00e7isi yaln\u0131z de\u011fildir!\",\"datePublished\":\"2010-02-22T11:57:53+00:00\",\"mainEntityOfPage\":{\"@id\":\"https:\/\/birlikdayanisma.com\/v3\/2010\/02\/tekel-iscisi-yalniz-degildir\/\"},\"wordCount\":142,\"publisher\":{\"@id\":\"https:\/\/birlikdayanisma.com\/v3\/#organization\"},\"keywords\":[\"Dayan\u0131\u015fma\",\"Tekel\"],\"articleSection\":[\"T\u00fcrkiyeden\"],\"inLanguage\":\"tr\"},{\"@type\":\"WebPage\",\"@id\":\"https:\/\/birlikdayanisma.com\/v3\/2010\/02\/tekel-iscisi-yalniz-degildir\/\",\"url\":\"https:\/\/birlikdayanisma.com\/v3\/2010\/02\/tekel-iscisi-yalniz-degildir\/\",\"name\":\"TEKEL \u0130\u015f\u00e7isi yaln\u0131z de\u011fildir! &#8211; Birlik Dayan\u0131\u015fma Hareketi\",\"isPartOf\":{\"@id\":\"https:\/\/birlikdayanisma.com\/v3\/#website\"},\"datePublished\":\"2010-02-22T11:57:53+00:00\",\"description\":\"Tekel i\u015f\u00e7ilerine destek vermek amac\u0131yla direni\u015finin 68. g\u00fcn\u00fcnde (20 \u015eubat Cumartesi) d\u00fczenlenen \u201cDayan\u0131\u015fma G\u00fcn\u00fc\u201dnde \u00e7e\u015fitli illerden gelen binlerce ki\u015fi\",\"breadcrumb\":{\"@id\":\"https:\/\/birlikdayanisma.com\/v3\/2010\/02\/tekel-iscisi-yalniz-degildir\/#breadcrumb\"},\"inLanguage\":\"tr\",\"potentialAction\":[{\"@type\":\"ReadAction\",\"target\":[\"https:\/\/birlikdayanisma.com\/v3\/2010\/02\/tekel-iscisi-yalniz-degildir\/\"]}]},{\"@type\":\"BreadcrumbList\",\"@id\":\"https:\/\/birlikdayanisma.com\/v3\/2010\/02\/tekel-iscisi-yalniz-degildir\/#breadcrumb\",\"itemListElement\":[{\"@type\":\"ListItem\",\"position\":1,\"name\":\"Ana sayfa\",\"item\":\"https:\/\/birlikdayanisma.com\/v3\/\"},{\"@type\":\"ListItem\",\"position\":2,\"name\":\"TEKEL \u0130\u015f\u00e7isi yaln\u0131z de\u011fildir!\"}]},{\"@type\":\"WebSite\",\"@id\":\"https:\/\/birlikdayanisma.com\/v3\/#website\",\"url\":\"https:\/\/birlikdayanisma.com\/v3\/\",\"name\":\"Birlik Dayan\u0131\u015fma Hareketi\",\"description\":\"\",\"publisher\":{\"@id\":\"https:\/\/birlikdayanisma.com\/v3\/#organization\"},\"potentialAction\":[{\"@type\":\"SearchAction\",\"target\":{\"@type\":\"EntryPoint\",\"urlTemplate\":\"https:\/\/birlikdayanisma.com\/v3\/?s={search_term_string}\"},\"query-input\":{\"@type\":\"PropertyValueSpecification\",\"valueRequired\":true,\"valueName\":\"search_term_string\"}}],\"inLanguage\":\"tr\"},{\"@type\":\"Organization\",\"@id\":\"https:\/\/birlikdayanisma.com\/v3\/#organization\",\"name\":\"Birlik Dayan\u0131\u015fma Hareketi\",\"url\":\"https:\/\/birlikdayanisma.com\/v3\/\",\"logo\":{\"@type\":\"ImageObject\",\"inLanguage\":\"tr\",\"@id\":\"https:\/\/birlikdayanisma.com\/v3\/#\/schema\/logo\/image\/\",\"url\":\"https:\/\/birlikdayanisma.com\/v3\/wp-content\/uploads\/bdh_logo_2016.png\",\"contentUrl\":\"https:\/\/birlikdayanisma.com\/v3\/wp-content\/uploads\/bdh_logo_2016.png\",\"width\":468,\"height\":60,\"caption\":\"Birlik Dayan\u0131\u015fma Hareketi\"},\"image\":{\"@id\":\"https:\/\/birlikdayanisma.com\/v3\/#\/schema\/logo\/image\/\"}},{\"@type\":\"Person\",\"@id\":\"https:\/\/birlikdayanisma.com\/v3\/#\/schema\/person\/2fd4a0bf332f1634d637e73cafde5aff\",\"name\":\"root\",\"image\":{\"@type\":\"ImageObject\",\"inLanguage\":\"tr\",\"@id\":\"https:\/\/birlikdayanisma.com\/v3\/#\/schema\/person\/image\/\",\"url\":\"https:\/\/secure.gravatar.com\/avatar\/d112a0f70b7f65f990d41bcb2260b0d5?s=96&d=mm&r=g\",\"contentUrl\":\"https:\/\/secure.gravatar.com\/avatar\/d112a0f70b7f65f990d41bcb2260b0d5?s=96&d=mm&r=g\",\"caption\":\"root\"},\"url\":\"https:\/\/birlikdayanisma.com\/v3\/author\/root\/\"}]}<\/script>\n<!-- \/ Yoast SEO plugin. -->","yoast_head_json":{"title":"TEKEL \u0130\u015f\u00e7isi yaln\u0131z de\u011fildir! &#8211; Birlik Dayan\u0131\u015fma Hareketi","description":"Tekel i\u015f\u00e7ilerine destek vermek amac\u0131yla direni\u015finin 68. g\u00fcn\u00fcnde (20 \u015eubat Cumartesi) d\u00fczenlenen \u201cDayan\u0131\u015fma G\u00fcn\u00fc\u201dnde \u00e7e\u015fitli illerden gelen binlerce ki\u015fi","robots":{"index":"index","follow":"follow","max-snippet":"max-snippet:-1","max-image-preview":"max-image-preview:large","max-video-preview":"max-video-preview:-1"},"canonical":"https:\/\/birlikdayanisma.com\/v3\/2010\/02\/tekel-iscisi-yalniz-degildir\/","og_locale":"tr_TR","og_type":"article","og_title":"TEKEL \u0130\u015f\u00e7isi yaln\u0131z de\u011fildir! &#8211; Birlik Dayan\u0131\u015fma Hareketi","og_description":"Tekel i\u015f\u00e7ilerine destek vermek amac\u0131yla direni\u015finin 68. g\u00fcn\u00fcnde (20 \u015eubat Cumartesi) d\u00fczenlenen \u201cDayan\u0131\u015fma G\u00fcn\u00fc\u201dnde \u00e7e\u015fitli illerden gelen binlerce ki\u015fi","og_url":"https:\/\/birlikdayanisma.com\/v3\/2010\/02\/tekel-iscisi-yalniz-degildir\/","og_site_name":"Birlik Dayan\u0131\u015fma Hareketi","article_published_time":"2010-02-22T11:57:53+00:00","author":"root","twitter_card":"summary_large_image","twitter_misc":{"Yazan:":"root","Tahmini okuma s\u00fcresi":"1 dakika"},"schema":{"@context":"https:\/\/schema.org","@graph":[{"@type":"Article","@id":"https:\/\/birlikdayanisma.com\/v3\/2010\/02\/tekel-iscisi-yalniz-degildir\/#article","isPartOf":{"@id":"https:\/\/birlikdayanisma.com\/v3\/2010\/02\/tekel-iscisi-yalniz-degildir\/"},"author":{"name":"root","@id":"https:\/\/birlikdayanisma.com\/v3\/#\/schema\/person\/2fd4a0bf332f1634d637e73cafde5aff"},"headline":"TEKEL \u0130\u015f\u00e7isi yaln\u0131z de\u011fildir!","datePublished":"2010-02-22T11:57:53+00:00","mainEntityOfPage":{"@id":"https:\/\/birlikdayanisma.com\/v3\/2010\/02\/tekel-iscisi-yalniz-degildir\/"},"wordCount":142,"publisher":{"@id":"https:\/\/birlikdayanisma.com\/v3\/#organization"},"keywords":["Dayan\u0131\u015fma","Tekel"],"articleSection":["T\u00fcrkiyeden"],"inLanguage":"tr"},{"@type":"WebPage","@id":"https:\/\/birlikdayanisma.com\/v3\/2010\/02\/tekel-iscisi-yalniz-degildir\/","url":"https:\/\/birlikdayanisma.com\/v3\/2010\/02\/tekel-iscisi-yalniz-degildir\/","name":"TEKEL \u0130\u015f\u00e7isi yaln\u0131z de\u011fildir! &#8211; Birlik Dayan\u0131\u015fma Hareketi","isPartOf":{"@id":"https:\/\/birlikdayanisma.com\/v3\/#website"},"datePublished":"2010-02-22T11:57:53+00:00","description":"Tekel i\u015f\u00e7ilerine destek vermek amac\u0131yla direni\u015finin 68. g\u00fcn\u00fcnde (20 \u015eubat Cumartesi) d\u00fczenlenen \u201cDayan\u0131\u015fma G\u00fcn\u00fc\u201dnde \u00e7e\u015fitli illerden gelen binlerce ki\u015fi","breadcrumb":{"@id":"https:\/\/birlikdayanisma.com\/v3\/2010\/02\/tekel-iscisi-yalniz-degildir\/#breadcrumb"},"inLanguage":"tr","potentialAction":[{"@type":"ReadAction","target":["https:\/\/birlikdayanisma.com\/v3\/2010\/02\/tekel-iscisi-yalniz-degildir\/"]}]},{"@type":"BreadcrumbList","@id":"https:\/\/birlikdayanisma.com\/v3\/2010\/02\/tekel-iscisi-yalniz-degildir\/#breadcrumb","itemListElement":[{"@type":"ListItem","position":1,"name":"Ana sayfa","item":"https:\/\/birlikdayanisma.com\/v3\/"},{"@type":"ListItem","position":2,"name":"TEKEL \u0130\u015f\u00e7isi yaln\u0131z de\u011fildir!"}]},{"@type":"WebSite","@id":"https:\/\/birlikdayanisma.com\/v3\/#website","url":"https:\/\/birlikdayanisma.com\/v3\/","name":"Birlik Dayan\u0131\u015fma Hareketi","description":"","publisher":{"@id":"https:\/\/birlikdayanisma.com\/v3\/#organization"},"potentialAction":[{"@type":"SearchAction","target":{"@type":"EntryPoint","urlTemplate":"https:\/\/birlikdayanisma.com\/v3\/?s={search_term_string}"},"query-input":{"@type":"PropertyValueSpecification","valueRequired":true,"valueName":"search_term_string"}}],"inLanguage":"tr"},{"@type":"Organization","@id":"https:\/\/birlikdayanisma.com\/v3\/#organization","name":"Birlik Dayan\u0131\u015fma Hareketi","url":"https:\/\/birlikdayanisma.com\/v3\/","logo":{"@type":"ImageObject","inLanguage":"tr","@id":"https:\/\/birlikdayanisma.com\/v3\/#\/schema\/logo\/image\/","url":"https:\/\/birlikdayanisma.com\/v3\/wp-content\/uploads\/bdh_logo_2016.png","contentUrl":"https:\/\/birlikdayanisma.com\/v3\/wp-content\/uploads\/bdh_logo_2016.png","width":468,"height":60,"caption":"Birlik Dayan\u0131\u015fma Hareketi"},"image":{"@id":"https:\/\/birlikdayanisma.com\/v3\/#\/schema\/logo\/image\/"}},{"@type":"Person","@id":"https:\/\/birlikdayanisma.com\/v3\/#\/schema\/person\/2fd4a0bf332f1634d637e73cafde5aff","name":"root","image":{"@type":"ImageObject","inLanguage":"tr","@id":"https:\/\/birlikdayanisma.com\/v3\/#\/schema\/person\/image\/","url":"https:\/\/secure.gravatar.com\/avatar\/d112a0f70b7f65f990d41bcb2260b0d5?s=96&d=mm&r=g","contentUrl":"https:\/\/secure.gravatar.com\/avatar\/d112a0f70b7f65f990d41bcb2260b0d5?s=96&d=mm&r=g","caption":"root"},"url":"https:\/\/birlikdayanisma.com\/v3\/author\/root\/"}]}},"_links":{"self":[{"href":"https:\/\/birlikdayanisma.com\/v3\/wp-json\/wp\/v2\/posts\/2044","targetHints":{"allow":["GET"]}}],"collection":[{"href":"https:\/\/birlikdayanisma.com\/v3\/wp-json\/wp\/v2\/posts"}],"about":[{"href":"https:\/\/birlikdayanisma.com\/v3\/wp-json\/wp\/v2\/types\/post"}],"author":[{"embeddable":true,"href":"https:\/\/birlikdayanisma.com\/v3\/wp-json\/wp\/v2\/users\/4"}],"replies":[{"embeddable":true,"href":"https:\/\/birlikdayanisma.com\/v3\/wp-json\/wp\/v2\/comments?post=2044"}],"version-history":[{"count":0,"href":"https:\/\/birlikdayanisma.com\/v3\/wp-json\/wp\/v2\/posts\/2044\/revisions"}],"wp:attachment":[{"href":"https:\/\/birlikdayanisma.com\/v3\/wp-json\/wp\/v2\/media?parent=2044"}],"wp:term":[{"taxonomy":"category","embeddable":true,"href":"https:\/\/birlikdayanisma.com\/v3\/wp-json\/wp\/v2\/categories?post=2044"},{"taxonomy":"post_tag","embeddable":true,"href":"https:\/\/birlikdayanisma.com\/v3\/wp-json\/wp\/v2\/tags?post=2044"}],"curies":[{"name":"wp","href":"https:\/\/api.w.org\/{rel}","templated":true}]}}