{"id":2060,"date":"2010-03-01T18:08:07","date_gmt":"2010-03-01T15:08:07","guid":{"rendered":"http:\/\/birlikdayanisma.com\/v3\/?p=2060"},"modified":"2010-03-01T18:08:07","modified_gmt":"2010-03-01T15:08:07","slug":"danistay-tekel-iscilerinin-itirazini-kabul-etti","status":"publish","type":"post","link":"https:\/\/birlikdayanisma.com\/v3\/2010\/03\/danistay-tekel-iscilerinin-itirazini-kabul-etti\/","title":{"rendered":"Dan\u0131\u015ftay, TEKEL i\u015f\u00e7ilerinin itiraz\u0131n\u0131 kabul etti"},"content":{"rendered":"<p><!-- \t\t@page { margin: 2cm } \t\tP { margin-bottom: 0.21cm } -->TEK GIDA-\u0130\u015e Sendikas\u0131, 4C&#8217;ye ge\u00e7i\u015fte 30 g\u00fcn uygulamas\u0131na kar\u015f\u0131 Dan\u0131\u015ftay&#8217;da dava a\u00e7m\u0131\u015ft\u0131. Davayla ilgili ilk incelemesini yapan Dan\u0131\u015ftay, ge\u00e7ici personelin 4C&#8217;ye ge\u00e7i\u015f i\u00e7in 30 g\u00fcnl\u00fck s\u00fcre i\u00e7inde ilgili kurumlara ba\u015fvurmas\u0131n\u0131 \u00f6ng\u00f6ren h\u00fckm\u00fcn y\u00fcr\u00fctmesini durdurdu. <!--more-->Daire karar\u0131n\u0131n gerek\u00e7esinde, temel hak ve \u00e7al\u0131\u015fma hayat\u0131na ili\u015fkin bir konuda Bakanlar Kurulu\u2019nun ba\u015fka bir karar\u0131na at\u0131fla s\u00fcre zorunlulu\u011funun getirilmesinin hukuka ayk\u0131r\u0131 oldu\u011fu kaydedildi. 31 Ocak itibariyle i\u015f akitleri kamu taraf\u0131ndan feshedilen Tekel i\u015f\u00e7ilerine 4C&#8217;ye ge\u00e7i\u015f i\u00e7in tan\u0131nan 30 g\u00fcnl\u00fck s\u00fcre yar\u0131n (02 Mart) doluyordu.<\/p>\n<p>Tek G\u0131da-\u0130\u015f Genel Ba\u015fkan\u0131 Mustafa T\u00fcrkel, yar\u0131n (02 Mart) m\u00fccadelenin bundan sonra nas\u0131l s\u00fcrece\u011fi ile ilgili a\u00e7\u0131klama yapacak.<\/p>\n<p style=\"text-align: center;\"><a href=\"http:\/\/birlikdayanisma.com\/v3\/wp-content\/uploads\/tekel_eylemi_ankara_20100301.jpg\"><img loading=\"lazy\" decoding=\"async\" class=\"aligncenter size-full wp-image-2059\" style=\"border: 1px solid black; margin: 2px;\" title=\"tekel_eylemi_ankara_20100301\" src=\"http:\/\/birlikdayanisma.com\/v3\/wp-content\/uploads\/tekel_eylemi_ankara_20100301.jpg\" alt=\"Dan\u0131\u015ftay, TEKEL i\u015f\u00e7ilerinin itiraz\u0131n\u0131 kabul etti\" width=\"380\" height=\"244\" srcset=\"https:\/\/birlikdayanisma.com\/v3\/wp-content\/uploads\/tekel_eylemi_ankara_20100301.jpg 380w, https:\/\/birlikdayanisma.com\/v3\/wp-content\/uploads\/tekel_eylemi_ankara_20100301-300x192.jpg 300w\" sizes=\"auto, (max-width: 380px) 100vw, 380px\" \/><\/a><\/p>\n","protected":false},"excerpt":{"rendered":"<p>TEK GIDA-\u0130\u015e Sendikas\u0131, 4C&#8217;ye ge\u00e7i\u015fte 30 g\u00fcn uygulamas\u0131na kar\u015f\u0131 Dan\u0131\u015ftay&#8217;da dava a\u00e7m\u0131\u015ft\u0131. Davayla ilgili ilk incelemesini yapan Dan\u0131\u015ftay, ge\u00e7ici personelin 4C&#8217;ye ge\u00e7i\u015f i\u00e7in 30 g\u00fcnl\u00fck s\u00fcre i\u00e7inde ilgili kurumlara ba\u015fvurmas\u0131n\u0131 \u00f6ng\u00f6ren h\u00fckm\u00fcn y\u00fcr\u00fctmesini durdurdu.<\/p>\n","protected":false},"author":4,"featured_media":0,"comment_status":"closed","ping_status":"open","sticky":false,"template":"","format":"standard","meta":{"_et_pb_use_builder":"","_et_pb_old_content":"","_et_gb_content_width":"","footnotes":""},"categories":[103],"tags":[55,96],"class_list":["post-2060","post","type-post","status-publish","format-standard","hentry","category-turkiyeden","tag-grev","tag-tekel","et-doesnt-have-format-content","et_post_format-et-post-format-standard"],"yoast_head":"<!-- This site is optimized with the Yoast SEO plugin v26.8 - https:\/\/yoast.com\/product\/yoast-seo-wordpress\/ -->\n<title>Dan\u0131\u015ftay, TEKEL i\u015f\u00e7ilerinin itiraz\u0131n\u0131 kabul etti &#8211; Birlik Dayan\u0131\u015fma Hareketi<\/title>\n<meta name=\"description\" content=\"TEK GIDA-\u0130\u015e Sendikas\u0131, 4C&#039;ye ge\u00e7i\u015fte 30 g\u00fcn uygulamas\u0131na kar\u015f\u0131 Dan\u0131\u015ftay&#039;da dava a\u00e7m\u0131\u015ft\u0131. Davayla ilgili ilk incelemesini yapan Dan\u0131\u015ftay, ge\u00e7ici personelin\" \/>\n<meta name=\"robots\" content=\"index, follow, max-snippet:-1, max-image-preview:large, max-video-preview:-1\" \/>\n<link rel=\"canonical\" href=\"https:\/\/birlikdayanisma.com\/v3\/2010\/03\/danistay-tekel-iscilerinin-itirazini-kabul-etti\/\" \/>\n<meta property=\"og:locale\" content=\"tr_TR\" \/>\n<meta property=\"og:type\" content=\"article\" \/>\n<meta property=\"og:title\" content=\"Dan\u0131\u015ftay, TEKEL i\u015f\u00e7ilerinin itiraz\u0131n\u0131 kabul etti &#8211; Birlik Dayan\u0131\u015fma Hareketi\" \/>\n<meta property=\"og:description\" content=\"TEK GIDA-\u0130\u015e Sendikas\u0131, 4C&#039;ye ge\u00e7i\u015fte 30 g\u00fcn uygulamas\u0131na kar\u015f\u0131 Dan\u0131\u015ftay&#039;da dava a\u00e7m\u0131\u015ft\u0131. Davayla ilgili ilk incelemesini yapan Dan\u0131\u015ftay, ge\u00e7ici personelin\" \/>\n<meta property=\"og:url\" content=\"https:\/\/birlikdayanisma.com\/v3\/2010\/03\/danistay-tekel-iscilerinin-itirazini-kabul-etti\/\" \/>\n<meta property=\"og:site_name\" content=\"Birlik Dayan\u0131\u015fma Hareketi\" \/>\n<meta property=\"article:published_time\" content=\"2010-03-01T15:08:07+00:00\" \/>\n<meta property=\"og:image\" content=\"https:\/\/birlikdayanisma.com\/v3\/wp-content\/uploads\/tekel_eylemi_ankara_20100301.jpg\" \/>\n\t<meta property=\"og:image:width\" content=\"380\" \/>\n\t<meta property=\"og:image:height\" content=\"244\" \/>\n\t<meta property=\"og:image:type\" content=\"image\/jpeg\" \/>\n<meta name=\"author\" content=\"root\" \/>\n<meta name=\"twitter:card\" content=\"summary_large_image\" \/>\n<meta name=\"twitter:label1\" content=\"Yazan:\" \/>\n\t<meta name=\"twitter:data1\" content=\"root\" \/>\n\t<meta name=\"twitter:label2\" content=\"Tahmini okuma s\u00fcresi\" \/>\n\t<meta name=\"twitter:data2\" content=\"1 dakika\" \/>\n<script type=\"application\/ld+json\" class=\"yoast-schema-graph\">{\"@context\":\"https:\/\/schema.org\",\"@graph\":[{\"@type\":\"Article\",\"@id\":\"https:\/\/birlikdayanisma.com\/v3\/2010\/03\/danistay-tekel-iscilerinin-itirazini-kabul-etti\/#article\",\"isPartOf\":{\"@id\":\"https:\/\/birlikdayanisma.com\/v3\/2010\/03\/danistay-tekel-iscilerinin-itirazini-kabul-etti\/\"},\"author\":{\"name\":\"root\",\"@id\":\"https:\/\/birlikdayanisma.com\/v3\/#\/schema\/person\/2fd4a0bf332f1634d637e73cafde5aff\"},\"headline\":\"Dan\u0131\u015ftay, TEKEL i\u015f\u00e7ilerinin itiraz\u0131n\u0131 kabul etti\",\"datePublished\":\"2010-03-01T15:08:07+00:00\",\"mainEntityOfPage\":{\"@id\":\"https:\/\/birlikdayanisma.com\/v3\/2010\/03\/danistay-tekel-iscilerinin-itirazini-kabul-etti\/\"},\"wordCount\":158,\"publisher\":{\"@id\":\"https:\/\/birlikdayanisma.com\/v3\/#organization\"},\"image\":{\"@id\":\"https:\/\/birlikdayanisma.com\/v3\/2010\/03\/danistay-tekel-iscilerinin-itirazini-kabul-etti\/#primaryimage\"},\"thumbnailUrl\":\"http:\/\/birlikdayanisma.com\/v3\/wp-content\/uploads\/tekel_eylemi_ankara_20100301.jpg\",\"keywords\":[\"Grev\",\"Tekel\"],\"articleSection\":[\"T\u00fcrkiyeden\"],\"inLanguage\":\"tr\"},{\"@type\":\"WebPage\",\"@id\":\"https:\/\/birlikdayanisma.com\/v3\/2010\/03\/danistay-tekel-iscilerinin-itirazini-kabul-etti\/\",\"url\":\"https:\/\/birlikdayanisma.com\/v3\/2010\/03\/danistay-tekel-iscilerinin-itirazini-kabul-etti\/\",\"name\":\"Dan\u0131\u015ftay, TEKEL i\u015f\u00e7ilerinin itiraz\u0131n\u0131 kabul etti &#8211; Birlik Dayan\u0131\u015fma Hareketi\",\"isPartOf\":{\"@id\":\"https:\/\/birlikdayanisma.com\/v3\/#website\"},\"primaryImageOfPage\":{\"@id\":\"https:\/\/birlikdayanisma.com\/v3\/2010\/03\/danistay-tekel-iscilerinin-itirazini-kabul-etti\/#primaryimage\"},\"image\":{\"@id\":\"https:\/\/birlikdayanisma.com\/v3\/2010\/03\/danistay-tekel-iscilerinin-itirazini-kabul-etti\/#primaryimage\"},\"thumbnailUrl\":\"http:\/\/birlikdayanisma.com\/v3\/wp-content\/uploads\/tekel_eylemi_ankara_20100301.jpg\",\"datePublished\":\"2010-03-01T15:08:07+00:00\",\"description\":\"TEK GIDA-\u0130\u015e Sendikas\u0131, 4C'ye ge\u00e7i\u015fte 30 g\u00fcn uygulamas\u0131na kar\u015f\u0131 Dan\u0131\u015ftay'da dava a\u00e7m\u0131\u015ft\u0131. Davayla ilgili ilk incelemesini yapan Dan\u0131\u015ftay, ge\u00e7ici personelin\",\"breadcrumb\":{\"@id\":\"https:\/\/birlikdayanisma.com\/v3\/2010\/03\/danistay-tekel-iscilerinin-itirazini-kabul-etti\/#breadcrumb\"},\"inLanguage\":\"tr\",\"potentialAction\":[{\"@type\":\"ReadAction\",\"target\":[\"https:\/\/birlikdayanisma.com\/v3\/2010\/03\/danistay-tekel-iscilerinin-itirazini-kabul-etti\/\"]}]},{\"@type\":\"ImageObject\",\"inLanguage\":\"tr\",\"@id\":\"https:\/\/birlikdayanisma.com\/v3\/2010\/03\/danistay-tekel-iscilerinin-itirazini-kabul-etti\/#primaryimage\",\"url\":\"http:\/\/birlikdayanisma.com\/v3\/wp-content\/uploads\/tekel_eylemi_ankara_20100301.jpg\",\"contentUrl\":\"http:\/\/birlikdayanisma.com\/v3\/wp-content\/uploads\/tekel_eylemi_ankara_20100301.jpg\"},{\"@type\":\"BreadcrumbList\",\"@id\":\"https:\/\/birlikdayanisma.com\/v3\/2010\/03\/danistay-tekel-iscilerinin-itirazini-kabul-etti\/#breadcrumb\",\"itemListElement\":[{\"@type\":\"ListItem\",\"position\":1,\"name\":\"Ana sayfa\",\"item\":\"https:\/\/birlikdayanisma.com\/v3\/\"},{\"@type\":\"ListItem\",\"position\":2,\"name\":\"Dan\u0131\u015ftay, TEKEL i\u015f\u00e7ilerinin itiraz\u0131n\u0131 kabul etti\"}]},{\"@type\":\"WebSite\",\"@id\":\"https:\/\/birlikdayanisma.com\/v3\/#website\",\"url\":\"https:\/\/birlikdayanisma.com\/v3\/\",\"name\":\"Birlik Dayan\u0131\u015fma Hareketi\",\"description\":\"\",\"publisher\":{\"@id\":\"https:\/\/birlikdayanisma.com\/v3\/#organization\"},\"potentialAction\":[{\"@type\":\"SearchAction\",\"target\":{\"@type\":\"EntryPoint\",\"urlTemplate\":\"https:\/\/birlikdayanisma.com\/v3\/?s={search_term_string}\"},\"query-input\":{\"@type\":\"PropertyValueSpecification\",\"valueRequired\":true,\"valueName\":\"search_term_string\"}}],\"inLanguage\":\"tr\"},{\"@type\":\"Organization\",\"@id\":\"https:\/\/birlikdayanisma.com\/v3\/#organization\",\"name\":\"Birlik Dayan\u0131\u015fma Hareketi\",\"url\":\"https:\/\/birlikdayanisma.com\/v3\/\",\"logo\":{\"@type\":\"ImageObject\",\"inLanguage\":\"tr\",\"@id\":\"https:\/\/birlikdayanisma.com\/v3\/#\/schema\/logo\/image\/\",\"url\":\"https:\/\/birlikdayanisma.com\/v3\/wp-content\/uploads\/bdh_logo_2016.png\",\"contentUrl\":\"https:\/\/birlikdayanisma.com\/v3\/wp-content\/uploads\/bdh_logo_2016.png\",\"width\":468,\"height\":60,\"caption\":\"Birlik Dayan\u0131\u015fma Hareketi\"},\"image\":{\"@id\":\"https:\/\/birlikdayanisma.com\/v3\/#\/schema\/logo\/image\/\"}},{\"@type\":\"Person\",\"@id\":\"https:\/\/birlikdayanisma.com\/v3\/#\/schema\/person\/2fd4a0bf332f1634d637e73cafde5aff\",\"name\":\"root\",\"image\":{\"@type\":\"ImageObject\",\"inLanguage\":\"tr\",\"@id\":\"https:\/\/birlikdayanisma.com\/v3\/#\/schema\/person\/image\/\",\"url\":\"https:\/\/secure.gravatar.com\/avatar\/d112a0f70b7f65f990d41bcb2260b0d5?s=96&d=mm&r=g\",\"contentUrl\":\"https:\/\/secure.gravatar.com\/avatar\/d112a0f70b7f65f990d41bcb2260b0d5?s=96&d=mm&r=g\",\"caption\":\"root\"},\"url\":\"https:\/\/birlikdayanisma.com\/v3\/author\/root\/\"}]}<\/script>\n<!-- \/ Yoast SEO plugin. -->","yoast_head_json":{"title":"Dan\u0131\u015ftay, TEKEL i\u015f\u00e7ilerinin itiraz\u0131n\u0131 kabul etti &#8211; Birlik Dayan\u0131\u015fma Hareketi","description":"TEK GIDA-\u0130\u015e Sendikas\u0131, 4C'ye ge\u00e7i\u015fte 30 g\u00fcn uygulamas\u0131na kar\u015f\u0131 Dan\u0131\u015ftay'da dava a\u00e7m\u0131\u015ft\u0131. Davayla ilgili ilk incelemesini yapan Dan\u0131\u015ftay, ge\u00e7ici personelin","robots":{"index":"index","follow":"follow","max-snippet":"max-snippet:-1","max-image-preview":"max-image-preview:large","max-video-preview":"max-video-preview:-1"},"canonical":"https:\/\/birlikdayanisma.com\/v3\/2010\/03\/danistay-tekel-iscilerinin-itirazini-kabul-etti\/","og_locale":"tr_TR","og_type":"article","og_title":"Dan\u0131\u015ftay, TEKEL i\u015f\u00e7ilerinin itiraz\u0131n\u0131 kabul etti &#8211; Birlik Dayan\u0131\u015fma Hareketi","og_description":"TEK GIDA-\u0130\u015e Sendikas\u0131, 4C'ye ge\u00e7i\u015fte 30 g\u00fcn uygulamas\u0131na kar\u015f\u0131 Dan\u0131\u015ftay'da dava a\u00e7m\u0131\u015ft\u0131. Davayla ilgili ilk incelemesini yapan Dan\u0131\u015ftay, ge\u00e7ici personelin","og_url":"https:\/\/birlikdayanisma.com\/v3\/2010\/03\/danistay-tekel-iscilerinin-itirazini-kabul-etti\/","og_site_name":"Birlik Dayan\u0131\u015fma Hareketi","article_published_time":"2010-03-01T15:08:07+00:00","og_image":[{"width":380,"height":244,"url":"https:\/\/birlikdayanisma.com\/v3\/wp-content\/uploads\/tekel_eylemi_ankara_20100301.jpg","type":"image\/jpeg"}],"author":"root","twitter_card":"summary_large_image","twitter_misc":{"Yazan:":"root","Tahmini okuma s\u00fcresi":"1 dakika"},"schema":{"@context":"https:\/\/schema.org","@graph":[{"@type":"Article","@id":"https:\/\/birlikdayanisma.com\/v3\/2010\/03\/danistay-tekel-iscilerinin-itirazini-kabul-etti\/#article","isPartOf":{"@id":"https:\/\/birlikdayanisma.com\/v3\/2010\/03\/danistay-tekel-iscilerinin-itirazini-kabul-etti\/"},"author":{"name":"root","@id":"https:\/\/birlikdayanisma.com\/v3\/#\/schema\/person\/2fd4a0bf332f1634d637e73cafde5aff"},"headline":"Dan\u0131\u015ftay, TEKEL i\u015f\u00e7ilerinin itiraz\u0131n\u0131 kabul etti","datePublished":"2010-03-01T15:08:07+00:00","mainEntityOfPage":{"@id":"https:\/\/birlikdayanisma.com\/v3\/2010\/03\/danistay-tekel-iscilerinin-itirazini-kabul-etti\/"},"wordCount":158,"publisher":{"@id":"https:\/\/birlikdayanisma.com\/v3\/#organization"},"image":{"@id":"https:\/\/birlikdayanisma.com\/v3\/2010\/03\/danistay-tekel-iscilerinin-itirazini-kabul-etti\/#primaryimage"},"thumbnailUrl":"http:\/\/birlikdayanisma.com\/v3\/wp-content\/uploads\/tekel_eylemi_ankara_20100301.jpg","keywords":["Grev","Tekel"],"articleSection":["T\u00fcrkiyeden"],"inLanguage":"tr"},{"@type":"WebPage","@id":"https:\/\/birlikdayanisma.com\/v3\/2010\/03\/danistay-tekel-iscilerinin-itirazini-kabul-etti\/","url":"https:\/\/birlikdayanisma.com\/v3\/2010\/03\/danistay-tekel-iscilerinin-itirazini-kabul-etti\/","name":"Dan\u0131\u015ftay, TEKEL i\u015f\u00e7ilerinin itiraz\u0131n\u0131 kabul etti &#8211; Birlik Dayan\u0131\u015fma Hareketi","isPartOf":{"@id":"https:\/\/birlikdayanisma.com\/v3\/#website"},"primaryImageOfPage":{"@id":"https:\/\/birlikdayanisma.com\/v3\/2010\/03\/danistay-tekel-iscilerinin-itirazini-kabul-etti\/#primaryimage"},"image":{"@id":"https:\/\/birlikdayanisma.com\/v3\/2010\/03\/danistay-tekel-iscilerinin-itirazini-kabul-etti\/#primaryimage"},"thumbnailUrl":"http:\/\/birlikdayanisma.com\/v3\/wp-content\/uploads\/tekel_eylemi_ankara_20100301.jpg","datePublished":"2010-03-01T15:08:07+00:00","description":"TEK GIDA-\u0130\u015e Sendikas\u0131, 4C'ye ge\u00e7i\u015fte 30 g\u00fcn uygulamas\u0131na kar\u015f\u0131 Dan\u0131\u015ftay'da dava a\u00e7m\u0131\u015ft\u0131. Davayla ilgili ilk incelemesini yapan Dan\u0131\u015ftay, ge\u00e7ici personelin","breadcrumb":{"@id":"https:\/\/birlikdayanisma.com\/v3\/2010\/03\/danistay-tekel-iscilerinin-itirazini-kabul-etti\/#breadcrumb"},"inLanguage":"tr","potentialAction":[{"@type":"ReadAction","target":["https:\/\/birlikdayanisma.com\/v3\/2010\/03\/danistay-tekel-iscilerinin-itirazini-kabul-etti\/"]}]},{"@type":"ImageObject","inLanguage":"tr","@id":"https:\/\/birlikdayanisma.com\/v3\/2010\/03\/danistay-tekel-iscilerinin-itirazini-kabul-etti\/#primaryimage","url":"http:\/\/birlikdayanisma.com\/v3\/wp-content\/uploads\/tekel_eylemi_ankara_20100301.jpg","contentUrl":"http:\/\/birlikdayanisma.com\/v3\/wp-content\/uploads\/tekel_eylemi_ankara_20100301.jpg"},{"@type":"BreadcrumbList","@id":"https:\/\/birlikdayanisma.com\/v3\/2010\/03\/danistay-tekel-iscilerinin-itirazini-kabul-etti\/#breadcrumb","itemListElement":[{"@type":"ListItem","position":1,"name":"Ana sayfa","item":"https:\/\/birlikdayanisma.com\/v3\/"},{"@type":"ListItem","position":2,"name":"Dan\u0131\u015ftay, TEKEL i\u015f\u00e7ilerinin itiraz\u0131n\u0131 kabul etti"}]},{"@type":"WebSite","@id":"https:\/\/birlikdayanisma.com\/v3\/#website","url":"https:\/\/birlikdayanisma.com\/v3\/","name":"Birlik Dayan\u0131\u015fma Hareketi","description":"","publisher":{"@id":"https:\/\/birlikdayanisma.com\/v3\/#organization"},"potentialAction":[{"@type":"SearchAction","target":{"@type":"EntryPoint","urlTemplate":"https:\/\/birlikdayanisma.com\/v3\/?s={search_term_string}"},"query-input":{"@type":"PropertyValueSpecification","valueRequired":true,"valueName":"search_term_string"}}],"inLanguage":"tr"},{"@type":"Organization","@id":"https:\/\/birlikdayanisma.com\/v3\/#organization","name":"Birlik Dayan\u0131\u015fma Hareketi","url":"https:\/\/birlikdayanisma.com\/v3\/","logo":{"@type":"ImageObject","inLanguage":"tr","@id":"https:\/\/birlikdayanisma.com\/v3\/#\/schema\/logo\/image\/","url":"https:\/\/birlikdayanisma.com\/v3\/wp-content\/uploads\/bdh_logo_2016.png","contentUrl":"https:\/\/birlikdayanisma.com\/v3\/wp-content\/uploads\/bdh_logo_2016.png","width":468,"height":60,"caption":"Birlik Dayan\u0131\u015fma Hareketi"},"image":{"@id":"https:\/\/birlikdayanisma.com\/v3\/#\/schema\/logo\/image\/"}},{"@type":"Person","@id":"https:\/\/birlikdayanisma.com\/v3\/#\/schema\/person\/2fd4a0bf332f1634d637e73cafde5aff","name":"root","image":{"@type":"ImageObject","inLanguage":"tr","@id":"https:\/\/birlikdayanisma.com\/v3\/#\/schema\/person\/image\/","url":"https:\/\/secure.gravatar.com\/avatar\/d112a0f70b7f65f990d41bcb2260b0d5?s=96&d=mm&r=g","contentUrl":"https:\/\/secure.gravatar.com\/avatar\/d112a0f70b7f65f990d41bcb2260b0d5?s=96&d=mm&r=g","caption":"root"},"url":"https:\/\/birlikdayanisma.com\/v3\/author\/root\/"}]}},"_links":{"self":[{"href":"https:\/\/birlikdayanisma.com\/v3\/wp-json\/wp\/v2\/posts\/2060","targetHints":{"allow":["GET"]}}],"collection":[{"href":"https:\/\/birlikdayanisma.com\/v3\/wp-json\/wp\/v2\/posts"}],"about":[{"href":"https:\/\/birlikdayanisma.com\/v3\/wp-json\/wp\/v2\/types\/post"}],"author":[{"embeddable":true,"href":"https:\/\/birlikdayanisma.com\/v3\/wp-json\/wp\/v2\/users\/4"}],"replies":[{"embeddable":true,"href":"https:\/\/birlikdayanisma.com\/v3\/wp-json\/wp\/v2\/comments?post=2060"}],"version-history":[{"count":0,"href":"https:\/\/birlikdayanisma.com\/v3\/wp-json\/wp\/v2\/posts\/2060\/revisions"}],"wp:attachment":[{"href":"https:\/\/birlikdayanisma.com\/v3\/wp-json\/wp\/v2\/media?parent=2060"}],"wp:term":[{"taxonomy":"category","embeddable":true,"href":"https:\/\/birlikdayanisma.com\/v3\/wp-json\/wp\/v2\/categories?post=2060"},{"taxonomy":"post_tag","embeddable":true,"href":"https:\/\/birlikdayanisma.com\/v3\/wp-json\/wp\/v2\/tags?post=2060"}],"curies":[{"name":"wp","href":"https:\/\/api.w.org\/{rel}","templated":true}]}}