{"id":2097,"date":"2010-03-20T14:28:49","date_gmt":"2010-03-20T11:28:49","guid":{"rendered":"http:\/\/birlikdayanisma.com\/v3\/?p=2097"},"modified":"2010-03-20T23:47:22","modified_gmt":"2010-03-20T20:47:22","slug":"tekel-iscileri-liselilere-sahip-cikiyor","status":"publish","type":"post","link":"https:\/\/birlikdayanisma.com\/v3\/2010\/03\/tekel-iscileri-liselilere-sahip-cikiyor\/","title":{"rendered":"Tekel i\u015f\u00e7ileri liselilere sahip \u00e7\u0131k\u0131yor"},"content":{"rendered":"<p><strong>L\u0130SEL\u0130 KARDE\u015eLER\u0130M\u0130ZE YAPILAN HAKSIZLI\u011eIN   D\u00dcZELT\u0130LMES\u0130N\u0130 \u0130ST\u0130YORUZ!<\/strong><\/p>\n<p style=\"text-align: justify;\">TEKEL i\u015f\u00e7ilerine destek olduklar\u0131 gerek\u00e7esiyle 24 liseli karde\u015fimize,   \u0130stanbul \u00c7ekmek\u00f6y Mehmet\u00e7ik Lisesi M\u00fcd\u00fcrl\u00fc\u011f\u00fc taraf\u0131ndan tasdikname   verilmi\u015ftir. TEKGIDA-\u0130\u015e Sendikas\u0131 olarak;<\/p>\n<p style=\"text-align: justify;\">Onlara yap\u0131lan hukuksuzlu\u011fu,<\/p>\n<p style=\"text-align: justify;\">Onlara yap\u0131lan zulm\u00fc,<\/p>\n<p style=\"text-align: justify;\">Milli E\u011fitimin ve okul idaresinin \u00e7a\u011fd\u0131\u015f\u0131 e\u011fitim ve y\u00f6netim anlay\u0131\u015f\u0131n\u0131,<\/p>\n<p style=\"text-align: justify;\">Demokratik tepkilere ve \u00f6zg\u00fcr d\u00fc\u015f\u00fcnceye \u00a0uygulanan bask\u0131y\u0131, KINIYORUZ<\/p>\n<p style=\"text-align: justify;\">78 g\u00fcn s\u00fcren Ankara direni\u015fine toplumun her kesiminden destek ya\u011fm\u0131\u015ft\u0131r.   Hepsine te\u015fekk\u00fcr bor\u00e7luyuz.<\/p>\n<p style=\"text-align: justify;\">Ama bize en \u00e7ok umut veren, yar\u0131n\u0131n yeti\u015fkinleri   olacak \u00e7ocuklar\u0131m\u0131z\u0131n, gen\u00e7lerimizin, liseli karde\u015flerimizin\u00a0bize verdikleri   destek olmu\u015ftur.<\/p>\n<p style=\"text-align: justify;\">Onlar bize g\u00fcven vermi\u015ftir. Onlara demokrasiyi   ya\u015fatacak zinde g\u00fc\u00e7ler olarak bak\u0131yoruz. Demokrasiye olan ba\u011fl\u0131l\u0131klar\u0131 bizi   gelece\u011fe ta\u015f\u0131yacakt\u0131r. Bizim ve onlar\u0131n umudunu k\u0131rmaya kimsenin hakk\u0131   yoktur.<\/p>\n<p style=\"text-align: justify;\">\u0130nan\u0131yoruz ki; eme\u011fin, emek\u00e7inin hakk\u0131n\u0131 bilen,   arayan gen\u00e7ler, bu \u00fclkeye bar\u0131\u015f ve adaleti getirecektir.<\/p>\n<p style=\"text-align: justify;\">Peki onlara reva g\u00f6r\u00fclen ne? Ezilmeye, a\u00e7l\u0131\u011fa,   sefalete direnen TEKEL i\u015f\u00e7isine destek verdikleri i\u00e7in okuma haklar\u0131   engelleniyor. \u015eimdiden, d\u00fczene, bask\u0131ya boyun e\u011fmeleri i\u00e7in onlara sopa   g\u00f6steriliyor. Milyonlarca gencimize g\u00f6zda\u011f\u0131 veriliyor.<\/p>\n<p style=\"text-align: justify;\">\u00d6zg\u00fcrl\u00fc\u011f\u00fc aramay\u0131n. Hakk\u0131n\u0131z\u0131 aramay\u0131n.   Adaletsizli\u011fe boyun e\u011fin. Susun, tepkisiz kal\u0131n. Demokrasi, fikir \u00f6zg\u00fcrl\u00fc\u011f\u00fc   sizin neyinize deniyor.<\/p>\n<p style=\"text-align: justify;\">Milli E\u011fitim Bakan\u0131n\u0131, \u0130stanbul Milli E\u011fitim   M\u00fcd\u00fcr\u00fcn\u00fc, \u00c7ekmek\u00f6y Mehmet\u00e7ik Lisesi M\u00fcd\u00fcr\u00fcn\u00fc bu haks\u0131zl\u0131\u011f\u0131, bu zulm\u00fc, bu   ho\u015fg\u00f6r\u00fcs\u00fczl\u00fc\u011f\u00fc durdurmaya \u00e7a\u011f\u0131r\u0131yoruz!<\/p>\n<p style=\"text-align: justify;\">Bu yap\u0131lan Anayasaya, demokrasiye ve insan haklar\u0131na   ayk\u0131r\u0131d\u0131r.<\/p>\n<p style=\"text-align: justify;\">Liseli karde\u015flerimizin e\u011fitim haklar\u0131 geri   verilmelidir. Okuduklar\u0131 lisede e\u011fitimlerine devam etmeleri sa\u011flanmal\u0131d\u0131r.   UYARIYORUZ! Onlar\u0131n, bu \u00fclkede demokrasi ve insan haklar\u0131n\u0131n yerle\u015fece\u011fine   dair g\u00fcvenlerini yok etmeyin. Onlar\u0131n bu \u00fclkeye inan\u00e7lar\u0131n\u0131 yok etmeyin. Size   de\u011fil ama onlar\u0131n y\u00fcre\u011fine ihtiyac\u0131m\u0131z var.<\/p>\n<p style=\"text-align: justify;\">TEKGIDA-\u0130\u015e Sendikas\u0131 ve TEKEL i\u015f\u00e7ileri \u00c7ekmek\u00f6y   Mehmet\u00e7ik Liseli karde\u015flerimizin haklar\u0131n\u0131 savunmak i\u00e7in m\u00fccadeleye haz\u0131rd\u0131r.  Liseli karde\u015flerimiz ve aileleri yaln\u0131z de\u011fildir. Sendikam\u0131z ve TEKEL  i\u015f\u00e7ileri \u00fclkenin her taraf\u0131nda onlar i\u00e7in ayakta ve n\u00f6bettedir.<\/p>\n<p style=\"text-align: justify;\">Eylem s\u00fcrecimize, m\u00fccadele hedefimize art\u0131k, onlar\u0131n   ellerinden al\u0131nan e\u011fitim haklar\u0131n\u0131 da katt\u0131k.<\/p>\n<p style=\"text-align: justify;\">M\u00fccadeleleri, bizim m\u00fccadelemizdir.<br \/>\nZafer haktan yana olacakt\u0131r.<\/p>\n","protected":false},"excerpt":{"rendered":"<p>L\u0130SEL\u0130 KARDE\u015eLER\u0130M\u0130ZE YAPILAN HAKSIZLI\u011eIN D\u00dcZELT\u0130LMES\u0130N\u0130 \u0130ST\u0130YORUZ! TEKEL i\u015f\u00e7ilerine destek olduklar\u0131 gerek\u00e7esiyle 24 liseli karde\u015fimize, \u0130stanbul \u00c7ekmek\u00f6y Mehmet\u00e7ik Lisesi M\u00fcd\u00fcrl\u00fc\u011f\u00fc taraf\u0131ndan tasdikname verilmi\u015ftir. TEKGIDA-\u0130\u015e Sendikas\u0131 olarak; Onlara yap\u0131lan hukuksuzlu\u011fu, Onlara yap\u0131lan zulm\u00fc, Milli E\u011fitimin ve okul idaresinin \u00e7a\u011fd\u0131\u015f\u0131 e\u011fitim ve y\u00f6netim anlay\u0131\u015f\u0131n\u0131, Demokratik tepkilere ve \u00f6zg\u00fcr d\u00fc\u015f\u00fcnceye \u00a0uygulanan bask\u0131y\u0131, KINIYORUZ 78 g\u00fcn s\u00fcren Ankara direni\u015fine toplumun [&hellip;]<\/p>\n","protected":false},"author":4,"featured_media":0,"comment_status":"closed","ping_status":"open","sticky":false,"template":"","format":"standard","meta":{"_et_pb_use_builder":"","_et_pb_old_content":"","_et_gb_content_width":"","footnotes":""},"categories":[1,3],"tags":[163,162,95,96],"class_list":["post-2097","post","type-post","status-publish","format-standard","hentry","category-bildiri","category-haberler","tag-cekmekoy","tag-lise","tag-tek-gida-is","tag-tekel","et-doesnt-have-format-content","et_post_format-et-post-format-standard"],"yoast_head":"<!-- This site is optimized with the Yoast SEO plugin v26.8 - https:\/\/yoast.com\/product\/yoast-seo-wordpress\/ -->\n<title>Tekel i\u015f\u00e7ileri liselilere sahip \u00e7\u0131k\u0131yor &#8211; Birlik Dayan\u0131\u015fma Hareketi<\/title>\n<meta name=\"description\" content=\"L\u0130SEL\u0130 KARDE\u015eLER\u0130M\u0130ZE YAPILAN HAKSIZLI\u011eIN D\u00dcZELT\u0130LMES\u0130N\u0130 \u0130ST\u0130YORUZ! TEKEL i\u015f\u00e7ilerine destek olduklar\u0131 gerek\u00e7esiyle 24 liseli karde\u015fimize, \u0130stanbul\" \/>\n<meta name=\"robots\" content=\"index, follow, max-snippet:-1, max-image-preview:large, max-video-preview:-1\" \/>\n<link rel=\"canonical\" href=\"https:\/\/birlikdayanisma.com\/v3\/2010\/03\/tekel-iscileri-liselilere-sahip-cikiyor\/\" \/>\n<meta property=\"og:locale\" content=\"tr_TR\" \/>\n<meta property=\"og:type\" content=\"article\" \/>\n<meta property=\"og:title\" content=\"Tekel i\u015f\u00e7ileri liselilere sahip \u00e7\u0131k\u0131yor &#8211; Birlik Dayan\u0131\u015fma Hareketi\" \/>\n<meta property=\"og:description\" content=\"L\u0130SEL\u0130 KARDE\u015eLER\u0130M\u0130ZE YAPILAN HAKSIZLI\u011eIN D\u00dcZELT\u0130LMES\u0130N\u0130 \u0130ST\u0130YORUZ! TEKEL i\u015f\u00e7ilerine destek olduklar\u0131 gerek\u00e7esiyle 24 liseli karde\u015fimize, \u0130stanbul\" \/>\n<meta property=\"og:url\" content=\"https:\/\/birlikdayanisma.com\/v3\/2010\/03\/tekel-iscileri-liselilere-sahip-cikiyor\/\" \/>\n<meta property=\"og:site_name\" content=\"Birlik Dayan\u0131\u015fma Hareketi\" \/>\n<meta property=\"article:published_time\" content=\"2010-03-20T11:28:49+00:00\" \/>\n<meta property=\"article:modified_time\" content=\"2010-03-20T20:47:22+00:00\" \/>\n<meta name=\"author\" content=\"root\" \/>\n<meta name=\"twitter:card\" content=\"summary_large_image\" \/>\n<meta name=\"twitter:label1\" content=\"Yazan:\" \/>\n\t<meta name=\"twitter:data1\" content=\"root\" \/>\n\t<meta name=\"twitter:label2\" content=\"Tahmini okuma s\u00fcresi\" \/>\n\t<meta name=\"twitter:data2\" content=\"2 dakika\" \/>\n<script type=\"application\/ld+json\" class=\"yoast-schema-graph\">{\"@context\":\"https:\/\/schema.org\",\"@graph\":[{\"@type\":\"Article\",\"@id\":\"https:\/\/birlikdayanisma.com\/v3\/2010\/03\/tekel-iscileri-liselilere-sahip-cikiyor\/#article\",\"isPartOf\":{\"@id\":\"https:\/\/birlikdayanisma.com\/v3\/2010\/03\/tekel-iscileri-liselilere-sahip-cikiyor\/\"},\"author\":{\"name\":\"root\",\"@id\":\"https:\/\/birlikdayanisma.com\/v3\/#\/schema\/person\/2fd4a0bf332f1634d637e73cafde5aff\"},\"headline\":\"Tekel i\u015f\u00e7ileri liselilere sahip \u00e7\u0131k\u0131yor\",\"datePublished\":\"2010-03-20T11:28:49+00:00\",\"dateModified\":\"2010-03-20T20:47:22+00:00\",\"mainEntityOfPage\":{\"@id\":\"https:\/\/birlikdayanisma.com\/v3\/2010\/03\/tekel-iscileri-liselilere-sahip-cikiyor\/\"},\"wordCount\":443,\"publisher\":{\"@id\":\"https:\/\/birlikdayanisma.com\/v3\/#organization\"},\"keywords\":[\"\u00e7ekmek\u00f6y\",\"lise\",\"Tek G\u0131da-\u0130\u015f\",\"Tekel\"],\"articleSection\":[\"Bildiri\",\"Haberler\"],\"inLanguage\":\"tr\"},{\"@type\":\"WebPage\",\"@id\":\"https:\/\/birlikdayanisma.com\/v3\/2010\/03\/tekel-iscileri-liselilere-sahip-cikiyor\/\",\"url\":\"https:\/\/birlikdayanisma.com\/v3\/2010\/03\/tekel-iscileri-liselilere-sahip-cikiyor\/\",\"name\":\"Tekel i\u015f\u00e7ileri liselilere sahip \u00e7\u0131k\u0131yor &#8211; Birlik Dayan\u0131\u015fma Hareketi\",\"isPartOf\":{\"@id\":\"https:\/\/birlikdayanisma.com\/v3\/#website\"},\"datePublished\":\"2010-03-20T11:28:49+00:00\",\"dateModified\":\"2010-03-20T20:47:22+00:00\",\"description\":\"L\u0130SEL\u0130 KARDE\u015eLER\u0130M\u0130ZE YAPILAN HAKSIZLI\u011eIN D\u00dcZELT\u0130LMES\u0130N\u0130 \u0130ST\u0130YORUZ! TEKEL i\u015f\u00e7ilerine destek olduklar\u0131 gerek\u00e7esiyle 24 liseli karde\u015fimize, \u0130stanbul\",\"breadcrumb\":{\"@id\":\"https:\/\/birlikdayanisma.com\/v3\/2010\/03\/tekel-iscileri-liselilere-sahip-cikiyor\/#breadcrumb\"},\"inLanguage\":\"tr\",\"potentialAction\":[{\"@type\":\"ReadAction\",\"target\":[\"https:\/\/birlikdayanisma.com\/v3\/2010\/03\/tekel-iscileri-liselilere-sahip-cikiyor\/\"]}]},{\"@type\":\"BreadcrumbList\",\"@id\":\"https:\/\/birlikdayanisma.com\/v3\/2010\/03\/tekel-iscileri-liselilere-sahip-cikiyor\/#breadcrumb\",\"itemListElement\":[{\"@type\":\"ListItem\",\"position\":1,\"name\":\"Ana sayfa\",\"item\":\"https:\/\/birlikdayanisma.com\/v3\/\"},{\"@type\":\"ListItem\",\"position\":2,\"name\":\"Tekel i\u015f\u00e7ileri liselilere sahip \u00e7\u0131k\u0131yor\"}]},{\"@type\":\"WebSite\",\"@id\":\"https:\/\/birlikdayanisma.com\/v3\/#website\",\"url\":\"https:\/\/birlikdayanisma.com\/v3\/\",\"name\":\"Birlik Dayan\u0131\u015fma Hareketi\",\"description\":\"\",\"publisher\":{\"@id\":\"https:\/\/birlikdayanisma.com\/v3\/#organization\"},\"potentialAction\":[{\"@type\":\"SearchAction\",\"target\":{\"@type\":\"EntryPoint\",\"urlTemplate\":\"https:\/\/birlikdayanisma.com\/v3\/?s={search_term_string}\"},\"query-input\":{\"@type\":\"PropertyValueSpecification\",\"valueRequired\":true,\"valueName\":\"search_term_string\"}}],\"inLanguage\":\"tr\"},{\"@type\":\"Organization\",\"@id\":\"https:\/\/birlikdayanisma.com\/v3\/#organization\",\"name\":\"Birlik Dayan\u0131\u015fma Hareketi\",\"url\":\"https:\/\/birlikdayanisma.com\/v3\/\",\"logo\":{\"@type\":\"ImageObject\",\"inLanguage\":\"tr\",\"@id\":\"https:\/\/birlikdayanisma.com\/v3\/#\/schema\/logo\/image\/\",\"url\":\"https:\/\/birlikdayanisma.com\/v3\/wp-content\/uploads\/bdh_logo_2016.png\",\"contentUrl\":\"https:\/\/birlikdayanisma.com\/v3\/wp-content\/uploads\/bdh_logo_2016.png\",\"width\":468,\"height\":60,\"caption\":\"Birlik Dayan\u0131\u015fma Hareketi\"},\"image\":{\"@id\":\"https:\/\/birlikdayanisma.com\/v3\/#\/schema\/logo\/image\/\"}},{\"@type\":\"Person\",\"@id\":\"https:\/\/birlikdayanisma.com\/v3\/#\/schema\/person\/2fd4a0bf332f1634d637e73cafde5aff\",\"name\":\"root\",\"image\":{\"@type\":\"ImageObject\",\"inLanguage\":\"tr\",\"@id\":\"https:\/\/birlikdayanisma.com\/v3\/#\/schema\/person\/image\/\",\"url\":\"https:\/\/secure.gravatar.com\/avatar\/d112a0f70b7f65f990d41bcb2260b0d5?s=96&d=mm&r=g\",\"contentUrl\":\"https:\/\/secure.gravatar.com\/avatar\/d112a0f70b7f65f990d41bcb2260b0d5?s=96&d=mm&r=g\",\"caption\":\"root\"},\"url\":\"https:\/\/birlikdayanisma.com\/v3\/author\/root\/\"}]}<\/script>\n<!-- \/ Yoast SEO plugin. -->","yoast_head_json":{"title":"Tekel i\u015f\u00e7ileri liselilere sahip \u00e7\u0131k\u0131yor &#8211; Birlik Dayan\u0131\u015fma Hareketi","description":"L\u0130SEL\u0130 KARDE\u015eLER\u0130M\u0130ZE YAPILAN HAKSIZLI\u011eIN D\u00dcZELT\u0130LMES\u0130N\u0130 \u0130ST\u0130YORUZ! TEKEL i\u015f\u00e7ilerine destek olduklar\u0131 gerek\u00e7esiyle 24 liseli karde\u015fimize, \u0130stanbul","robots":{"index":"index","follow":"follow","max-snippet":"max-snippet:-1","max-image-preview":"max-image-preview:large","max-video-preview":"max-video-preview:-1"},"canonical":"https:\/\/birlikdayanisma.com\/v3\/2010\/03\/tekel-iscileri-liselilere-sahip-cikiyor\/","og_locale":"tr_TR","og_type":"article","og_title":"Tekel i\u015f\u00e7ileri liselilere sahip \u00e7\u0131k\u0131yor &#8211; Birlik Dayan\u0131\u015fma Hareketi","og_description":"L\u0130SEL\u0130 KARDE\u015eLER\u0130M\u0130ZE YAPILAN HAKSIZLI\u011eIN D\u00dcZELT\u0130LMES\u0130N\u0130 \u0130ST\u0130YORUZ! TEKEL i\u015f\u00e7ilerine destek olduklar\u0131 gerek\u00e7esiyle 24 liseli karde\u015fimize, \u0130stanbul","og_url":"https:\/\/birlikdayanisma.com\/v3\/2010\/03\/tekel-iscileri-liselilere-sahip-cikiyor\/","og_site_name":"Birlik Dayan\u0131\u015fma Hareketi","article_published_time":"2010-03-20T11:28:49+00:00","article_modified_time":"2010-03-20T20:47:22+00:00","author":"root","twitter_card":"summary_large_image","twitter_misc":{"Yazan:":"root","Tahmini okuma s\u00fcresi":"2 dakika"},"schema":{"@context":"https:\/\/schema.org","@graph":[{"@type":"Article","@id":"https:\/\/birlikdayanisma.com\/v3\/2010\/03\/tekel-iscileri-liselilere-sahip-cikiyor\/#article","isPartOf":{"@id":"https:\/\/birlikdayanisma.com\/v3\/2010\/03\/tekel-iscileri-liselilere-sahip-cikiyor\/"},"author":{"name":"root","@id":"https:\/\/birlikdayanisma.com\/v3\/#\/schema\/person\/2fd4a0bf332f1634d637e73cafde5aff"},"headline":"Tekel i\u015f\u00e7ileri liselilere sahip \u00e7\u0131k\u0131yor","datePublished":"2010-03-20T11:28:49+00:00","dateModified":"2010-03-20T20:47:22+00:00","mainEntityOfPage":{"@id":"https:\/\/birlikdayanisma.com\/v3\/2010\/03\/tekel-iscileri-liselilere-sahip-cikiyor\/"},"wordCount":443,"publisher":{"@id":"https:\/\/birlikdayanisma.com\/v3\/#organization"},"keywords":["\u00e7ekmek\u00f6y","lise","Tek G\u0131da-\u0130\u015f","Tekel"],"articleSection":["Bildiri","Haberler"],"inLanguage":"tr"},{"@type":"WebPage","@id":"https:\/\/birlikdayanisma.com\/v3\/2010\/03\/tekel-iscileri-liselilere-sahip-cikiyor\/","url":"https:\/\/birlikdayanisma.com\/v3\/2010\/03\/tekel-iscileri-liselilere-sahip-cikiyor\/","name":"Tekel i\u015f\u00e7ileri liselilere sahip \u00e7\u0131k\u0131yor &#8211; Birlik Dayan\u0131\u015fma Hareketi","isPartOf":{"@id":"https:\/\/birlikdayanisma.com\/v3\/#website"},"datePublished":"2010-03-20T11:28:49+00:00","dateModified":"2010-03-20T20:47:22+00:00","description":"L\u0130SEL\u0130 KARDE\u015eLER\u0130M\u0130ZE YAPILAN HAKSIZLI\u011eIN D\u00dcZELT\u0130LMES\u0130N\u0130 \u0130ST\u0130YORUZ! TEKEL i\u015f\u00e7ilerine destek olduklar\u0131 gerek\u00e7esiyle 24 liseli karde\u015fimize, \u0130stanbul","breadcrumb":{"@id":"https:\/\/birlikdayanisma.com\/v3\/2010\/03\/tekel-iscileri-liselilere-sahip-cikiyor\/#breadcrumb"},"inLanguage":"tr","potentialAction":[{"@type":"ReadAction","target":["https:\/\/birlikdayanisma.com\/v3\/2010\/03\/tekel-iscileri-liselilere-sahip-cikiyor\/"]}]},{"@type":"BreadcrumbList","@id":"https:\/\/birlikdayanisma.com\/v3\/2010\/03\/tekel-iscileri-liselilere-sahip-cikiyor\/#breadcrumb","itemListElement":[{"@type":"ListItem","position":1,"name":"Ana sayfa","item":"https:\/\/birlikdayanisma.com\/v3\/"},{"@type":"ListItem","position":2,"name":"Tekel i\u015f\u00e7ileri liselilere sahip \u00e7\u0131k\u0131yor"}]},{"@type":"WebSite","@id":"https:\/\/birlikdayanisma.com\/v3\/#website","url":"https:\/\/birlikdayanisma.com\/v3\/","name":"Birlik Dayan\u0131\u015fma Hareketi","description":"","publisher":{"@id":"https:\/\/birlikdayanisma.com\/v3\/#organization"},"potentialAction":[{"@type":"SearchAction","target":{"@type":"EntryPoint","urlTemplate":"https:\/\/birlikdayanisma.com\/v3\/?s={search_term_string}"},"query-input":{"@type":"PropertyValueSpecification","valueRequired":true,"valueName":"search_term_string"}}],"inLanguage":"tr"},{"@type":"Organization","@id":"https:\/\/birlikdayanisma.com\/v3\/#organization","name":"Birlik Dayan\u0131\u015fma Hareketi","url":"https:\/\/birlikdayanisma.com\/v3\/","logo":{"@type":"ImageObject","inLanguage":"tr","@id":"https:\/\/birlikdayanisma.com\/v3\/#\/schema\/logo\/image\/","url":"https:\/\/birlikdayanisma.com\/v3\/wp-content\/uploads\/bdh_logo_2016.png","contentUrl":"https:\/\/birlikdayanisma.com\/v3\/wp-content\/uploads\/bdh_logo_2016.png","width":468,"height":60,"caption":"Birlik Dayan\u0131\u015fma Hareketi"},"image":{"@id":"https:\/\/birlikdayanisma.com\/v3\/#\/schema\/logo\/image\/"}},{"@type":"Person","@id":"https:\/\/birlikdayanisma.com\/v3\/#\/schema\/person\/2fd4a0bf332f1634d637e73cafde5aff","name":"root","image":{"@type":"ImageObject","inLanguage":"tr","@id":"https:\/\/birlikdayanisma.com\/v3\/#\/schema\/person\/image\/","url":"https:\/\/secure.gravatar.com\/avatar\/d112a0f70b7f65f990d41bcb2260b0d5?s=96&d=mm&r=g","contentUrl":"https:\/\/secure.gravatar.com\/avatar\/d112a0f70b7f65f990d41bcb2260b0d5?s=96&d=mm&r=g","caption":"root"},"url":"https:\/\/birlikdayanisma.com\/v3\/author\/root\/"}]}},"_links":{"self":[{"href":"https:\/\/birlikdayanisma.com\/v3\/wp-json\/wp\/v2\/posts\/2097","targetHints":{"allow":["GET"]}}],"collection":[{"href":"https:\/\/birlikdayanisma.com\/v3\/wp-json\/wp\/v2\/posts"}],"about":[{"href":"https:\/\/birlikdayanisma.com\/v3\/wp-json\/wp\/v2\/types\/post"}],"author":[{"embeddable":true,"href":"https:\/\/birlikdayanisma.com\/v3\/wp-json\/wp\/v2\/users\/4"}],"replies":[{"embeddable":true,"href":"https:\/\/birlikdayanisma.com\/v3\/wp-json\/wp\/v2\/comments?post=2097"}],"version-history":[{"count":0,"href":"https:\/\/birlikdayanisma.com\/v3\/wp-json\/wp\/v2\/posts\/2097\/revisions"}],"wp:attachment":[{"href":"https:\/\/birlikdayanisma.com\/v3\/wp-json\/wp\/v2\/media?parent=2097"}],"wp:term":[{"taxonomy":"category","embeddable":true,"href":"https:\/\/birlikdayanisma.com\/v3\/wp-json\/wp\/v2\/categories?post=2097"},{"taxonomy":"post_tag","embeddable":true,"href":"https:\/\/birlikdayanisma.com\/v3\/wp-json\/wp\/v2\/tags?post=2097"}],"curies":[{"name":"wp","href":"https:\/\/api.w.org\/{rel}","templated":true}]}}