{"id":21,"date":"2008-09-08T10:51:52","date_gmt":"2008-09-08T14:51:52","guid":{"rendered":"http:\/\/birlikdayanisma.com\/v3\/?p=21"},"modified":"2009-06-12T16:15:45","modified_gmt":"2009-06-12T20:15:45","slug":"tkp%e2%80%99nin-88-yildonumu-kutlandi","status":"publish","type":"post","link":"https:\/\/birlikdayanisma.com\/v3\/2008\/09\/tkp%e2%80%99nin-88-yildonumu-kutlandi\/","title":{"rendered":"TKP\u2019nin 88. y\u0131ld\u00f6n\u00fcm\u00fc kutland\u0131"},"content":{"rendered":"<p><span class=\"ozet\"><a href=\"http:\/\/birlikdayanisma.com\/v3\/wp-content\/uploads\/2009\/05\/20080908_oneylul.jpg\"><img loading=\"lazy\" decoding=\"async\" class=\"alignleft size-full wp-image-318\" style=\"border: 1px solid black; margin: 2px;\" title=\"20080908_oneylul\" src=\"http:\/\/birlikdayanisma.com\/v3\/wp-content\/uploads\/2009\/05\/20080908_oneylul.jpg\" alt=\"20080908_oneylul\" width=\"300\" height=\"200\" \/><\/a>T\u00fcrkiye Kom\u00fcnist Partisi\u2019nin 88. y\u0131ld\u00f6n\u00fcm\u00fc, Ca\u011falo\u011flu\u2019nda bulunan T\u00fcrk Tabipler Birli\u011fi\u2019nin toplant\u0131 salonunda co\u015fkuyla kutland\u0131. \u00dcr\u00fcn Sosyalist Dergi taraf\u0131ndan d\u00fczenlenen etkinlik, 88 y\u0131ll\u0131k \u015fanl\u0131 tarihin sayfalar\u0131nda \u015fehit d\u00fc\u015fenler olmak \u00fczere, devrim ve sosyalizm davas\u0131nda yitirdiklerimiz i\u00e7in; t\u00fcm devrim \u015fehitleri i\u00e7in sayg\u0131 duru\u015fu ve Enternasyonal Mar\u015f\u0131\u2019n\u0131n okunmas\u0131yla ba\u015flad\u0131. Etkinli\u011fin a\u00e7\u0131l\u0131\u015f konu\u015fmas\u0131n\u0131 ya\u015fam\u0131n\u0131n her an\u0131n\u0131 i\u015f\u00e7i s\u0131n\u0131f\u0131n\u0131n devrimci m\u00fccadelesine adam\u0131\u015f, TKP emektar\u0131, TKP ile ya\u015f\u0131t Bekir Karayel yapt\u0131.<\/span><\/p>\n<p><!--more-->A\u00e7\u0131l\u0131\u015f konu\u015fmas\u0131n\u0131n ard\u0131ndan, 88. y\u0131l\u0131nda TKP\u2019nin anlam ve \u00f6nemi \u00fczerine bir dizi konu\u015fma yap\u0131ld\u0131. De\u011fi\u015fik toplumsal kesimlerden ve farkl\u0131 meslek gruplar\u0131ndan insanlar neden TKP, neden sosyalist m\u00fccadele sorular\u0131na cevap verdi. Konu\u015fmalar\u0131n ard\u0131ndan k\u0131sa bir ara verildi.<\/p>\n<p>Etkinlikte, TKP tarihini anlatan bir film g\u00f6sterimi ve \u015fiir dinletisi ger\u00e7ekle\u015ftirilirken, \u201cDeli ya da Veli\u201d adl\u0131 bir ske\u00e7 de sahnelendi. Film g\u00f6sterimi ve ske\u00e7 salondaki herkese duygulu anlar ya\u015fatt\u0131. Skecin ard\u0131ndan Eski Birlik Dayan\u0131\u015fma Hareketi emek\u00e7ilerinden \u0130lkin Manya, TKP i\u00e7in yazd\u0131\u011f\u0131 &#8220;Sen&#8221; isimli \u015fiirini seslendirdi. Manya&#8217;n\u0131n okudu\u011fu \u015fiirin ard\u0131ndan saz\u0131yla birlikte \u00e7ald\u0131\u011f\u0131 ezgiler ise t\u00fcm salon taraf\u0131ndan birlikte s\u00f6ylendi. Yurt d\u0131\u015f\u0131ndan ve \u00fclkenin \u00e7e\u015fitli yerlerinden gelen mesajlar\u0131n okundu\u011fu etkinlik, Grup G\u00fcne\u015fli D\u00fcnya\u2019n\u0131n m\u00fczik dinletisiyle devam etti. Farkl\u0131 dillerden halk t\u00fcrk\u00fclerini, mar\u015flar\u0131m\u0131z\u0131 ve \u015fark\u0131lar\u0131m\u0131z\u0131 s\u00f6yleyen grubun ezgileriyle halaylar da \u00e7ekildi. Kutlama hep bir a\u011f\u0131zdan okunan TKP mar\u015f\u0131 ile son buldu.<\/p>\n","protected":false},"excerpt":{"rendered":"<p>T\u00fcrkiye Kom\u00fcnist Partisi\u2019nin 88. y\u0131ld\u00f6n\u00fcm\u00fc, Ca\u011falo\u011flu\u2019nda bulunan T\u00fcrk Tabipler Birli\u011fi\u2019nin toplant\u0131 salonunda co\u015fkuyla kutland\u0131. \u00dcr\u00fcn Sosyalist Dergi taraf\u0131ndan d\u00fczenlenen etkinlik, 88 y\u0131ll\u0131k \u015fanl\u0131 tarihin sayfalar\u0131nda<\/p>\n","protected":false},"author":4,"featured_media":0,"comment_status":"open","ping_status":"open","sticky":false,"template":"","format":"standard","meta":{"_et_pb_use_builder":"","_et_pb_old_content":"","_et_gb_content_width":"","footnotes":""},"categories":[103],"tags":[92,56],"class_list":["post-21","post","type-post","status-publish","format-standard","hentry","category-turkiyeden","tag-10eylul","tag-urun","et-doesnt-have-format-content","et_post_format-et-post-format-standard"],"yoast_head":"<!-- This site is optimized with the Yoast SEO plugin v26.8 - https:\/\/yoast.com\/product\/yoast-seo-wordpress\/ -->\n<title>TKP\u2019nin 88. y\u0131ld\u00f6n\u00fcm\u00fc kutland\u0131 &#8211; Birlik Dayan\u0131\u015fma Hareketi<\/title>\n<meta name=\"description\" content=\"T\u00fcrkiye Kom\u00fcnist Partisi\u2019nin 88. y\u0131ld\u00f6n\u00fcm\u00fc, Ca\u011falo\u011flu\u2019nda bulunan T\u00fcrk Tabipler Birli\u011fi\u2019nin toplant\u0131 salonunda co\u015fkuyla kutland\u0131. \u00dcr\u00fcn Sosyalist Dergi taraf\u0131ndan d\u00fczenlenen etkinlik, 88 y\u0131ll\u0131k \u015fanl\u0131 tarihin sayfalar\u0131nda\" \/>\n<meta name=\"robots\" content=\"index, follow, max-snippet:-1, max-image-preview:large, max-video-preview:-1\" \/>\n<link rel=\"canonical\" href=\"https:\/\/birlikdayanisma.com\/v3\/2008\/09\/tkp\u2019nin-88-yildonumu-kutlandi\/\" \/>\n<meta property=\"og:locale\" content=\"tr_TR\" \/>\n<meta property=\"og:type\" content=\"article\" \/>\n<meta property=\"og:title\" content=\"TKP\u2019nin 88. y\u0131ld\u00f6n\u00fcm\u00fc kutland\u0131 &#8211; Birlik Dayan\u0131\u015fma Hareketi\" \/>\n<meta property=\"og:description\" content=\"T\u00fcrkiye Kom\u00fcnist Partisi\u2019nin 88. y\u0131ld\u00f6n\u00fcm\u00fc, Ca\u011falo\u011flu\u2019nda bulunan T\u00fcrk Tabipler Birli\u011fi\u2019nin toplant\u0131 salonunda co\u015fkuyla kutland\u0131. \u00dcr\u00fcn Sosyalist Dergi taraf\u0131ndan d\u00fczenlenen etkinlik, 88 y\u0131ll\u0131k \u015fanl\u0131 tarihin sayfalar\u0131nda\" \/>\n<meta property=\"og:url\" content=\"https:\/\/birlikdayanisma.com\/v3\/2008\/09\/tkp\u2019nin-88-yildonumu-kutlandi\/\" \/>\n<meta property=\"og:site_name\" content=\"Birlik Dayan\u0131\u015fma Hareketi\" \/>\n<meta property=\"article:published_time\" content=\"2008-09-08T14:51:52+00:00\" \/>\n<meta property=\"article:modified_time\" content=\"2009-06-12T20:15:45+00:00\" \/>\n<meta property=\"og:image\" content=\"https:\/\/birlikdayanisma.com\/v3\/wp-content\/uploads\/2009\/05\/20080908_oneylul.jpg\" \/>\n\t<meta property=\"og:image:width\" content=\"300\" \/>\n\t<meta property=\"og:image:height\" content=\"200\" \/>\n\t<meta property=\"og:image:type\" content=\"image\/jpeg\" \/>\n<meta name=\"author\" content=\"root\" \/>\n<meta name=\"twitter:card\" content=\"summary_large_image\" \/>\n<meta name=\"twitter:label1\" content=\"Yazan:\" \/>\n\t<meta name=\"twitter:data1\" content=\"root\" \/>\n\t<meta name=\"twitter:label2\" content=\"Tahmini okuma s\u00fcresi\" \/>\n\t<meta name=\"twitter:data2\" content=\"1 dakika\" \/>\n<script type=\"application\/ld+json\" class=\"yoast-schema-graph\">{\"@context\":\"https:\/\/schema.org\",\"@graph\":[{\"@type\":\"Article\",\"@id\":\"https:\/\/birlikdayanisma.com\/v3\/2008\/09\/tkp%e2%80%99nin-88-yildonumu-kutlandi\/#article\",\"isPartOf\":{\"@id\":\"https:\/\/birlikdayanisma.com\/v3\/2008\/09\/tkp%e2%80%99nin-88-yildonumu-kutlandi\/\"},\"author\":{\"name\":\"root\",\"@id\":\"https:\/\/birlikdayanisma.com\/v3\/#\/schema\/person\/2fd4a0bf332f1634d637e73cafde5aff\"},\"headline\":\"TKP\u2019nin 88. y\u0131ld\u00f6n\u00fcm\u00fc kutland\u0131\",\"datePublished\":\"2008-09-08T14:51:52+00:00\",\"dateModified\":\"2009-06-12T20:15:45+00:00\",\"mainEntityOfPage\":{\"@id\":\"https:\/\/birlikdayanisma.com\/v3\/2008\/09\/tkp%e2%80%99nin-88-yildonumu-kutlandi\/\"},\"wordCount\":304,\"commentCount\":0,\"publisher\":{\"@id\":\"https:\/\/birlikdayanisma.com\/v3\/#organization\"},\"image\":{\"@id\":\"https:\/\/birlikdayanisma.com\/v3\/2008\/09\/tkp%e2%80%99nin-88-yildonumu-kutlandi\/#primaryimage\"},\"thumbnailUrl\":\"http:\/\/birlikdayanisma.com\/v3\/wp-content\/uploads\/2009\/05\/20080908_oneylul.jpg\",\"keywords\":[\"10Eyl\u00fcl\",\"\u00dcr\u00fcn\"],\"articleSection\":[\"T\u00fcrkiyeden\"],\"inLanguage\":\"tr\",\"potentialAction\":[{\"@type\":\"CommentAction\",\"name\":\"Comment\",\"target\":[\"https:\/\/birlikdayanisma.com\/v3\/2008\/09\/tkp%e2%80%99nin-88-yildonumu-kutlandi\/#respond\"]}]},{\"@type\":\"WebPage\",\"@id\":\"https:\/\/birlikdayanisma.com\/v3\/2008\/09\/tkp%e2%80%99nin-88-yildonumu-kutlandi\/\",\"url\":\"https:\/\/birlikdayanisma.com\/v3\/2008\/09\/tkp%e2%80%99nin-88-yildonumu-kutlandi\/\",\"name\":\"TKP\u2019nin 88. y\u0131ld\u00f6n\u00fcm\u00fc kutland\u0131 &#8211; Birlik Dayan\u0131\u015fma Hareketi\",\"isPartOf\":{\"@id\":\"https:\/\/birlikdayanisma.com\/v3\/#website\"},\"primaryImageOfPage\":{\"@id\":\"https:\/\/birlikdayanisma.com\/v3\/2008\/09\/tkp%e2%80%99nin-88-yildonumu-kutlandi\/#primaryimage\"},\"image\":{\"@id\":\"https:\/\/birlikdayanisma.com\/v3\/2008\/09\/tkp%e2%80%99nin-88-yildonumu-kutlandi\/#primaryimage\"},\"thumbnailUrl\":\"http:\/\/birlikdayanisma.com\/v3\/wp-content\/uploads\/2009\/05\/20080908_oneylul.jpg\",\"datePublished\":\"2008-09-08T14:51:52+00:00\",\"dateModified\":\"2009-06-12T20:15:45+00:00\",\"description\":\"T\u00fcrkiye Kom\u00fcnist Partisi\u2019nin 88. y\u0131ld\u00f6n\u00fcm\u00fc, Ca\u011falo\u011flu\u2019nda bulunan T\u00fcrk Tabipler Birli\u011fi\u2019nin toplant\u0131 salonunda co\u015fkuyla kutland\u0131. \u00dcr\u00fcn Sosyalist Dergi taraf\u0131ndan d\u00fczenlenen etkinlik, 88 y\u0131ll\u0131k \u015fanl\u0131 tarihin sayfalar\u0131nda\",\"breadcrumb\":{\"@id\":\"https:\/\/birlikdayanisma.com\/v3\/2008\/09\/tkp%e2%80%99nin-88-yildonumu-kutlandi\/#breadcrumb\"},\"inLanguage\":\"tr\",\"potentialAction\":[{\"@type\":\"ReadAction\",\"target\":[\"https:\/\/birlikdayanisma.com\/v3\/2008\/09\/tkp%e2%80%99nin-88-yildonumu-kutlandi\/\"]}]},{\"@type\":\"ImageObject\",\"inLanguage\":\"tr\",\"@id\":\"https:\/\/birlikdayanisma.com\/v3\/2008\/09\/tkp%e2%80%99nin-88-yildonumu-kutlandi\/#primaryimage\",\"url\":\"http:\/\/birlikdayanisma.com\/v3\/wp-content\/uploads\/2009\/05\/20080908_oneylul.jpg\",\"contentUrl\":\"http:\/\/birlikdayanisma.com\/v3\/wp-content\/uploads\/2009\/05\/20080908_oneylul.jpg\"},{\"@type\":\"BreadcrumbList\",\"@id\":\"https:\/\/birlikdayanisma.com\/v3\/2008\/09\/tkp%e2%80%99nin-88-yildonumu-kutlandi\/#breadcrumb\",\"itemListElement\":[{\"@type\":\"ListItem\",\"position\":1,\"name\":\"Ana sayfa\",\"item\":\"https:\/\/birlikdayanisma.com\/v3\/\"},{\"@type\":\"ListItem\",\"position\":2,\"name\":\"TKP\u2019nin 88. y\u0131ld\u00f6n\u00fcm\u00fc kutland\u0131\"}]},{\"@type\":\"WebSite\",\"@id\":\"https:\/\/birlikdayanisma.com\/v3\/#website\",\"url\":\"https:\/\/birlikdayanisma.com\/v3\/\",\"name\":\"Birlik Dayan\u0131\u015fma Hareketi\",\"description\":\"\",\"publisher\":{\"@id\":\"https:\/\/birlikdayanisma.com\/v3\/#organization\"},\"potentialAction\":[{\"@type\":\"SearchAction\",\"target\":{\"@type\":\"EntryPoint\",\"urlTemplate\":\"https:\/\/birlikdayanisma.com\/v3\/?s={search_term_string}\"},\"query-input\":{\"@type\":\"PropertyValueSpecification\",\"valueRequired\":true,\"valueName\":\"search_term_string\"}}],\"inLanguage\":\"tr\"},{\"@type\":\"Organization\",\"@id\":\"https:\/\/birlikdayanisma.com\/v3\/#organization\",\"name\":\"Birlik Dayan\u0131\u015fma Hareketi\",\"url\":\"https:\/\/birlikdayanisma.com\/v3\/\",\"logo\":{\"@type\":\"ImageObject\",\"inLanguage\":\"tr\",\"@id\":\"https:\/\/birlikdayanisma.com\/v3\/#\/schema\/logo\/image\/\",\"url\":\"https:\/\/birlikdayanisma.com\/v3\/wp-content\/uploads\/bdh_logo_2016.png\",\"contentUrl\":\"https:\/\/birlikdayanisma.com\/v3\/wp-content\/uploads\/bdh_logo_2016.png\",\"width\":468,\"height\":60,\"caption\":\"Birlik Dayan\u0131\u015fma Hareketi\"},\"image\":{\"@id\":\"https:\/\/birlikdayanisma.com\/v3\/#\/schema\/logo\/image\/\"}},{\"@type\":\"Person\",\"@id\":\"https:\/\/birlikdayanisma.com\/v3\/#\/schema\/person\/2fd4a0bf332f1634d637e73cafde5aff\",\"name\":\"root\",\"image\":{\"@type\":\"ImageObject\",\"inLanguage\":\"tr\",\"@id\":\"https:\/\/birlikdayanisma.com\/v3\/#\/schema\/person\/image\/\",\"url\":\"https:\/\/secure.gravatar.com\/avatar\/d112a0f70b7f65f990d41bcb2260b0d5?s=96&d=mm&r=g\",\"contentUrl\":\"https:\/\/secure.gravatar.com\/avatar\/d112a0f70b7f65f990d41bcb2260b0d5?s=96&d=mm&r=g\",\"caption\":\"root\"},\"url\":\"https:\/\/birlikdayanisma.com\/v3\/author\/root\/\"}]}<\/script>\n<!-- \/ Yoast SEO plugin. -->","yoast_head_json":{"title":"TKP\u2019nin 88. y\u0131ld\u00f6n\u00fcm\u00fc kutland\u0131 &#8211; Birlik Dayan\u0131\u015fma Hareketi","description":"T\u00fcrkiye Kom\u00fcnist Partisi\u2019nin 88. y\u0131ld\u00f6n\u00fcm\u00fc, Ca\u011falo\u011flu\u2019nda bulunan T\u00fcrk Tabipler Birli\u011fi\u2019nin toplant\u0131 salonunda co\u015fkuyla kutland\u0131. \u00dcr\u00fcn Sosyalist Dergi taraf\u0131ndan d\u00fczenlenen etkinlik, 88 y\u0131ll\u0131k \u015fanl\u0131 tarihin sayfalar\u0131nda","robots":{"index":"index","follow":"follow","max-snippet":"max-snippet:-1","max-image-preview":"max-image-preview:large","max-video-preview":"max-video-preview:-1"},"canonical":"https:\/\/birlikdayanisma.com\/v3\/2008\/09\/tkp\u2019nin-88-yildonumu-kutlandi\/","og_locale":"tr_TR","og_type":"article","og_title":"TKP\u2019nin 88. y\u0131ld\u00f6n\u00fcm\u00fc kutland\u0131 &#8211; Birlik Dayan\u0131\u015fma Hareketi","og_description":"T\u00fcrkiye Kom\u00fcnist Partisi\u2019nin 88. y\u0131ld\u00f6n\u00fcm\u00fc, Ca\u011falo\u011flu\u2019nda bulunan T\u00fcrk Tabipler Birli\u011fi\u2019nin toplant\u0131 salonunda co\u015fkuyla kutland\u0131. \u00dcr\u00fcn Sosyalist Dergi taraf\u0131ndan d\u00fczenlenen etkinlik, 88 y\u0131ll\u0131k \u015fanl\u0131 tarihin sayfalar\u0131nda","og_url":"https:\/\/birlikdayanisma.com\/v3\/2008\/09\/tkp\u2019nin-88-yildonumu-kutlandi\/","og_site_name":"Birlik Dayan\u0131\u015fma Hareketi","article_published_time":"2008-09-08T14:51:52+00:00","article_modified_time":"2009-06-12T20:15:45+00:00","og_image":[{"width":300,"height":200,"url":"https:\/\/birlikdayanisma.com\/v3\/wp-content\/uploads\/2009\/05\/20080908_oneylul.jpg","type":"image\/jpeg"}],"author":"root","twitter_card":"summary_large_image","twitter_misc":{"Yazan:":"root","Tahmini okuma s\u00fcresi":"1 dakika"},"schema":{"@context":"https:\/\/schema.org","@graph":[{"@type":"Article","@id":"https:\/\/birlikdayanisma.com\/v3\/2008\/09\/tkp%e2%80%99nin-88-yildonumu-kutlandi\/#article","isPartOf":{"@id":"https:\/\/birlikdayanisma.com\/v3\/2008\/09\/tkp%e2%80%99nin-88-yildonumu-kutlandi\/"},"author":{"name":"root","@id":"https:\/\/birlikdayanisma.com\/v3\/#\/schema\/person\/2fd4a0bf332f1634d637e73cafde5aff"},"headline":"TKP\u2019nin 88. y\u0131ld\u00f6n\u00fcm\u00fc kutland\u0131","datePublished":"2008-09-08T14:51:52+00:00","dateModified":"2009-06-12T20:15:45+00:00","mainEntityOfPage":{"@id":"https:\/\/birlikdayanisma.com\/v3\/2008\/09\/tkp%e2%80%99nin-88-yildonumu-kutlandi\/"},"wordCount":304,"commentCount":0,"publisher":{"@id":"https:\/\/birlikdayanisma.com\/v3\/#organization"},"image":{"@id":"https:\/\/birlikdayanisma.com\/v3\/2008\/09\/tkp%e2%80%99nin-88-yildonumu-kutlandi\/#primaryimage"},"thumbnailUrl":"http:\/\/birlikdayanisma.com\/v3\/wp-content\/uploads\/2009\/05\/20080908_oneylul.jpg","keywords":["10Eyl\u00fcl","\u00dcr\u00fcn"],"articleSection":["T\u00fcrkiyeden"],"inLanguage":"tr","potentialAction":[{"@type":"CommentAction","name":"Comment","target":["https:\/\/birlikdayanisma.com\/v3\/2008\/09\/tkp%e2%80%99nin-88-yildonumu-kutlandi\/#respond"]}]},{"@type":"WebPage","@id":"https:\/\/birlikdayanisma.com\/v3\/2008\/09\/tkp%e2%80%99nin-88-yildonumu-kutlandi\/","url":"https:\/\/birlikdayanisma.com\/v3\/2008\/09\/tkp%e2%80%99nin-88-yildonumu-kutlandi\/","name":"TKP\u2019nin 88. y\u0131ld\u00f6n\u00fcm\u00fc kutland\u0131 &#8211; Birlik Dayan\u0131\u015fma Hareketi","isPartOf":{"@id":"https:\/\/birlikdayanisma.com\/v3\/#website"},"primaryImageOfPage":{"@id":"https:\/\/birlikdayanisma.com\/v3\/2008\/09\/tkp%e2%80%99nin-88-yildonumu-kutlandi\/#primaryimage"},"image":{"@id":"https:\/\/birlikdayanisma.com\/v3\/2008\/09\/tkp%e2%80%99nin-88-yildonumu-kutlandi\/#primaryimage"},"thumbnailUrl":"http:\/\/birlikdayanisma.com\/v3\/wp-content\/uploads\/2009\/05\/20080908_oneylul.jpg","datePublished":"2008-09-08T14:51:52+00:00","dateModified":"2009-06-12T20:15:45+00:00","description":"T\u00fcrkiye Kom\u00fcnist Partisi\u2019nin 88. y\u0131ld\u00f6n\u00fcm\u00fc, Ca\u011falo\u011flu\u2019nda bulunan T\u00fcrk Tabipler Birli\u011fi\u2019nin toplant\u0131 salonunda co\u015fkuyla kutland\u0131. \u00dcr\u00fcn Sosyalist Dergi taraf\u0131ndan d\u00fczenlenen etkinlik, 88 y\u0131ll\u0131k \u015fanl\u0131 tarihin sayfalar\u0131nda","breadcrumb":{"@id":"https:\/\/birlikdayanisma.com\/v3\/2008\/09\/tkp%e2%80%99nin-88-yildonumu-kutlandi\/#breadcrumb"},"inLanguage":"tr","potentialAction":[{"@type":"ReadAction","target":["https:\/\/birlikdayanisma.com\/v3\/2008\/09\/tkp%e2%80%99nin-88-yildonumu-kutlandi\/"]}]},{"@type":"ImageObject","inLanguage":"tr","@id":"https:\/\/birlikdayanisma.com\/v3\/2008\/09\/tkp%e2%80%99nin-88-yildonumu-kutlandi\/#primaryimage","url":"http:\/\/birlikdayanisma.com\/v3\/wp-content\/uploads\/2009\/05\/20080908_oneylul.jpg","contentUrl":"http:\/\/birlikdayanisma.com\/v3\/wp-content\/uploads\/2009\/05\/20080908_oneylul.jpg"},{"@type":"BreadcrumbList","@id":"https:\/\/birlikdayanisma.com\/v3\/2008\/09\/tkp%e2%80%99nin-88-yildonumu-kutlandi\/#breadcrumb","itemListElement":[{"@type":"ListItem","position":1,"name":"Ana sayfa","item":"https:\/\/birlikdayanisma.com\/v3\/"},{"@type":"ListItem","position":2,"name":"TKP\u2019nin 88. y\u0131ld\u00f6n\u00fcm\u00fc kutland\u0131"}]},{"@type":"WebSite","@id":"https:\/\/birlikdayanisma.com\/v3\/#website","url":"https:\/\/birlikdayanisma.com\/v3\/","name":"Birlik Dayan\u0131\u015fma Hareketi","description":"","publisher":{"@id":"https:\/\/birlikdayanisma.com\/v3\/#organization"},"potentialAction":[{"@type":"SearchAction","target":{"@type":"EntryPoint","urlTemplate":"https:\/\/birlikdayanisma.com\/v3\/?s={search_term_string}"},"query-input":{"@type":"PropertyValueSpecification","valueRequired":true,"valueName":"search_term_string"}}],"inLanguage":"tr"},{"@type":"Organization","@id":"https:\/\/birlikdayanisma.com\/v3\/#organization","name":"Birlik Dayan\u0131\u015fma Hareketi","url":"https:\/\/birlikdayanisma.com\/v3\/","logo":{"@type":"ImageObject","inLanguage":"tr","@id":"https:\/\/birlikdayanisma.com\/v3\/#\/schema\/logo\/image\/","url":"https:\/\/birlikdayanisma.com\/v3\/wp-content\/uploads\/bdh_logo_2016.png","contentUrl":"https:\/\/birlikdayanisma.com\/v3\/wp-content\/uploads\/bdh_logo_2016.png","width":468,"height":60,"caption":"Birlik Dayan\u0131\u015fma Hareketi"},"image":{"@id":"https:\/\/birlikdayanisma.com\/v3\/#\/schema\/logo\/image\/"}},{"@type":"Person","@id":"https:\/\/birlikdayanisma.com\/v3\/#\/schema\/person\/2fd4a0bf332f1634d637e73cafde5aff","name":"root","image":{"@type":"ImageObject","inLanguage":"tr","@id":"https:\/\/birlikdayanisma.com\/v3\/#\/schema\/person\/image\/","url":"https:\/\/secure.gravatar.com\/avatar\/d112a0f70b7f65f990d41bcb2260b0d5?s=96&d=mm&r=g","contentUrl":"https:\/\/secure.gravatar.com\/avatar\/d112a0f70b7f65f990d41bcb2260b0d5?s=96&d=mm&r=g","caption":"root"},"url":"https:\/\/birlikdayanisma.com\/v3\/author\/root\/"}]}},"_links":{"self":[{"href":"https:\/\/birlikdayanisma.com\/v3\/wp-json\/wp\/v2\/posts\/21","targetHints":{"allow":["GET"]}}],"collection":[{"href":"https:\/\/birlikdayanisma.com\/v3\/wp-json\/wp\/v2\/posts"}],"about":[{"href":"https:\/\/birlikdayanisma.com\/v3\/wp-json\/wp\/v2\/types\/post"}],"author":[{"embeddable":true,"href":"https:\/\/birlikdayanisma.com\/v3\/wp-json\/wp\/v2\/users\/4"}],"replies":[{"embeddable":true,"href":"https:\/\/birlikdayanisma.com\/v3\/wp-json\/wp\/v2\/comments?post=21"}],"version-history":[{"count":0,"href":"https:\/\/birlikdayanisma.com\/v3\/wp-json\/wp\/v2\/posts\/21\/revisions"}],"wp:attachment":[{"href":"https:\/\/birlikdayanisma.com\/v3\/wp-json\/wp\/v2\/media?parent=21"}],"wp:term":[{"taxonomy":"category","embeddable":true,"href":"https:\/\/birlikdayanisma.com\/v3\/wp-json\/wp\/v2\/categories?post=21"},{"taxonomy":"post_tag","embeddable":true,"href":"https:\/\/birlikdayanisma.com\/v3\/wp-json\/wp\/v2\/tags?post=21"}],"curies":[{"name":"wp","href":"https:\/\/api.w.org\/{rel}","templated":true}]}}