{"id":2151,"date":"2010-04-08T16:28:10","date_gmt":"2010-04-08T13:28:10","guid":{"rendered":"http:\/\/birlikdayanisma.com\/v3\/?p=2151"},"modified":"2010-04-08T16:28:10","modified_gmt":"2010-04-08T13:28:10","slug":"tekel-iscileri-degil-ankara-valiligi-sucludur","status":"publish","type":"post","link":"https:\/\/birlikdayanisma.com\/v3\/2010\/04\/tekel-iscileri-degil-ankara-valiligi-sucludur\/","title":{"rendered":"TEKEL i\u015f\u00e7ileri de\u011fil, Ankara Valili\u011fi su\u00e7ludur!"},"content":{"rendered":"<p>Ankara Valili\u011fi; 78 g\u00fcn boyunca g\u00fcvenceli \u00e7al\u0131\u015fma ko\u015fullar\u0131 i\u00e7in T\u00dcRK-\u0130\u015e&#8217;in \u00f6n\u00fcn\u00fc direni\u015f caddesine \u00e7eviren TEKEL i\u015f\u00e7ilerine\u00a0 ve sendika y\u00f6neticilerine 6 ayr\u0131 dosya olu\u015fturarak su\u00e7 duyurusunda bulundu.<\/p>\n<p><!--more--> 123 TEKEL i\u015f\u00e7isini kapsayan dosyalarda;<\/p>\n<p>*17 Aral\u0131k 2009\u2019da Abdi \u0130pek\u00e7i Park\u0131\u2019nda yasad\u0131\u015f\u0131 eylem organize etmek, g\u00f6revli kolluk kuvvetlerine fiili olarak sald\u0131r\u0131da bulunmak iddias\u0131yla toplam 31 ki\u015fi hakk\u0131nda<\/p>\n<p>* 18 Aral\u0131k 2009-14 Ocak 2010 aras\u0131nda yasaya ayk\u0131r\u0131 toplant\u0131 ve g\u00f6steri y\u00fcr\u00fcy\u00fc\u015f\u00fc d\u00fczenlemek, a\u00e7l\u0131k grevinde bulunmak iddias\u0131yla toplam 4 ki\u015fi hakk\u0131nda<\/p>\n<p>* 4 \u015eubat 2010\u2019da T\u00fcrk-\u0130\u015f, D\u0130SK, T\u00fcrkiye Kamu-Sen ve KESK taraf\u0131ndan ortak kararla al\u0131nan a\u00e7\u0131k hava toplant\u0131s\u0131na kat\u0131lmak iddias\u0131yla, kat\u0131lan kamu personellerinin de bulundu\u011fu \u00e7e\u015fitli sendika ve sivil toplum kurulu\u015flar\u0131ndan toplam 21 ki\u015fi hakk\u0131nda<\/p>\n<p>* 20 \u015eubat 2010\u2019da Sakarya Caddesi\u2019nde ayn\u0131 yasaya ayk\u0131r\u0131 toplant\u0131 ve g\u00f6steri y\u00fcr\u00fcy\u00fc\u015f\u00fc d\u00fczenlemek, a\u00e7l\u0131k grevinde bulunmak iddias\u0131yla toplam 43 ki\u015fi hakk\u0131nda<\/p>\n<p>* 15 Ocak-2 Mart 2010 aras\u0131nda TEKEL i\u015f\u00e7ileri taraf\u0131ndan yap\u0131lan eylemin tamam\u0131 ile ilgili olarak yasaya ayk\u0131r\u0131 toplant\u0131 ve g\u00f6steri y\u00fcr\u00fcy\u00fc\u015f\u00fc d\u00fczenlemek, y\u00f6netmek, kat\u0131lmak, \u00f6zendirmek, k\u0131\u015fk\u0131rtmak, oturma eylemi yapmak ve a\u00e7l\u0131k grevinde bulunmak iddias\u0131yla 14 ki\u015fi hakk\u0131nda<\/p>\n<p>* 78 g\u00fcnl\u00fck eylem s\u00fcrecinde, \u00c7ankaya Belediyesi\u2019nce iki ayr\u0131 zamanda belediyeye ait ara\u00e7larla eylemcilere malzeme getirdikleri tespit edilen toplam 10 belediye g\u00f6revlisi hakk\u0131nda su\u00e7 duyurusunda bulunuldu.<\/p>\n<p>As\u0131l Ankara Valili\u011fi Cezaland\u0131r\u0131ls\u0131n!<\/p>\n<p>Hat\u0131rlanaca\u011f\u0131 \u00fczere; TEKEL i\u015f\u00e7ileri 78 g\u00fcnl\u00fck direni\u015fleri s\u00fcrecince, gerek AKP h\u00fck\u00fcmetinin gerekse Ankara Valili\u011fi&#8217;nin s\u00f6zl\u00fc ve fiili sald\u0131r\u0131lar\u0131na maruz kalm\u0131\u015ft\u0131. Ankara&#8217;ya geldikleri ilk g\u00fcn Abdi \u0130pek\u00e7i Park\u0131&#8217;nda polisin gazl\u0131 coplu sald\u0131r\u0131s\u0131yla kar\u015f\u0131lanm\u0131\u015flard\u0131. Direni\u015f Caddesi&#8217;ne \u00e7evirdikleri Sakarya Caddesi&#8217;nde ne kara, so\u011fu\u011fa ne de h\u00fck\u00fcmetin sald\u0131r\u0131lar\u0131na boyun e\u011fmemi\u015flerdi.<\/p>\n<p>Ankara&#8217;daki direni\u015flerine verdikleri k\u0131sa bir molan\u0131n ard\u0131ndan 1 Nisan&#8217;da tekrar ba\u015fkente geldiklerinde ise yine ayn\u0131 tabloyla kar\u015f\u0131la\u015f\u0131lm\u0131\u015f, h\u00fck\u00fcmet ve Ankara Valili\u011fi kolluk kuvvetlerini yine i\u015f\u00e7ilere sald\u0131rtm\u0131\u015ft\u0131. 2 g\u00fcn boyunca adeta yeniden i\u015fgal edilen ba\u015fkentte yollar\u0131 kapatm\u0131\u015f, \u015fehrin merkezinde her bir k\u00f6\u015feyi polis barikatlar\u0131yla tutmu\u015ftu. Sadece TEKEL i\u015f\u00e7ilerini de\u011fil t\u00fcm Ankara halk\u0131n\u0131 ma\u011fdur etmi\u015fti.<\/p>\n<p>Birlik Dayan\u0131\u015fma Hareketi (BDH) olarak; ba\u015fta TEKEL i\u015f\u00e7ileri olmak \u00fczere; i\u015f\u00e7i s\u0131n\u0131f\u0131na, emek\u00e7ilere, s\u0131n\u0131f dostlar\u0131na ve sendikal harekete yap\u0131lan bu haks\u0131z hukuksuz sald\u0131r\u0131lar\u0131n, ma\u011fduriyetlerin sorumlular\u0131n\u0131n derhal cezaland\u0131r\u0131lmas\u0131n\u0131 talep ediyoruz.<\/p>\n","protected":false},"excerpt":{"rendered":"<p>Ankara Valili\u011fi; 78 g\u00fcn boyunca g\u00fcvenceli \u00e7al\u0131\u015fma ko\u015fullar\u0131 i\u00e7in T\u00dcRK-\u0130\u015e&#8217;in \u00f6n\u00fcn\u00fc direni\u015f caddesine \u00e7eviren TEKEL i\u015f\u00e7ilerine\u00a0 ve sendika y\u00f6neticilerine 6 ayr\u0131 dosya olu\u015fturarak su\u00e7 duyurusunda bulundu.<\/p>\n","protected":false},"author":4,"featured_media":0,"comment_status":"closed","ping_status":"open","sticky":false,"template":"","format":"standard","meta":{"_et_pb_use_builder":"","_et_pb_old_content":"","_et_gb_content_width":"","footnotes":""},"categories":[103],"tags":[6,96],"class_list":["post-2151","post","type-post","status-publish","format-standard","hentry","category-turkiyeden","tag-bdh","tag-tekel","et-doesnt-have-format-content","et_post_format-et-post-format-standard"],"yoast_head":"<!-- This site is optimized with the Yoast SEO plugin v26.8 - https:\/\/yoast.com\/product\/yoast-seo-wordpress\/ -->\n<title>TEKEL i\u015f\u00e7ileri de\u011fil, Ankara Valili\u011fi su\u00e7ludur! &#8211; Birlik Dayan\u0131\u015fma Hareketi<\/title>\n<meta name=\"description\" content=\"Ankara Valili\u011fi; 78 g\u00fcn boyunca g\u00fcvenceli \u00e7al\u0131\u015fma ko\u015fullar\u0131 i\u00e7in T\u00dcRK-\u0130\u015e&#039;in \u00f6n\u00fcn\u00fc direni\u015f caddesine \u00e7eviren TEKEL i\u015f\u00e7ilerine\u00a0 ve sendika y\u00f6neticilerine 6\" \/>\n<meta name=\"robots\" content=\"index, follow, max-snippet:-1, max-image-preview:large, max-video-preview:-1\" \/>\n<link rel=\"canonical\" href=\"https:\/\/birlikdayanisma.com\/v3\/2010\/04\/tekel-iscileri-degil-ankara-valiligi-sucludur\/\" \/>\n<meta property=\"og:locale\" content=\"tr_TR\" \/>\n<meta property=\"og:type\" content=\"article\" \/>\n<meta property=\"og:title\" content=\"TEKEL i\u015f\u00e7ileri de\u011fil, Ankara Valili\u011fi su\u00e7ludur! &#8211; Birlik Dayan\u0131\u015fma Hareketi\" \/>\n<meta property=\"og:description\" content=\"Ankara Valili\u011fi; 78 g\u00fcn boyunca g\u00fcvenceli \u00e7al\u0131\u015fma ko\u015fullar\u0131 i\u00e7in T\u00dcRK-\u0130\u015e&#039;in \u00f6n\u00fcn\u00fc direni\u015f caddesine \u00e7eviren TEKEL i\u015f\u00e7ilerine\u00a0 ve sendika y\u00f6neticilerine 6\" \/>\n<meta property=\"og:url\" content=\"https:\/\/birlikdayanisma.com\/v3\/2010\/04\/tekel-iscileri-degil-ankara-valiligi-sucludur\/\" \/>\n<meta property=\"og:site_name\" content=\"Birlik Dayan\u0131\u015fma Hareketi\" \/>\n<meta property=\"article:published_time\" content=\"2010-04-08T13:28:10+00:00\" \/>\n<meta name=\"author\" content=\"root\" \/>\n<meta name=\"twitter:card\" content=\"summary_large_image\" \/>\n<meta name=\"twitter:label1\" content=\"Yazan:\" \/>\n\t<meta name=\"twitter:data1\" content=\"root\" \/>\n\t<meta name=\"twitter:label2\" content=\"Tahmini okuma s\u00fcresi\" \/>\n\t<meta name=\"twitter:data2\" content=\"2 dakika\" \/>\n<script type=\"application\/ld+json\" class=\"yoast-schema-graph\">{\"@context\":\"https:\/\/schema.org\",\"@graph\":[{\"@type\":\"Article\",\"@id\":\"https:\/\/birlikdayanisma.com\/v3\/2010\/04\/tekel-iscileri-degil-ankara-valiligi-sucludur\/#article\",\"isPartOf\":{\"@id\":\"https:\/\/birlikdayanisma.com\/v3\/2010\/04\/tekel-iscileri-degil-ankara-valiligi-sucludur\/\"},\"author\":{\"name\":\"root\",\"@id\":\"https:\/\/birlikdayanisma.com\/v3\/#\/schema\/person\/2fd4a0bf332f1634d637e73cafde5aff\"},\"headline\":\"TEKEL i\u015f\u00e7ileri de\u011fil, Ankara Valili\u011fi su\u00e7ludur!\",\"datePublished\":\"2010-04-08T13:28:10+00:00\",\"mainEntityOfPage\":{\"@id\":\"https:\/\/birlikdayanisma.com\/v3\/2010\/04\/tekel-iscileri-degil-ankara-valiligi-sucludur\/\"},\"wordCount\":487,\"publisher\":{\"@id\":\"https:\/\/birlikdayanisma.com\/v3\/#organization\"},\"keywords\":[\"Bdh\",\"Tekel\"],\"articleSection\":[\"T\u00fcrkiyeden\"],\"inLanguage\":\"tr\"},{\"@type\":\"WebPage\",\"@id\":\"https:\/\/birlikdayanisma.com\/v3\/2010\/04\/tekel-iscileri-degil-ankara-valiligi-sucludur\/\",\"url\":\"https:\/\/birlikdayanisma.com\/v3\/2010\/04\/tekel-iscileri-degil-ankara-valiligi-sucludur\/\",\"name\":\"TEKEL i\u015f\u00e7ileri de\u011fil, Ankara Valili\u011fi su\u00e7ludur! &#8211; Birlik Dayan\u0131\u015fma Hareketi\",\"isPartOf\":{\"@id\":\"https:\/\/birlikdayanisma.com\/v3\/#website\"},\"datePublished\":\"2010-04-08T13:28:10+00:00\",\"description\":\"Ankara Valili\u011fi; 78 g\u00fcn boyunca g\u00fcvenceli \u00e7al\u0131\u015fma ko\u015fullar\u0131 i\u00e7in T\u00dcRK-\u0130\u015e'in \u00f6n\u00fcn\u00fc direni\u015f caddesine \u00e7eviren TEKEL i\u015f\u00e7ilerine\u00a0 ve sendika y\u00f6neticilerine 6\",\"breadcrumb\":{\"@id\":\"https:\/\/birlikdayanisma.com\/v3\/2010\/04\/tekel-iscileri-degil-ankara-valiligi-sucludur\/#breadcrumb\"},\"inLanguage\":\"tr\",\"potentialAction\":[{\"@type\":\"ReadAction\",\"target\":[\"https:\/\/birlikdayanisma.com\/v3\/2010\/04\/tekel-iscileri-degil-ankara-valiligi-sucludur\/\"]}]},{\"@type\":\"BreadcrumbList\",\"@id\":\"https:\/\/birlikdayanisma.com\/v3\/2010\/04\/tekel-iscileri-degil-ankara-valiligi-sucludur\/#breadcrumb\",\"itemListElement\":[{\"@type\":\"ListItem\",\"position\":1,\"name\":\"Ana sayfa\",\"item\":\"https:\/\/birlikdayanisma.com\/v3\/\"},{\"@type\":\"ListItem\",\"position\":2,\"name\":\"TEKEL i\u015f\u00e7ileri de\u011fil, Ankara Valili\u011fi su\u00e7ludur!\"}]},{\"@type\":\"WebSite\",\"@id\":\"https:\/\/birlikdayanisma.com\/v3\/#website\",\"url\":\"https:\/\/birlikdayanisma.com\/v3\/\",\"name\":\"Birlik Dayan\u0131\u015fma Hareketi\",\"description\":\"\",\"publisher\":{\"@id\":\"https:\/\/birlikdayanisma.com\/v3\/#organization\"},\"potentialAction\":[{\"@type\":\"SearchAction\",\"target\":{\"@type\":\"EntryPoint\",\"urlTemplate\":\"https:\/\/birlikdayanisma.com\/v3\/?s={search_term_string}\"},\"query-input\":{\"@type\":\"PropertyValueSpecification\",\"valueRequired\":true,\"valueName\":\"search_term_string\"}}],\"inLanguage\":\"tr\"},{\"@type\":\"Organization\",\"@id\":\"https:\/\/birlikdayanisma.com\/v3\/#organization\",\"name\":\"Birlik Dayan\u0131\u015fma Hareketi\",\"url\":\"https:\/\/birlikdayanisma.com\/v3\/\",\"logo\":{\"@type\":\"ImageObject\",\"inLanguage\":\"tr\",\"@id\":\"https:\/\/birlikdayanisma.com\/v3\/#\/schema\/logo\/image\/\",\"url\":\"https:\/\/birlikdayanisma.com\/v3\/wp-content\/uploads\/bdh_logo_2016.png\",\"contentUrl\":\"https:\/\/birlikdayanisma.com\/v3\/wp-content\/uploads\/bdh_logo_2016.png\",\"width\":468,\"height\":60,\"caption\":\"Birlik Dayan\u0131\u015fma Hareketi\"},\"image\":{\"@id\":\"https:\/\/birlikdayanisma.com\/v3\/#\/schema\/logo\/image\/\"}},{\"@type\":\"Person\",\"@id\":\"https:\/\/birlikdayanisma.com\/v3\/#\/schema\/person\/2fd4a0bf332f1634d637e73cafde5aff\",\"name\":\"root\",\"image\":{\"@type\":\"ImageObject\",\"inLanguage\":\"tr\",\"@id\":\"https:\/\/birlikdayanisma.com\/v3\/#\/schema\/person\/image\/\",\"url\":\"https:\/\/secure.gravatar.com\/avatar\/d112a0f70b7f65f990d41bcb2260b0d5?s=96&d=mm&r=g\",\"contentUrl\":\"https:\/\/secure.gravatar.com\/avatar\/d112a0f70b7f65f990d41bcb2260b0d5?s=96&d=mm&r=g\",\"caption\":\"root\"},\"url\":\"https:\/\/birlikdayanisma.com\/v3\/author\/root\/\"}]}<\/script>\n<!-- \/ Yoast SEO plugin. -->","yoast_head_json":{"title":"TEKEL i\u015f\u00e7ileri de\u011fil, Ankara Valili\u011fi su\u00e7ludur! &#8211; Birlik Dayan\u0131\u015fma Hareketi","description":"Ankara Valili\u011fi; 78 g\u00fcn boyunca g\u00fcvenceli \u00e7al\u0131\u015fma ko\u015fullar\u0131 i\u00e7in T\u00dcRK-\u0130\u015e'in \u00f6n\u00fcn\u00fc direni\u015f caddesine \u00e7eviren TEKEL i\u015f\u00e7ilerine\u00a0 ve sendika y\u00f6neticilerine 6","robots":{"index":"index","follow":"follow","max-snippet":"max-snippet:-1","max-image-preview":"max-image-preview:large","max-video-preview":"max-video-preview:-1"},"canonical":"https:\/\/birlikdayanisma.com\/v3\/2010\/04\/tekel-iscileri-degil-ankara-valiligi-sucludur\/","og_locale":"tr_TR","og_type":"article","og_title":"TEKEL i\u015f\u00e7ileri de\u011fil, Ankara Valili\u011fi su\u00e7ludur! &#8211; Birlik Dayan\u0131\u015fma Hareketi","og_description":"Ankara Valili\u011fi; 78 g\u00fcn boyunca g\u00fcvenceli \u00e7al\u0131\u015fma ko\u015fullar\u0131 i\u00e7in T\u00dcRK-\u0130\u015e'in \u00f6n\u00fcn\u00fc direni\u015f caddesine \u00e7eviren TEKEL i\u015f\u00e7ilerine\u00a0 ve sendika y\u00f6neticilerine 6","og_url":"https:\/\/birlikdayanisma.com\/v3\/2010\/04\/tekel-iscileri-degil-ankara-valiligi-sucludur\/","og_site_name":"Birlik Dayan\u0131\u015fma Hareketi","article_published_time":"2010-04-08T13:28:10+00:00","author":"root","twitter_card":"summary_large_image","twitter_misc":{"Yazan:":"root","Tahmini okuma s\u00fcresi":"2 dakika"},"schema":{"@context":"https:\/\/schema.org","@graph":[{"@type":"Article","@id":"https:\/\/birlikdayanisma.com\/v3\/2010\/04\/tekel-iscileri-degil-ankara-valiligi-sucludur\/#article","isPartOf":{"@id":"https:\/\/birlikdayanisma.com\/v3\/2010\/04\/tekel-iscileri-degil-ankara-valiligi-sucludur\/"},"author":{"name":"root","@id":"https:\/\/birlikdayanisma.com\/v3\/#\/schema\/person\/2fd4a0bf332f1634d637e73cafde5aff"},"headline":"TEKEL i\u015f\u00e7ileri de\u011fil, Ankara Valili\u011fi su\u00e7ludur!","datePublished":"2010-04-08T13:28:10+00:00","mainEntityOfPage":{"@id":"https:\/\/birlikdayanisma.com\/v3\/2010\/04\/tekel-iscileri-degil-ankara-valiligi-sucludur\/"},"wordCount":487,"publisher":{"@id":"https:\/\/birlikdayanisma.com\/v3\/#organization"},"keywords":["Bdh","Tekel"],"articleSection":["T\u00fcrkiyeden"],"inLanguage":"tr"},{"@type":"WebPage","@id":"https:\/\/birlikdayanisma.com\/v3\/2010\/04\/tekel-iscileri-degil-ankara-valiligi-sucludur\/","url":"https:\/\/birlikdayanisma.com\/v3\/2010\/04\/tekel-iscileri-degil-ankara-valiligi-sucludur\/","name":"TEKEL i\u015f\u00e7ileri de\u011fil, Ankara Valili\u011fi su\u00e7ludur! &#8211; Birlik Dayan\u0131\u015fma Hareketi","isPartOf":{"@id":"https:\/\/birlikdayanisma.com\/v3\/#website"},"datePublished":"2010-04-08T13:28:10+00:00","description":"Ankara Valili\u011fi; 78 g\u00fcn boyunca g\u00fcvenceli \u00e7al\u0131\u015fma ko\u015fullar\u0131 i\u00e7in T\u00dcRK-\u0130\u015e'in \u00f6n\u00fcn\u00fc direni\u015f caddesine \u00e7eviren TEKEL i\u015f\u00e7ilerine\u00a0 ve sendika y\u00f6neticilerine 6","breadcrumb":{"@id":"https:\/\/birlikdayanisma.com\/v3\/2010\/04\/tekel-iscileri-degil-ankara-valiligi-sucludur\/#breadcrumb"},"inLanguage":"tr","potentialAction":[{"@type":"ReadAction","target":["https:\/\/birlikdayanisma.com\/v3\/2010\/04\/tekel-iscileri-degil-ankara-valiligi-sucludur\/"]}]},{"@type":"BreadcrumbList","@id":"https:\/\/birlikdayanisma.com\/v3\/2010\/04\/tekel-iscileri-degil-ankara-valiligi-sucludur\/#breadcrumb","itemListElement":[{"@type":"ListItem","position":1,"name":"Ana sayfa","item":"https:\/\/birlikdayanisma.com\/v3\/"},{"@type":"ListItem","position":2,"name":"TEKEL i\u015f\u00e7ileri de\u011fil, Ankara Valili\u011fi su\u00e7ludur!"}]},{"@type":"WebSite","@id":"https:\/\/birlikdayanisma.com\/v3\/#website","url":"https:\/\/birlikdayanisma.com\/v3\/","name":"Birlik Dayan\u0131\u015fma Hareketi","description":"","publisher":{"@id":"https:\/\/birlikdayanisma.com\/v3\/#organization"},"potentialAction":[{"@type":"SearchAction","target":{"@type":"EntryPoint","urlTemplate":"https:\/\/birlikdayanisma.com\/v3\/?s={search_term_string}"},"query-input":{"@type":"PropertyValueSpecification","valueRequired":true,"valueName":"search_term_string"}}],"inLanguage":"tr"},{"@type":"Organization","@id":"https:\/\/birlikdayanisma.com\/v3\/#organization","name":"Birlik Dayan\u0131\u015fma Hareketi","url":"https:\/\/birlikdayanisma.com\/v3\/","logo":{"@type":"ImageObject","inLanguage":"tr","@id":"https:\/\/birlikdayanisma.com\/v3\/#\/schema\/logo\/image\/","url":"https:\/\/birlikdayanisma.com\/v3\/wp-content\/uploads\/bdh_logo_2016.png","contentUrl":"https:\/\/birlikdayanisma.com\/v3\/wp-content\/uploads\/bdh_logo_2016.png","width":468,"height":60,"caption":"Birlik Dayan\u0131\u015fma Hareketi"},"image":{"@id":"https:\/\/birlikdayanisma.com\/v3\/#\/schema\/logo\/image\/"}},{"@type":"Person","@id":"https:\/\/birlikdayanisma.com\/v3\/#\/schema\/person\/2fd4a0bf332f1634d637e73cafde5aff","name":"root","image":{"@type":"ImageObject","inLanguage":"tr","@id":"https:\/\/birlikdayanisma.com\/v3\/#\/schema\/person\/image\/","url":"https:\/\/secure.gravatar.com\/avatar\/d112a0f70b7f65f990d41bcb2260b0d5?s=96&d=mm&r=g","contentUrl":"https:\/\/secure.gravatar.com\/avatar\/d112a0f70b7f65f990d41bcb2260b0d5?s=96&d=mm&r=g","caption":"root"},"url":"https:\/\/birlikdayanisma.com\/v3\/author\/root\/"}]}},"_links":{"self":[{"href":"https:\/\/birlikdayanisma.com\/v3\/wp-json\/wp\/v2\/posts\/2151","targetHints":{"allow":["GET"]}}],"collection":[{"href":"https:\/\/birlikdayanisma.com\/v3\/wp-json\/wp\/v2\/posts"}],"about":[{"href":"https:\/\/birlikdayanisma.com\/v3\/wp-json\/wp\/v2\/types\/post"}],"author":[{"embeddable":true,"href":"https:\/\/birlikdayanisma.com\/v3\/wp-json\/wp\/v2\/users\/4"}],"replies":[{"embeddable":true,"href":"https:\/\/birlikdayanisma.com\/v3\/wp-json\/wp\/v2\/comments?post=2151"}],"version-history":[{"count":0,"href":"https:\/\/birlikdayanisma.com\/v3\/wp-json\/wp\/v2\/posts\/2151\/revisions"}],"wp:attachment":[{"href":"https:\/\/birlikdayanisma.com\/v3\/wp-json\/wp\/v2\/media?parent=2151"}],"wp:term":[{"taxonomy":"category","embeddable":true,"href":"https:\/\/birlikdayanisma.com\/v3\/wp-json\/wp\/v2\/categories?post=2151"},{"taxonomy":"post_tag","embeddable":true,"href":"https:\/\/birlikdayanisma.com\/v3\/wp-json\/wp\/v2\/tags?post=2151"}],"curies":[{"name":"wp","href":"https:\/\/api.w.org\/{rel}","templated":true}]}}