{"id":2301,"date":"2010-07-23T10:03:00","date_gmt":"2010-07-23T07:03:00","guid":{"rendered":"http:\/\/birlikdayanisma.com\/v3\/?p=2301"},"modified":"2010-07-23T10:03:00","modified_gmt":"2010-07-23T07:03:00","slug":"kemal-turkler-anildi","status":"publish","type":"post","link":"https:\/\/birlikdayanisma.com\/v3\/2010\/07\/kemal-turkler-anildi\/","title":{"rendered":"Kemal T\u00fcrkler an\u0131ld\u0131!"},"content":{"rendered":"<p>D\u0130SK ve Maden-\u0130\u015f Genel Ba\u015fkan\u0131 Kemal T\u00fcrkler, d\u00fcn (22.07.2010) saat 11.00&#8217;de Topkap\u0131 Mezarl\u0131\u011f\u0131&#8217;nda an\u0131ld\u0131.<br \/>\n<!--more-->Topkap\u0131 Mezarl\u0131\u011f\u0131&#8217;nda ger\u00e7ekle\u015ftirilen anma etkinli\u011finde sendikalar ve demokratik kitle \u00f6rg\u00fctlerinin temsilcileri ile BDH de yer ald\u0131.<br \/>\nAnmada, D\u0130SK Genel Sekreteri Tayfun G\u00f6rg\u00fcn, Kemal T\u00fcrkler&#8217;in k\u0131z\u0131 Nilg\u00fcn Soydan, Birle\u015fik Metal &#8211; \u0130\u015f Ba\u015fkan\u0131 Adnan Serdaro\u011flu ve D\u0130SK Genel Ba\u015fkan\u0131 S\u00fcleyman \u00c7elebi birer konu\u015fma yapt\u0131lar.<br \/>\nNilg\u00fcn Soydan yapt\u0131\u011f\u0131 konu\u015fmada Kemal T\u00fcrkler&#8217;in davas\u0131n\u0131n devlet taraf\u0131ndan zaman a\u015f\u0131m\u0131na u\u011frat\u0131lmak istendi\u011fini s\u00f6yledi. Babas\u0131 \u00f6ld\u00fcr\u00fcld\u00fc\u011f\u00fcnde 18 ya\u015f\u0131nda olan Nilg\u00fcn Soydan davan\u0131n takip\u00e7isi olacaklar\u0131n\u0131 belirtti. D\u0130SK Ba\u015fkan\u0131 S\u00fcleyman \u00c7elebi ise Kemal T\u00fcrkler&#8217;in devlet eliyle \u00f6ld\u00fcr\u00fcld\u00fc\u011f\u00fcn\u00fc vurgulad\u0131 ve 12 Eyl\u00fcl tarihinde yap\u0131lacak anayasa referandumunda \u201chay\u0131r\u201d oyu kullanarak 1980&#8217;de \u00fclkenin \u00fcst\u00fcne \u00e7\u00f6km\u00fc\u015f fa\u015fizmle i\u015f\u00e7i s\u0131n\u0131f\u0131n\u0131n hesapla\u015faca\u011f\u0131n\u0131 s\u00f6yledi. Konu\u015fmalar\u0131n ard\u0131ndan anma sona erdi.<\/p>\n","protected":false},"excerpt":{"rendered":"<p>D\u0130SK ve Maden-\u0130\u015f Genel Ba\u015fkan\u0131 Kemal T\u00fcrkler, d\u00fcn (22.07.2010) saat 11.00&#8217;de Topkap\u0131 Mezarl\u0131\u011f\u0131&#8217;nda an\u0131ld\u0131.<\/p>\n","protected":false},"author":4,"featured_media":0,"comment_status":"closed","ping_status":"open","sticky":false,"template":"","format":"standard","meta":{"_et_pb_use_builder":"","_et_pb_old_content":"","_et_gb_content_width":"","footnotes":""},"categories":[103],"tags":[7,6,5],"class_list":["post-2301","post","type-post","status-publish","format-standard","hentry","category-turkiyeden","tag-anma","tag-bdh","tag-kemal-turkler","et-doesnt-have-format-content","et_post_format-et-post-format-standard"],"yoast_head":"<!-- This site is optimized with the Yoast SEO plugin v26.8 - https:\/\/yoast.com\/product\/yoast-seo-wordpress\/ -->\n<title>Kemal T\u00fcrkler an\u0131ld\u0131! &#8211; Birlik Dayan\u0131\u015fma Hareketi<\/title>\n<meta name=\"description\" content=\"D\u0130SK ve Maden-\u0130\u015f Genel Ba\u015fkan\u0131 Kemal T\u00fcrkler, d\u00fcn (22.07.2010) saat 11.00&#039;de Topkap\u0131 Mezarl\u0131\u011f\u0131&#039;nda an\u0131ld\u0131. Topkap\u0131 Mezarl\u0131\u011f\u0131&#039;nda ger\u00e7ekle\u015ftirilen anma\" \/>\n<meta name=\"robots\" content=\"index, follow, max-snippet:-1, max-image-preview:large, max-video-preview:-1\" \/>\n<link rel=\"canonical\" href=\"https:\/\/birlikdayanisma.com\/v3\/2010\/07\/kemal-turkler-anildi\/\" \/>\n<meta property=\"og:locale\" content=\"tr_TR\" \/>\n<meta property=\"og:type\" content=\"article\" \/>\n<meta property=\"og:title\" content=\"Kemal T\u00fcrkler an\u0131ld\u0131! &#8211; Birlik Dayan\u0131\u015fma Hareketi\" \/>\n<meta property=\"og:description\" content=\"D\u0130SK ve Maden-\u0130\u015f Genel Ba\u015fkan\u0131 Kemal T\u00fcrkler, d\u00fcn (22.07.2010) saat 11.00&#039;de Topkap\u0131 Mezarl\u0131\u011f\u0131&#039;nda an\u0131ld\u0131. Topkap\u0131 Mezarl\u0131\u011f\u0131&#039;nda ger\u00e7ekle\u015ftirilen anma\" \/>\n<meta property=\"og:url\" content=\"https:\/\/birlikdayanisma.com\/v3\/2010\/07\/kemal-turkler-anildi\/\" \/>\n<meta property=\"og:site_name\" content=\"Birlik Dayan\u0131\u015fma Hareketi\" \/>\n<meta property=\"article:published_time\" content=\"2010-07-23T07:03:00+00:00\" \/>\n<meta name=\"author\" content=\"root\" \/>\n<meta name=\"twitter:card\" content=\"summary_large_image\" \/>\n<meta name=\"twitter:label1\" content=\"Yazan:\" \/>\n\t<meta name=\"twitter:data1\" content=\"root\" \/>\n\t<meta name=\"twitter:label2\" content=\"Tahmini okuma s\u00fcresi\" \/>\n\t<meta name=\"twitter:data2\" content=\"1 dakika\" \/>\n<script type=\"application\/ld+json\" class=\"yoast-schema-graph\">{\"@context\":\"https:\/\/schema.org\",\"@graph\":[{\"@type\":\"Article\",\"@id\":\"https:\/\/birlikdayanisma.com\/v3\/2010\/07\/kemal-turkler-anildi\/#article\",\"isPartOf\":{\"@id\":\"https:\/\/birlikdayanisma.com\/v3\/2010\/07\/kemal-turkler-anildi\/\"},\"author\":{\"name\":\"root\",\"@id\":\"https:\/\/birlikdayanisma.com\/v3\/#\/schema\/person\/2fd4a0bf332f1634d637e73cafde5aff\"},\"headline\":\"Kemal T\u00fcrkler an\u0131ld\u0131!\",\"datePublished\":\"2010-07-23T07:03:00+00:00\",\"mainEntityOfPage\":{\"@id\":\"https:\/\/birlikdayanisma.com\/v3\/2010\/07\/kemal-turkler-anildi\/\"},\"wordCount\":189,\"publisher\":{\"@id\":\"https:\/\/birlikdayanisma.com\/v3\/#organization\"},\"keywords\":[\"Anma\",\"Bdh\",\"Kemal T\u00fcrkler\"],\"articleSection\":[\"T\u00fcrkiyeden\"],\"inLanguage\":\"tr\"},{\"@type\":\"WebPage\",\"@id\":\"https:\/\/birlikdayanisma.com\/v3\/2010\/07\/kemal-turkler-anildi\/\",\"url\":\"https:\/\/birlikdayanisma.com\/v3\/2010\/07\/kemal-turkler-anildi\/\",\"name\":\"Kemal T\u00fcrkler an\u0131ld\u0131! &#8211; Birlik Dayan\u0131\u015fma Hareketi\",\"isPartOf\":{\"@id\":\"https:\/\/birlikdayanisma.com\/v3\/#website\"},\"datePublished\":\"2010-07-23T07:03:00+00:00\",\"description\":\"D\u0130SK ve Maden-\u0130\u015f Genel Ba\u015fkan\u0131 Kemal T\u00fcrkler, d\u00fcn (22.07.2010) saat 11.00'de Topkap\u0131 Mezarl\u0131\u011f\u0131'nda an\u0131ld\u0131. Topkap\u0131 Mezarl\u0131\u011f\u0131'nda ger\u00e7ekle\u015ftirilen anma\",\"breadcrumb\":{\"@id\":\"https:\/\/birlikdayanisma.com\/v3\/2010\/07\/kemal-turkler-anildi\/#breadcrumb\"},\"inLanguage\":\"tr\",\"potentialAction\":[{\"@type\":\"ReadAction\",\"target\":[\"https:\/\/birlikdayanisma.com\/v3\/2010\/07\/kemal-turkler-anildi\/\"]}]},{\"@type\":\"BreadcrumbList\",\"@id\":\"https:\/\/birlikdayanisma.com\/v3\/2010\/07\/kemal-turkler-anildi\/#breadcrumb\",\"itemListElement\":[{\"@type\":\"ListItem\",\"position\":1,\"name\":\"Ana sayfa\",\"item\":\"https:\/\/birlikdayanisma.com\/v3\/\"},{\"@type\":\"ListItem\",\"position\":2,\"name\":\"Kemal T\u00fcrkler an\u0131ld\u0131!\"}]},{\"@type\":\"WebSite\",\"@id\":\"https:\/\/birlikdayanisma.com\/v3\/#website\",\"url\":\"https:\/\/birlikdayanisma.com\/v3\/\",\"name\":\"Birlik Dayan\u0131\u015fma Hareketi\",\"description\":\"\",\"publisher\":{\"@id\":\"https:\/\/birlikdayanisma.com\/v3\/#organization\"},\"potentialAction\":[{\"@type\":\"SearchAction\",\"target\":{\"@type\":\"EntryPoint\",\"urlTemplate\":\"https:\/\/birlikdayanisma.com\/v3\/?s={search_term_string}\"},\"query-input\":{\"@type\":\"PropertyValueSpecification\",\"valueRequired\":true,\"valueName\":\"search_term_string\"}}],\"inLanguage\":\"tr\"},{\"@type\":\"Organization\",\"@id\":\"https:\/\/birlikdayanisma.com\/v3\/#organization\",\"name\":\"Birlik Dayan\u0131\u015fma Hareketi\",\"url\":\"https:\/\/birlikdayanisma.com\/v3\/\",\"logo\":{\"@type\":\"ImageObject\",\"inLanguage\":\"tr\",\"@id\":\"https:\/\/birlikdayanisma.com\/v3\/#\/schema\/logo\/image\/\",\"url\":\"https:\/\/birlikdayanisma.com\/v3\/wp-content\/uploads\/bdh_logo_2016.png\",\"contentUrl\":\"https:\/\/birlikdayanisma.com\/v3\/wp-content\/uploads\/bdh_logo_2016.png\",\"width\":468,\"height\":60,\"caption\":\"Birlik Dayan\u0131\u015fma Hareketi\"},\"image\":{\"@id\":\"https:\/\/birlikdayanisma.com\/v3\/#\/schema\/logo\/image\/\"}},{\"@type\":\"Person\",\"@id\":\"https:\/\/birlikdayanisma.com\/v3\/#\/schema\/person\/2fd4a0bf332f1634d637e73cafde5aff\",\"name\":\"root\",\"image\":{\"@type\":\"ImageObject\",\"inLanguage\":\"tr\",\"@id\":\"https:\/\/birlikdayanisma.com\/v3\/#\/schema\/person\/image\/\",\"url\":\"https:\/\/secure.gravatar.com\/avatar\/d112a0f70b7f65f990d41bcb2260b0d5?s=96&d=mm&r=g\",\"contentUrl\":\"https:\/\/secure.gravatar.com\/avatar\/d112a0f70b7f65f990d41bcb2260b0d5?s=96&d=mm&r=g\",\"caption\":\"root\"},\"url\":\"https:\/\/birlikdayanisma.com\/v3\/author\/root\/\"}]}<\/script>\n<!-- \/ Yoast SEO plugin. -->","yoast_head_json":{"title":"Kemal T\u00fcrkler an\u0131ld\u0131! &#8211; Birlik Dayan\u0131\u015fma Hareketi","description":"D\u0130SK ve Maden-\u0130\u015f Genel Ba\u015fkan\u0131 Kemal T\u00fcrkler, d\u00fcn (22.07.2010) saat 11.00'de Topkap\u0131 Mezarl\u0131\u011f\u0131'nda an\u0131ld\u0131. Topkap\u0131 Mezarl\u0131\u011f\u0131'nda ger\u00e7ekle\u015ftirilen anma","robots":{"index":"index","follow":"follow","max-snippet":"max-snippet:-1","max-image-preview":"max-image-preview:large","max-video-preview":"max-video-preview:-1"},"canonical":"https:\/\/birlikdayanisma.com\/v3\/2010\/07\/kemal-turkler-anildi\/","og_locale":"tr_TR","og_type":"article","og_title":"Kemal T\u00fcrkler an\u0131ld\u0131! &#8211; Birlik Dayan\u0131\u015fma Hareketi","og_description":"D\u0130SK ve Maden-\u0130\u015f Genel Ba\u015fkan\u0131 Kemal T\u00fcrkler, d\u00fcn (22.07.2010) saat 11.00'de Topkap\u0131 Mezarl\u0131\u011f\u0131'nda an\u0131ld\u0131. Topkap\u0131 Mezarl\u0131\u011f\u0131'nda ger\u00e7ekle\u015ftirilen anma","og_url":"https:\/\/birlikdayanisma.com\/v3\/2010\/07\/kemal-turkler-anildi\/","og_site_name":"Birlik Dayan\u0131\u015fma Hareketi","article_published_time":"2010-07-23T07:03:00+00:00","author":"root","twitter_card":"summary_large_image","twitter_misc":{"Yazan:":"root","Tahmini okuma s\u00fcresi":"1 dakika"},"schema":{"@context":"https:\/\/schema.org","@graph":[{"@type":"Article","@id":"https:\/\/birlikdayanisma.com\/v3\/2010\/07\/kemal-turkler-anildi\/#article","isPartOf":{"@id":"https:\/\/birlikdayanisma.com\/v3\/2010\/07\/kemal-turkler-anildi\/"},"author":{"name":"root","@id":"https:\/\/birlikdayanisma.com\/v3\/#\/schema\/person\/2fd4a0bf332f1634d637e73cafde5aff"},"headline":"Kemal T\u00fcrkler an\u0131ld\u0131!","datePublished":"2010-07-23T07:03:00+00:00","mainEntityOfPage":{"@id":"https:\/\/birlikdayanisma.com\/v3\/2010\/07\/kemal-turkler-anildi\/"},"wordCount":189,"publisher":{"@id":"https:\/\/birlikdayanisma.com\/v3\/#organization"},"keywords":["Anma","Bdh","Kemal T\u00fcrkler"],"articleSection":["T\u00fcrkiyeden"],"inLanguage":"tr"},{"@type":"WebPage","@id":"https:\/\/birlikdayanisma.com\/v3\/2010\/07\/kemal-turkler-anildi\/","url":"https:\/\/birlikdayanisma.com\/v3\/2010\/07\/kemal-turkler-anildi\/","name":"Kemal T\u00fcrkler an\u0131ld\u0131! &#8211; Birlik Dayan\u0131\u015fma Hareketi","isPartOf":{"@id":"https:\/\/birlikdayanisma.com\/v3\/#website"},"datePublished":"2010-07-23T07:03:00+00:00","description":"D\u0130SK ve Maden-\u0130\u015f Genel Ba\u015fkan\u0131 Kemal T\u00fcrkler, d\u00fcn (22.07.2010) saat 11.00'de Topkap\u0131 Mezarl\u0131\u011f\u0131'nda an\u0131ld\u0131. Topkap\u0131 Mezarl\u0131\u011f\u0131'nda ger\u00e7ekle\u015ftirilen anma","breadcrumb":{"@id":"https:\/\/birlikdayanisma.com\/v3\/2010\/07\/kemal-turkler-anildi\/#breadcrumb"},"inLanguage":"tr","potentialAction":[{"@type":"ReadAction","target":["https:\/\/birlikdayanisma.com\/v3\/2010\/07\/kemal-turkler-anildi\/"]}]},{"@type":"BreadcrumbList","@id":"https:\/\/birlikdayanisma.com\/v3\/2010\/07\/kemal-turkler-anildi\/#breadcrumb","itemListElement":[{"@type":"ListItem","position":1,"name":"Ana sayfa","item":"https:\/\/birlikdayanisma.com\/v3\/"},{"@type":"ListItem","position":2,"name":"Kemal T\u00fcrkler an\u0131ld\u0131!"}]},{"@type":"WebSite","@id":"https:\/\/birlikdayanisma.com\/v3\/#website","url":"https:\/\/birlikdayanisma.com\/v3\/","name":"Birlik Dayan\u0131\u015fma Hareketi","description":"","publisher":{"@id":"https:\/\/birlikdayanisma.com\/v3\/#organization"},"potentialAction":[{"@type":"SearchAction","target":{"@type":"EntryPoint","urlTemplate":"https:\/\/birlikdayanisma.com\/v3\/?s={search_term_string}"},"query-input":{"@type":"PropertyValueSpecification","valueRequired":true,"valueName":"search_term_string"}}],"inLanguage":"tr"},{"@type":"Organization","@id":"https:\/\/birlikdayanisma.com\/v3\/#organization","name":"Birlik Dayan\u0131\u015fma Hareketi","url":"https:\/\/birlikdayanisma.com\/v3\/","logo":{"@type":"ImageObject","inLanguage":"tr","@id":"https:\/\/birlikdayanisma.com\/v3\/#\/schema\/logo\/image\/","url":"https:\/\/birlikdayanisma.com\/v3\/wp-content\/uploads\/bdh_logo_2016.png","contentUrl":"https:\/\/birlikdayanisma.com\/v3\/wp-content\/uploads\/bdh_logo_2016.png","width":468,"height":60,"caption":"Birlik Dayan\u0131\u015fma Hareketi"},"image":{"@id":"https:\/\/birlikdayanisma.com\/v3\/#\/schema\/logo\/image\/"}},{"@type":"Person","@id":"https:\/\/birlikdayanisma.com\/v3\/#\/schema\/person\/2fd4a0bf332f1634d637e73cafde5aff","name":"root","image":{"@type":"ImageObject","inLanguage":"tr","@id":"https:\/\/birlikdayanisma.com\/v3\/#\/schema\/person\/image\/","url":"https:\/\/secure.gravatar.com\/avatar\/d112a0f70b7f65f990d41bcb2260b0d5?s=96&d=mm&r=g","contentUrl":"https:\/\/secure.gravatar.com\/avatar\/d112a0f70b7f65f990d41bcb2260b0d5?s=96&d=mm&r=g","caption":"root"},"url":"https:\/\/birlikdayanisma.com\/v3\/author\/root\/"}]}},"_links":{"self":[{"href":"https:\/\/birlikdayanisma.com\/v3\/wp-json\/wp\/v2\/posts\/2301","targetHints":{"allow":["GET"]}}],"collection":[{"href":"https:\/\/birlikdayanisma.com\/v3\/wp-json\/wp\/v2\/posts"}],"about":[{"href":"https:\/\/birlikdayanisma.com\/v3\/wp-json\/wp\/v2\/types\/post"}],"author":[{"embeddable":true,"href":"https:\/\/birlikdayanisma.com\/v3\/wp-json\/wp\/v2\/users\/4"}],"replies":[{"embeddable":true,"href":"https:\/\/birlikdayanisma.com\/v3\/wp-json\/wp\/v2\/comments?post=2301"}],"version-history":[{"count":0,"href":"https:\/\/birlikdayanisma.com\/v3\/wp-json\/wp\/v2\/posts\/2301\/revisions"}],"wp:attachment":[{"href":"https:\/\/birlikdayanisma.com\/v3\/wp-json\/wp\/v2\/media?parent=2301"}],"wp:term":[{"taxonomy":"category","embeddable":true,"href":"https:\/\/birlikdayanisma.com\/v3\/wp-json\/wp\/v2\/categories?post=2301"},{"taxonomy":"post_tag","embeddable":true,"href":"https:\/\/birlikdayanisma.com\/v3\/wp-json\/wp\/v2\/tags?post=2301"}],"curies":[{"name":"wp","href":"https:\/\/api.w.org\/{rel}","templated":true}]}}