{"id":2317,"date":"2010-09-03T20:39:44","date_gmt":"2010-09-03T17:39:44","guid":{"rendered":"http:\/\/birlikdayanisma.com\/v3\/?p=2317"},"modified":"2010-09-03T20:39:44","modified_gmt":"2010-09-03T17:39:44","slug":"tartisamayan-hayirboykot-cephesi-erhan-kaplan","status":"publish","type":"post","link":"https:\/\/birlikdayanisma.com\/v3\/2010\/09\/tartisamayan-hayirboykot-cephesi-erhan-kaplan\/","title":{"rendered":"Tart\u0131\u015famayan Hay\u0131r\/Boykot Cephesi-Erhan KAPLAN"},"content":{"rendered":"<p><!-- \t\t@page { margin: 2cm } \t\tP { margin-bottom: 0.21cm } -->AKP&#8217;nin haz\u0131rlad\u0131\u011f\u0131 Anayasa metnini yak\u0131nda referandumda oylayaca\u011f\u0131z. Parlamentodaki dengeler mevcut haliyle kal\u0131rsa, benzer referandumlara giderek al\u0131\u015fmam\u0131z gerekecek. Ama, bir yandan referandumlara al\u0131\u015f\u0131rken, \u00f6te yandan b\u00fcnyemizin al\u0131\u015fk\u0131n olmad\u0131\u011f\u0131 tepkiler de vermemek gerekiyor.<\/p>\n<p><!--more-->AKP&#8217;nin Meclisteki \u00e7o\u011funlu\u011funa dayanarak yapt\u0131\u011f\u0131 de\u011fi\u015fikliklerin Anayasa Mahkemesi\u2019nce kimi r\u00f6tu\u015flarla onaylanmas\u0131n\u0131n ard\u0131ndan, toplumda \u201cEvet\u201d mi \u201cHay\u0131r\u201d m\u0131 sorusu etraf\u0131nda bir k\u00fcmelenme olmu\u015ftu. Sendikalar, odalar, i\u015fveren \u00f6rg\u00fctleri, Meclis i\u00e7i\/d\u0131\u015f\u0131 muhalefet tav\u0131rlar\u0131n\u0131 a\u00e7\u0131klad\u0131lar. Maddeler \u00f6\u011frenildik\u00e7e daha net vurgularla pozisyon belirtilir oldu. Tutum almayanlar ise Ba\u015fbakan taraf\u0131ndan kibarca tehdit edilip bir an \u00f6nce Evet y\u00f6n\u00fcnde beyanda bulunmaya \u00e7a\u011fr\u0131ld\u0131lar.<\/p>\n<p>Benim derdim, yukar\u0131da say\u0131lan kesimlerin i\u00e7inde yer ald\u0131klar\u0131 cephe&#8217;lere dair de\u011fil; bu cephe&#8217;lerden bakanlar\u0131n kar\u015f\u0131lar\u0131nda g\u00f6rd\u00fckleri \u015fey\u2019le ilgili. S\u00f6ylemleri, burjuva siyasetinin gere\u011fi d\u00fczeysizliklerle bezenmi\u015f \u201cb\u00fcy\u00fck\u201d partileri kast etmiyorum. \u201c\u015eunu al da git, boy de\u011fil soy, atma Recep atma, bunu s\u00f6yleyen \u015ferefsizdir\u201d gibi \u00f6zl\u00fc s\u00f6zlerle s\u00fcslenen s\u00f6zde siyaset dili \u00e7ok \u015fa\u015f\u0131rt\u0131c\u0131 de\u011fil. As\u0131l \u015fa\u015f\u0131rt\u0131c\u0131 olan \u201csosyalist\u201d saflardakilerin tutumu. \u00d6zellikle bu referandum ba\u011flam\u0131nda sosyalistlerin birbirlerine kar\u015f\u0131 tutumlar\u0131n\u0131n bu denli k\u0131r\u0131c\u0131 olmas\u0131n\u0131 gerektirecek ola\u011fan\u00fcst\u00fc bir de\u011fi\u015fim oldu\u011funu d\u00fc\u015f\u00fcnmedi\u011fim i\u00e7in birbirlerine kar\u015f\u0131 d\u00fc\u015fmanca hayk\u0131r\u0131\u015flar\u0131n \u00e7ok garip g\u00f6r\u00fcnd\u00fc\u011f\u00fcn\u00fc s\u00f6ylemek isterim.<\/p>\n<p>Bu tespitimi cephelerden Evet ve Hay\u0131r i\u00e7in de\u011fil, \u00f6zellikle ayn\u0131 saflarda olmas\u0131 gereken Hay\u0131r\/Boykot cephesi i\u00e7in dillendiriyorum. \u00c7\u00fcnk\u00fc, bug\u00fcnk\u00fc yasalara g\u00f6re, referandumda sadece \u201cevet\u201d ve \u201chay\u0131r\u201d se\u00e7enekleri vard\u0131r. Durum, siyasi \u201cme\u015fruiyet\u201d a\u00e7\u0131s\u0131ndan de\u011fil, \u201cyasal a\u00e7\u0131dan\u201d b\u00f6yledir. Neticede, referandumun onaylanmas\u0131 sadece \u201ckat\u0131lanlar\u201d \u00fczerinden hesaplanmakta; se\u00e7menlerin bir oran\u0131n alt\u0131nda kalmas\u0131 durumunda referandum h\u00fck\u00fcmlerinin iptali ya da ge\u00e7ersiz say\u0131lmas\u0131 yoluna gidilmemektedir. Bu nedenle, \u201c<em>boykot<\/em>\u201d, \u201c<em>sand\u0131\u011fa gitmeme<\/em>\u201d, \u201c<em>gidip de ge\u00e7ersiz oy kullanma<\/em>\u201d y\u00f6ntemleri vicdani d\u00fczeyde bir anlam ta\u015f\u0131makta, fakat siyaseten etkisiz ve pasif bir yakla\u015f\u0131ma tekab\u00fcl etmektedir. Bunun istisnas\u0131, e\u011fer hedeflenen bir b\u00f6lgede, ezici bir \u00e7o\u011funlu\u011fun sand\u0131klara gitmemesi sa\u011flan\u0131rsa, bug\u00fcn i\u00e7in vicdani bir tutumdan \u00f6te say\u0131lamayacak boykot \u00e7a\u011fr\u0131s\u0131 siyaseten de etkili hale d\u00f6n\u00fc\u015ft\u00fcr\u00fclebilir. Ancak sand\u0131k boykotunun siyasi bir sonuca ula\u015fmas\u0131, t\u00fcm boykot\u00e7ular\u0131n ortak nedenlerle sand\u0131\u011fa gitmedikleri biliniyorsa m\u00fcmk\u00fcnd\u00fcr. Bu da BDP&#8217;nin belediye ba\u015fkanl\u0131klar\u0131n\u0131 elinde tuttu\u011fu ve siyaseten halk nezdinde en etkili yap\u0131 oldu\u011fu b\u00f6lgeler haricinde uygulanmas\u0131 pek m\u00fcmk\u00fcn g\u00f6r\u00fcnmeyen bir siyasi \u00e7a\u011fr\u0131d\u0131r.<\/p>\n<p>Bu nedenle, referandum cephelerinin Evet ve Hay\u0131r olarak kabul edilmesi daha akla yatk\u0131nd\u0131r. Bir yanda AKP ile birlikte Evet diyenler, \u00f6te yanda AKP&#8217;nin (veya ona benzer herhangi bir kapitalist partinin) t\u00fcm erki elinde toplamas\u0131na Hay\u0131r diyenler olarak 2 cephe halinde blokla\u015fm\u0131\u015f durumday\u0131z.<\/p>\n<p>Boykot ise ayr\u0131 bir cephe olarak g\u00f6r\u00fclmemelidir. Boykot oylar\u0131, hem sonu\u00e7lara bir etkide bulunmayaca\u011f\u0131, hem de Boykot\u00e7ular\u0131n \u00e7o\u011funlu\u011funun AKP muhalifi olmas\u0131ndan dolay\u0131, siyaseten Hay\u0131r cephesinde say\u0131lmal\u0131d\u0131r.<\/p>\n<p>Burada, t\u00fcm Evet, Hay\u0131r, hatta Boykot yanda\u015flar\u0131n\u0131n ayn\u0131 saiklerle evet, hay\u0131r veya boykot demediklerini de vurgulamam\u0131z gerekiyor. Temel noktalarda benze\u015fen sebepleri alt alta s\u0131ralamalar\u0131na ra\u011fmen \u201csonu\u00e7 olarak\u201d evet, hay\u0131r, boykot yakla\u015f\u0131m\u0131 sergileyen kurumlar var. O nedenle, daha \u00f6nceleri g\u00f6rmeye al\u0131\u015fk\u0131n olmad\u0131\u011f\u0131m\u0131z tutumlar g\u00f6zlenmekte.<\/p>\n<p>CHP ile MHP&#8217;nin AKP kar\u015f\u0131tl\u0131\u011f\u0131nda \u015fa\u015f\u0131lacak bir yan yok. AKP kar\u015f\u0131s\u0131nda yok olmamak i\u00e7in farklar\u0131n\u0131 ortaya koymak mecburiyetindeler. Ama, sermaye egemenli\u011fine kar\u015f\u0131 asla k\u00f6kl\u00fc bir itirazda bulunmayan bu iki partiden MHP&#8217;nin, zaten 12 Eyl\u00fcl yasalar\u0131na dair bir ele\u015ftirisi yoktu. \u201cKendimiz i\u00e7erideyiz, fikrimiz iktidarda\u201d zihniyetinin fa\u015fist cunta anayasas\u0131na hay\u0131r demedi\u011fi de malum. MHP&#8217;nin 12 Eyl\u00fcl yasalar\u0131na kar\u015f\u0131 ideolojik bir itiraz\u0131 olmam\u0131\u015ft\u0131; itirazlar\u0131 \u201caldat\u0131lm\u0131\u015fl\u0131k duygusu ile\u201d ma\u011fdur olan yanda\u015flar\u0131ndan dolay\u0131d\u0131r. 12 Eyl\u00fcl&#8217;de yenilgiye u\u011frayan kom\u00fcnist, devrimci, sol muhalefet ise o d\u00f6nemin \u201cma\u011fduru de\u011fil, muhatab\u0131\u201d oldu\u011fundan asla bu \u015fekilde yak\u0131nmad\u0131.<\/p>\n<p>Dolay\u0131s\u0131yla, AKP&#8217;nin demokrasi talebinde bulunan t\u00fcm kesimleri yok sayarak, tamamen kendi ihtiya\u00e7lar\u0131 \u00e7er\u00e7evesinde \u015fekillendirdi\u011fi anayasa tasla\u011f\u0131na itiraz edenleri Hay\u0131r (art\u0131<em> Boykot<\/em>) cephesi olarak s\u0131n\u0131rlamak m\u00fcmk\u00fcnd\u00fcr. Ancak, tekrar etmek gerekirse, Hay\u0131rc\u0131 cephede yer al\u0131yor g\u00f6r\u00fcnen CHP\/MHP&#8217;nin itirazlar\u0131 ile sosyalistlerin itirazlar\u0131 aras\u0131nda b\u00fcy\u00fck bir u\u00e7urum bulunmaktad\u0131r.<\/p>\n<p>Bu nedenle, yekpare bir Hay\u0131rc\u0131 cephe varm\u0131\u015f\u00e7as\u0131na ele\u015ftiri getiren ve kendilerinin bu muhayyel Hay\u0131rc\u0131 cepheye dahil olmad\u0131\u011f\u0131n\u0131 belirtenler, en hafif tabirle \u201cay\u0131p\u201d etmektedirler.<\/p>\n<p>Sosyalist \u00f6rg\u00fctlerin iddia edilebilecek eksikliklerine ra\u011fmen kendi i\u00e7lerinde demokrasi k\u00fclt\u00fcr\u00fcn\u00fc azami bi\u00e7imde ya\u015fatmaya \u00e7al\u0131\u015ft\u0131klar\u0131 bilinir. B\u00fct\u00fcn faaliyetler se\u00e7imli organlarda tart\u0131\u015f\u0131l\u0131r, e\u011filimler belirlendikten sonra karar haline getirilir. Sosyalist \u00f6rg\u00fctler daha homojen d\u00fc\u015f\u00fcnce kal\u0131plar\u0131na sahip olduklar\u0131ndan ve ilkeli yakla\u015f\u0131m sergileme mecburiyetlerinden dolay\u0131, kritik a\u015famalarda nas\u0131l bir tutum alacaklar\u0131 yakla\u015f\u0131k olarak tahmin edilebilir.<\/p>\n<p>Sosyalistlerin son referandumda benzer bir tart\u0131\u015fma s\u00fcreci ya\u015fad\u0131klar\u0131n\u0131 biliyoruz. Tart\u0131\u015fma, Evet mi Hay\u0131r m\u0131 noktas\u0131nda ya\u015fanmad\u0131. Kimlerin Evet karar\u0131 alabilece\u011fi, aynen Hay\u0131r gibi, sermaye egemenli\u011fine, liberalizme, despotizme kar\u015f\u0131 nas\u0131l bir ideolojik tutum al\u0131nd\u0131\u011f\u0131na ba\u011fl\u0131 olarak \u00f6nceden tahmin edilebildi.<\/p>\n<p>Ne var ki, Hay\u0131r tutumunda bu kez \u00f6ncekilerden farkl\u0131 olarak \u201ctaktik\u201d bir farkl\u0131la\u015fma ya\u015fand\u0131. Sermayenin, aralar\u0131nda n\u00fcanslar bulunan ve emek\u00e7i kesimlere hi\u00e7bir yak\u0131nl\u0131klar\u0131 bulunmayan iki kesimini birden yok sayma (Boykot) ile bug\u00fcn AKP&#8217;de cisimle\u015fen siyasi erki cezaland\u0131rma (Hay\u0131r) aras\u0131nda bir b\u00f6l\u00fcnme oldu. Bu b\u00f6l\u00fcnme sadece farkl\u0131 \u00f6rg\u00fctler aras\u0131nda de\u011fil, ayn\u0131 \u00f6rg\u00fct i\u00e7inde yer alanlar aras\u0131nda da ya\u015fand\u0131. Neticede, ayn\u0131 \u00f6rg\u00fct i\u00e7inde bile Hay\u0131r ve Boykot diyenlerin bulundu\u011fu bir referandum \u00f6ncesindeyiz.<\/p>\n<p>B\u00f6l\u00fcnmeler tarihte ilk kez olmuyor. Ama, fikri ayr\u0131l\u0131klar\u0131n b\u00f6ylesine taktik bir sorunda stratejik ayr\u0131\u015fma d\u00fczeyine \u00e7\u0131kart\u0131l\u0131p derin \u00e7atlaklara yol a\u00e7mas\u0131 da gerekmiyordu. Bu nedenle, Hay\u0131r ve Boykot diyenlerin birbirlerine kar\u015f\u0131 bu denli k\u0131r\u0131c\u0131 olmalar\u0131 \u00e7ok yanl\u0131\u015ft\u0131r, ili\u015fkileri zedeleme tehlikesi i\u00e7ermektedir. Bu anlamda, bir yanda ezilenlerin ve emek\u00e7ilerin boykot cephesi, di\u011fer yanda toplumun t\u00fcm kesimleri hay\u0131r diyor diye birbirine kar\u015f\u0131tm\u0131\u015f\u00e7as\u0131na cepheler olu\u015fturulmas\u0131 anlams\u0131zd\u0131r.<\/p>\n<p>Boykot\u00e7ular a\u00e7\u0131s\u0131ndan, davet edilen emek\u00e7i \u00f6rg\u00fctlerinden D\u0130SK\u2019in ve T\u00fcrk-\u0130\u015f&#8217;e ba\u011fl\u0131 12 muhalif sendikan\u0131n ayn\u0131 g\u00fcnlerde Hay\u0131r \u00e7a\u011fr\u0131s\u0131 yapmas\u0131 Boykotun kapsamay\u0131 ama\u00e7lad\u0131\u011f\u0131 alan\u0131 \u00e7ok daraltt\u0131. \u0130laveten, BDP&#8217;nin Boykot&#8217;u bir pazarl\u0131k unsuru olarak ortaya koymas\u0131 da Boykot&#8217;un g\u00fcc\u00fcn\u00fc iyice yitirmesine yol a\u00e7t\u0131. \u00d6te yandan h\u0131zla olu\u015fturulan sosyalist hay\u0131rc\u0131lar\u0131n da boykot\u00e7ular\u0131n ne kadar yanl\u0131\u015f yolda olduklar\u0131n\u0131 g\u00f6stermek ad\u0131na kulland\u0131klar\u0131 \u00fcslup da hayra alamet de\u011fil. Yap\u0131c\u0131 de\u011fil.<\/p>\n<p><strong>13 Eyl\u00fcl\u2019de yeni bir T\u00fcrkiye mi<\/strong><\/p>\n<p>T\u00fcm bu nedenlerle, sosyalistlerin yeniden bir \u00fcslup de\u011ferlendirmesinde bulunmalar\u0131n\u0131 gerekli g\u00f6r\u00fcyorum. Sosyalistler aras\u0131nda, hi\u00e7 kimsenin 13 Eyl\u00fcl sabah\u0131nda yepyeni bir d\u00fcnyaya, yepyeni bir T\u00fcrkiye\u2019ye uyanaca\u011f\u0131m\u0131z beklentisinde oldu\u011funu sanm\u0131yorum. Bunu hem Hay\u0131r hem de Evet sonucu i\u00e7in s\u00f6yl\u00fcyorum. Kimi k\u00fc\u00e7\u00fck kazan\u0131m veya kay\u0131plar dolay\u0131s\u0131yla stratejik y\u00f6nelimlerimizin de\u011fi\u015fmeyece\u011fi de malum. Bug\u00fcnk\u00fc Hay\u0131rc\u0131 ve Boykot\u00e7u kesimlerin, \u015fu anda birlikte olduklar\u0131 gruplarla kal\u0131c\u0131 bir cephe olu\u015fturamayacaklar\u0131n\u0131 da g\u00f6z \u00f6n\u00fcne alarak, 13 Eyl\u00fcl sabah\u0131nda tekrardan bir araya gelecek olanlar\u0131n birbirlerinin ge\u00e7ici kararlar\u0131na kar\u015f\u0131 daha yumu\u015fak ve sab\u0131rl\u0131 yakla\u015f\u0131mlar sergilemeleri gerekti\u011fi kanaatindeyim.<\/p>\n<p><strong>Erhan KAPLAN<\/strong><\/p>\n","protected":false},"excerpt":{"rendered":"<p>AKP&#8217;nin haz\u0131rlad\u0131\u011f\u0131 Anayasa metnini yak\u0131nda referandumda oylayaca\u011f\u0131z. Parlamentodaki dengeler mevcut haliyle kal\u0131rsa, benzer referandumlara giderek al\u0131\u015fmam\u0131z gerekecek. Ama, bir yandan referandumlara al\u0131\u015f\u0131rken, \u00f6te yandan b\u00fcnyemizin al\u0131\u015fk\u0131n olmad\u0131\u011f\u0131 tepkiler de vermemek gerekiyor.<\/p>\n","protected":false},"author":4,"featured_media":0,"comment_status":"open","ping_status":"open","sticky":false,"template":"","format":"standard","meta":{"_et_pb_use_builder":"","_et_pb_old_content":"","_et_gb_content_width":"","footnotes":""},"categories":[4],"tags":[52,147],"class_list":["post-2317","post","type-post","status-publish","format-standard","hentry","category-makale","tag-erhan-kaplan","tag-referandum","et-doesnt-have-format-content","et_post_format-et-post-format-standard"],"yoast_head":"<!-- This site is optimized with the Yoast SEO plugin v26.8 - https:\/\/yoast.com\/product\/yoast-seo-wordpress\/ -->\n<title>Tart\u0131\u015famayan Hay\u0131r\/Boykot Cephesi-Erhan KAPLAN &#8211; Birlik Dayan\u0131\u015fma Hareketi<\/title>\n<meta name=\"description\" content=\"AKP&#039;nin haz\u0131rlad\u0131\u011f\u0131 Anayasa metnini yak\u0131nda referandumda oylayaca\u011f\u0131z. Parlamentodaki dengeler mevcut haliyle kal\u0131rsa, benzer referandumlara giderek\" \/>\n<meta name=\"robots\" content=\"index, follow, max-snippet:-1, max-image-preview:large, max-video-preview:-1\" \/>\n<link rel=\"canonical\" href=\"https:\/\/birlikdayanisma.com\/v3\/2010\/09\/tartisamayan-hayirboykot-cephesi-erhan-kaplan\/\" \/>\n<meta property=\"og:locale\" content=\"tr_TR\" \/>\n<meta property=\"og:type\" content=\"article\" \/>\n<meta property=\"og:title\" content=\"Tart\u0131\u015famayan Hay\u0131r\/Boykot Cephesi-Erhan KAPLAN &#8211; Birlik Dayan\u0131\u015fma Hareketi\" \/>\n<meta property=\"og:description\" content=\"AKP&#039;nin haz\u0131rlad\u0131\u011f\u0131 Anayasa metnini yak\u0131nda referandumda oylayaca\u011f\u0131z. Parlamentodaki dengeler mevcut haliyle kal\u0131rsa, benzer referandumlara giderek\" \/>\n<meta property=\"og:url\" content=\"https:\/\/birlikdayanisma.com\/v3\/2010\/09\/tartisamayan-hayirboykot-cephesi-erhan-kaplan\/\" \/>\n<meta property=\"og:site_name\" content=\"Birlik Dayan\u0131\u015fma Hareketi\" \/>\n<meta property=\"article:published_time\" content=\"2010-09-03T17:39:44+00:00\" \/>\n<meta name=\"author\" content=\"root\" \/>\n<meta name=\"twitter:card\" content=\"summary_large_image\" \/>\n<meta name=\"twitter:label1\" content=\"Yazan:\" \/>\n\t<meta name=\"twitter:data1\" content=\"root\" \/>\n\t<meta name=\"twitter:label2\" content=\"Tahmini okuma s\u00fcresi\" \/>\n\t<meta name=\"twitter:data2\" content=\"7 dakika\" \/>\n<script type=\"application\/ld+json\" class=\"yoast-schema-graph\">{\"@context\":\"https:\/\/schema.org\",\"@graph\":[{\"@type\":\"Article\",\"@id\":\"https:\/\/birlikdayanisma.com\/v3\/2010\/09\/tartisamayan-hayirboykot-cephesi-erhan-kaplan\/#article\",\"isPartOf\":{\"@id\":\"https:\/\/birlikdayanisma.com\/v3\/2010\/09\/tartisamayan-hayirboykot-cephesi-erhan-kaplan\/\"},\"author\":{\"name\":\"root\",\"@id\":\"https:\/\/birlikdayanisma.com\/v3\/#\/schema\/person\/2fd4a0bf332f1634d637e73cafde5aff\"},\"headline\":\"Tart\u0131\u015famayan Hay\u0131r\/Boykot Cephesi-Erhan KAPLAN\",\"datePublished\":\"2010-09-03T17:39:44+00:00\",\"mainEntityOfPage\":{\"@id\":\"https:\/\/birlikdayanisma.com\/v3\/2010\/09\/tartisamayan-hayirboykot-cephesi-erhan-kaplan\/\"},\"wordCount\":1422,\"commentCount\":0,\"publisher\":{\"@id\":\"https:\/\/birlikdayanisma.com\/v3\/#organization\"},\"keywords\":[\"Erhan Kaplan\",\"Referandum\"],\"articleSection\":[\"Makale\"],\"inLanguage\":\"tr\",\"potentialAction\":[{\"@type\":\"CommentAction\",\"name\":\"Comment\",\"target\":[\"https:\/\/birlikdayanisma.com\/v3\/2010\/09\/tartisamayan-hayirboykot-cephesi-erhan-kaplan\/#respond\"]}]},{\"@type\":\"WebPage\",\"@id\":\"https:\/\/birlikdayanisma.com\/v3\/2010\/09\/tartisamayan-hayirboykot-cephesi-erhan-kaplan\/\",\"url\":\"https:\/\/birlikdayanisma.com\/v3\/2010\/09\/tartisamayan-hayirboykot-cephesi-erhan-kaplan\/\",\"name\":\"Tart\u0131\u015famayan Hay\u0131r\/Boykot Cephesi-Erhan KAPLAN &#8211; Birlik Dayan\u0131\u015fma Hareketi\",\"isPartOf\":{\"@id\":\"https:\/\/birlikdayanisma.com\/v3\/#website\"},\"datePublished\":\"2010-09-03T17:39:44+00:00\",\"description\":\"AKP'nin haz\u0131rlad\u0131\u011f\u0131 Anayasa metnini yak\u0131nda referandumda oylayaca\u011f\u0131z. Parlamentodaki dengeler mevcut haliyle kal\u0131rsa, benzer referandumlara giderek\",\"breadcrumb\":{\"@id\":\"https:\/\/birlikdayanisma.com\/v3\/2010\/09\/tartisamayan-hayirboykot-cephesi-erhan-kaplan\/#breadcrumb\"},\"inLanguage\":\"tr\",\"potentialAction\":[{\"@type\":\"ReadAction\",\"target\":[\"https:\/\/birlikdayanisma.com\/v3\/2010\/09\/tartisamayan-hayirboykot-cephesi-erhan-kaplan\/\"]}]},{\"@type\":\"BreadcrumbList\",\"@id\":\"https:\/\/birlikdayanisma.com\/v3\/2010\/09\/tartisamayan-hayirboykot-cephesi-erhan-kaplan\/#breadcrumb\",\"itemListElement\":[{\"@type\":\"ListItem\",\"position\":1,\"name\":\"Ana sayfa\",\"item\":\"https:\/\/birlikdayanisma.com\/v3\/\"},{\"@type\":\"ListItem\",\"position\":2,\"name\":\"Tart\u0131\u015famayan Hay\u0131r\/Boykot Cephesi-Erhan KAPLAN\"}]},{\"@type\":\"WebSite\",\"@id\":\"https:\/\/birlikdayanisma.com\/v3\/#website\",\"url\":\"https:\/\/birlikdayanisma.com\/v3\/\",\"name\":\"Birlik Dayan\u0131\u015fma Hareketi\",\"description\":\"\",\"publisher\":{\"@id\":\"https:\/\/birlikdayanisma.com\/v3\/#organization\"},\"potentialAction\":[{\"@type\":\"SearchAction\",\"target\":{\"@type\":\"EntryPoint\",\"urlTemplate\":\"https:\/\/birlikdayanisma.com\/v3\/?s={search_term_string}\"},\"query-input\":{\"@type\":\"PropertyValueSpecification\",\"valueRequired\":true,\"valueName\":\"search_term_string\"}}],\"inLanguage\":\"tr\"},{\"@type\":\"Organization\",\"@id\":\"https:\/\/birlikdayanisma.com\/v3\/#organization\",\"name\":\"Birlik Dayan\u0131\u015fma Hareketi\",\"url\":\"https:\/\/birlikdayanisma.com\/v3\/\",\"logo\":{\"@type\":\"ImageObject\",\"inLanguage\":\"tr\",\"@id\":\"https:\/\/birlikdayanisma.com\/v3\/#\/schema\/logo\/image\/\",\"url\":\"https:\/\/birlikdayanisma.com\/v3\/wp-content\/uploads\/bdh_logo_2016.png\",\"contentUrl\":\"https:\/\/birlikdayanisma.com\/v3\/wp-content\/uploads\/bdh_logo_2016.png\",\"width\":468,\"height\":60,\"caption\":\"Birlik Dayan\u0131\u015fma Hareketi\"},\"image\":{\"@id\":\"https:\/\/birlikdayanisma.com\/v3\/#\/schema\/logo\/image\/\"}},{\"@type\":\"Person\",\"@id\":\"https:\/\/birlikdayanisma.com\/v3\/#\/schema\/person\/2fd4a0bf332f1634d637e73cafde5aff\",\"name\":\"root\",\"image\":{\"@type\":\"ImageObject\",\"inLanguage\":\"tr\",\"@id\":\"https:\/\/birlikdayanisma.com\/v3\/#\/schema\/person\/image\/\",\"url\":\"https:\/\/secure.gravatar.com\/avatar\/d112a0f70b7f65f990d41bcb2260b0d5?s=96&d=mm&r=g\",\"contentUrl\":\"https:\/\/secure.gravatar.com\/avatar\/d112a0f70b7f65f990d41bcb2260b0d5?s=96&d=mm&r=g\",\"caption\":\"root\"},\"url\":\"https:\/\/birlikdayanisma.com\/v3\/author\/root\/\"}]}<\/script>\n<!-- \/ Yoast SEO plugin. -->","yoast_head_json":{"title":"Tart\u0131\u015famayan Hay\u0131r\/Boykot Cephesi-Erhan KAPLAN &#8211; Birlik Dayan\u0131\u015fma Hareketi","description":"AKP'nin haz\u0131rlad\u0131\u011f\u0131 Anayasa metnini yak\u0131nda referandumda oylayaca\u011f\u0131z. Parlamentodaki dengeler mevcut haliyle kal\u0131rsa, benzer referandumlara giderek","robots":{"index":"index","follow":"follow","max-snippet":"max-snippet:-1","max-image-preview":"max-image-preview:large","max-video-preview":"max-video-preview:-1"},"canonical":"https:\/\/birlikdayanisma.com\/v3\/2010\/09\/tartisamayan-hayirboykot-cephesi-erhan-kaplan\/","og_locale":"tr_TR","og_type":"article","og_title":"Tart\u0131\u015famayan Hay\u0131r\/Boykot Cephesi-Erhan KAPLAN &#8211; Birlik Dayan\u0131\u015fma Hareketi","og_description":"AKP'nin haz\u0131rlad\u0131\u011f\u0131 Anayasa metnini yak\u0131nda referandumda oylayaca\u011f\u0131z. Parlamentodaki dengeler mevcut haliyle kal\u0131rsa, benzer referandumlara giderek","og_url":"https:\/\/birlikdayanisma.com\/v3\/2010\/09\/tartisamayan-hayirboykot-cephesi-erhan-kaplan\/","og_site_name":"Birlik Dayan\u0131\u015fma Hareketi","article_published_time":"2010-09-03T17:39:44+00:00","author":"root","twitter_card":"summary_large_image","twitter_misc":{"Yazan:":"root","Tahmini okuma s\u00fcresi":"7 dakika"},"schema":{"@context":"https:\/\/schema.org","@graph":[{"@type":"Article","@id":"https:\/\/birlikdayanisma.com\/v3\/2010\/09\/tartisamayan-hayirboykot-cephesi-erhan-kaplan\/#article","isPartOf":{"@id":"https:\/\/birlikdayanisma.com\/v3\/2010\/09\/tartisamayan-hayirboykot-cephesi-erhan-kaplan\/"},"author":{"name":"root","@id":"https:\/\/birlikdayanisma.com\/v3\/#\/schema\/person\/2fd4a0bf332f1634d637e73cafde5aff"},"headline":"Tart\u0131\u015famayan Hay\u0131r\/Boykot Cephesi-Erhan KAPLAN","datePublished":"2010-09-03T17:39:44+00:00","mainEntityOfPage":{"@id":"https:\/\/birlikdayanisma.com\/v3\/2010\/09\/tartisamayan-hayirboykot-cephesi-erhan-kaplan\/"},"wordCount":1422,"commentCount":0,"publisher":{"@id":"https:\/\/birlikdayanisma.com\/v3\/#organization"},"keywords":["Erhan Kaplan","Referandum"],"articleSection":["Makale"],"inLanguage":"tr","potentialAction":[{"@type":"CommentAction","name":"Comment","target":["https:\/\/birlikdayanisma.com\/v3\/2010\/09\/tartisamayan-hayirboykot-cephesi-erhan-kaplan\/#respond"]}]},{"@type":"WebPage","@id":"https:\/\/birlikdayanisma.com\/v3\/2010\/09\/tartisamayan-hayirboykot-cephesi-erhan-kaplan\/","url":"https:\/\/birlikdayanisma.com\/v3\/2010\/09\/tartisamayan-hayirboykot-cephesi-erhan-kaplan\/","name":"Tart\u0131\u015famayan Hay\u0131r\/Boykot Cephesi-Erhan KAPLAN &#8211; Birlik Dayan\u0131\u015fma Hareketi","isPartOf":{"@id":"https:\/\/birlikdayanisma.com\/v3\/#website"},"datePublished":"2010-09-03T17:39:44+00:00","description":"AKP'nin haz\u0131rlad\u0131\u011f\u0131 Anayasa metnini yak\u0131nda referandumda oylayaca\u011f\u0131z. Parlamentodaki dengeler mevcut haliyle kal\u0131rsa, benzer referandumlara giderek","breadcrumb":{"@id":"https:\/\/birlikdayanisma.com\/v3\/2010\/09\/tartisamayan-hayirboykot-cephesi-erhan-kaplan\/#breadcrumb"},"inLanguage":"tr","potentialAction":[{"@type":"ReadAction","target":["https:\/\/birlikdayanisma.com\/v3\/2010\/09\/tartisamayan-hayirboykot-cephesi-erhan-kaplan\/"]}]},{"@type":"BreadcrumbList","@id":"https:\/\/birlikdayanisma.com\/v3\/2010\/09\/tartisamayan-hayirboykot-cephesi-erhan-kaplan\/#breadcrumb","itemListElement":[{"@type":"ListItem","position":1,"name":"Ana sayfa","item":"https:\/\/birlikdayanisma.com\/v3\/"},{"@type":"ListItem","position":2,"name":"Tart\u0131\u015famayan Hay\u0131r\/Boykot Cephesi-Erhan KAPLAN"}]},{"@type":"WebSite","@id":"https:\/\/birlikdayanisma.com\/v3\/#website","url":"https:\/\/birlikdayanisma.com\/v3\/","name":"Birlik Dayan\u0131\u015fma Hareketi","description":"","publisher":{"@id":"https:\/\/birlikdayanisma.com\/v3\/#organization"},"potentialAction":[{"@type":"SearchAction","target":{"@type":"EntryPoint","urlTemplate":"https:\/\/birlikdayanisma.com\/v3\/?s={search_term_string}"},"query-input":{"@type":"PropertyValueSpecification","valueRequired":true,"valueName":"search_term_string"}}],"inLanguage":"tr"},{"@type":"Organization","@id":"https:\/\/birlikdayanisma.com\/v3\/#organization","name":"Birlik Dayan\u0131\u015fma Hareketi","url":"https:\/\/birlikdayanisma.com\/v3\/","logo":{"@type":"ImageObject","inLanguage":"tr","@id":"https:\/\/birlikdayanisma.com\/v3\/#\/schema\/logo\/image\/","url":"https:\/\/birlikdayanisma.com\/v3\/wp-content\/uploads\/bdh_logo_2016.png","contentUrl":"https:\/\/birlikdayanisma.com\/v3\/wp-content\/uploads\/bdh_logo_2016.png","width":468,"height":60,"caption":"Birlik Dayan\u0131\u015fma Hareketi"},"image":{"@id":"https:\/\/birlikdayanisma.com\/v3\/#\/schema\/logo\/image\/"}},{"@type":"Person","@id":"https:\/\/birlikdayanisma.com\/v3\/#\/schema\/person\/2fd4a0bf332f1634d637e73cafde5aff","name":"root","image":{"@type":"ImageObject","inLanguage":"tr","@id":"https:\/\/birlikdayanisma.com\/v3\/#\/schema\/person\/image\/","url":"https:\/\/secure.gravatar.com\/avatar\/d112a0f70b7f65f990d41bcb2260b0d5?s=96&d=mm&r=g","contentUrl":"https:\/\/secure.gravatar.com\/avatar\/d112a0f70b7f65f990d41bcb2260b0d5?s=96&d=mm&r=g","caption":"root"},"url":"https:\/\/birlikdayanisma.com\/v3\/author\/root\/"}]}},"_links":{"self":[{"href":"https:\/\/birlikdayanisma.com\/v3\/wp-json\/wp\/v2\/posts\/2317","targetHints":{"allow":["GET"]}}],"collection":[{"href":"https:\/\/birlikdayanisma.com\/v3\/wp-json\/wp\/v2\/posts"}],"about":[{"href":"https:\/\/birlikdayanisma.com\/v3\/wp-json\/wp\/v2\/types\/post"}],"author":[{"embeddable":true,"href":"https:\/\/birlikdayanisma.com\/v3\/wp-json\/wp\/v2\/users\/4"}],"replies":[{"embeddable":true,"href":"https:\/\/birlikdayanisma.com\/v3\/wp-json\/wp\/v2\/comments?post=2317"}],"version-history":[{"count":0,"href":"https:\/\/birlikdayanisma.com\/v3\/wp-json\/wp\/v2\/posts\/2317\/revisions"}],"wp:attachment":[{"href":"https:\/\/birlikdayanisma.com\/v3\/wp-json\/wp\/v2\/media?parent=2317"}],"wp:term":[{"taxonomy":"category","embeddable":true,"href":"https:\/\/birlikdayanisma.com\/v3\/wp-json\/wp\/v2\/categories?post=2317"},{"taxonomy":"post_tag","embeddable":true,"href":"https:\/\/birlikdayanisma.com\/v3\/wp-json\/wp\/v2\/tags?post=2317"}],"curies":[{"name":"wp","href":"https:\/\/api.w.org\/{rel}","templated":true}]}}