{"id":2402,"date":"2010-12-02T12:01:58","date_gmt":"2010-12-02T09:01:58","guid":{"rendered":"http:\/\/birlikdayanisma.com\/v3\/?p=2402"},"modified":"2011-04-08T12:57:32","modified_gmt":"2011-04-08T09:57:32","slug":"kemal-turkler-onurumuzdur","status":"publish","type":"post","link":"https:\/\/birlikdayanisma.com\/v3\/2010\/12\/kemal-turkler-onurumuzdur\/","title":{"rendered":"Kemal T\u00fcrkler Onurumuzdur!"},"content":{"rendered":"<p>T\u00fcrkiye i\u015f\u00e7i s\u0131n\u0131f\u0131n\u0131n sendikal \u00f6nderi Kemal T\u00fcrkler, katledili\u015finden 30 y\u0131l sonra bir kez daha katledildi.<\/p>\n<p><!--more-->Ya\u015fam\u0131n\u0131 T\u00fcrkiye i\u015f\u00e7i s\u0131n\u0131f\u0131na ve sendikal m\u00fccadeleye adayan T\u00fcrkler, ya\u015fam\u0131n\u0131 bu u\u011furda feda etti.<\/p>\n<p>Katletme karar\u0131n\u0131n Alpaslan T\u00fcrke\u015f taraf\u0131ndan bizzat verildi\u011fi MHP iddianamelerinde kay\u0131t alt\u0131na al\u0131nmas\u0131na ra\u011fmen dava \u0131srarla zaman a\u015f\u0131m\u0131na u\u011frat\u0131ld\u0131.<\/p>\n<p>Katili, k\u0131z\u0131 taraf\u0131ndan te\u015fhis edilmesine ra\u011fmen mahkemece kabul g\u00f6rmedi, davay\u0131 zaman a\u015f\u0131m\u0131na u\u011fratmak i\u00e7in t\u00fcrl\u00fc ayak oyunlar\u0131 yap\u0131ld\u0131.<\/p>\n<p>T\u00fcrkiye i\u015f\u00e7i s\u0131n\u0131f\u0131n\u0131n ekonomik ve politik hak m\u00fccadelesinde Kemal T\u00fcrkler\u2019e uygulanan y\u00f6ntemler yeni de\u011fildir. S\u0131n\u0131f m\u00fccadelesi s\u00fcrd\u00fck\u00e7e yeni katiller t\u00fcreyecek, yeniden katliamlara u\u011frayaca\u011f\u0131z.<\/p>\n<p>Kemal T\u00fcrkler\u2019i katleden anlay\u0131\u015f, Mara\u015f, \u00c7orum, Sivas katliamlar\u0131n\u0131, 2. D\u00fcnya sava\u015f\u0131nda 20 milyon insan\u0131n katlini ger\u00e7ekle\u015ftiren anlay\u0131\u015ft\u0131r\u2026<\/p>\n<p>Bu anlay\u0131\u015f e\u015fitlik, \u00f6zg\u00fcrl\u00fck ve karde\u015flik ideallerinin d\u00fc\u015fman\u0131d\u0131r\u2026<\/p>\n<p>Bu anlay\u0131\u015f, emek ve demokrasi d\u00fc\u015fman\u0131d\u0131r \u2026<\/p>\n<p>BDH Emek\u00e7ileri olarak, emek ve \u00f6zg\u00fcrl\u00fck d\u00fc\u015fman\u0131 bu anlay\u0131\u015f\u0131n tarihin karanl\u0131k sayfalar\u0131na g\u00f6m\u00fclmesi i\u00e7in s\u00fcrd\u00fcrd\u00fc\u011f\u00fcm\u00fcz s\u0131n\u0131f m\u00fccadelesini ekmek, g\u00fcl ve h\u00fcrriyet g\u00fcnleri gelene kadar s\u00fcrd\u00fcrmeye devam edece\u011fiz\u2026<\/p>\n<p>Davan\u0131n bu noktaya gelmesinde rol alan herkesten i\u015f\u00e7i s\u0131n\u0131f\u0131 ve emek\u00e7i halklar\u0131m\u0131z gereken hesab\u0131 soracakt\u0131r.<\/p>\n<p><strong> Kemal T\u00fcrkler Kavgam\u0131zda Ya\u015f\u0131yor, Ya\u015fayacak\u2026<\/strong><\/p>\n","protected":false},"excerpt":{"rendered":"<p>T\u00fcrkiye i\u015f\u00e7i s\u0131n\u0131f\u0131n\u0131n sendikal \u00f6nderi Kemal T\u00fcrkler, katledili\u015finden 30 y\u0131l sonra bir kez daha katledildi.<\/p>\n","protected":false},"author":4,"featured_media":0,"comment_status":"closed","ping_status":"open","sticky":false,"template":"","format":"standard","meta":{"_et_pb_use_builder":"","_et_pb_old_content":"","_et_gb_content_width":"","footnotes":""},"categories":[103],"tags":[6,5],"class_list":["post-2402","post","type-post","status-publish","format-standard","hentry","category-turkiyeden","tag-bdh","tag-kemal-turkler","et-doesnt-have-format-content","et_post_format-et-post-format-standard"],"yoast_head":"<!-- This site is optimized with the Yoast SEO plugin v26.8 - https:\/\/yoast.com\/product\/yoast-seo-wordpress\/ -->\n<title>Kemal T\u00fcrkler Onurumuzdur! &#8211; Birlik Dayan\u0131\u015fma Hareketi<\/title>\n<meta name=\"description\" content=\"T\u00fcrkiye i\u015f\u00e7i s\u0131n\u0131f\u0131n\u0131n sendikal \u00f6nderi Kemal T\u00fcrkler, katledili\u015finden 30 y\u0131l sonra bir kez daha katledildi. Ya\u015fam\u0131n\u0131 T\u00fcrkiye i\u015f\u00e7i s\u0131n\u0131f\u0131na ve sendikal\" \/>\n<meta name=\"robots\" content=\"index, follow, max-snippet:-1, max-image-preview:large, max-video-preview:-1\" \/>\n<link rel=\"canonical\" href=\"https:\/\/birlikdayanisma.com\/v3\/2010\/12\/kemal-turkler-onurumuzdur\/\" \/>\n<meta property=\"og:locale\" content=\"tr_TR\" \/>\n<meta property=\"og:type\" content=\"article\" \/>\n<meta property=\"og:title\" content=\"Kemal T\u00fcrkler Onurumuzdur! &#8211; Birlik Dayan\u0131\u015fma Hareketi\" \/>\n<meta property=\"og:description\" content=\"T\u00fcrkiye i\u015f\u00e7i s\u0131n\u0131f\u0131n\u0131n sendikal \u00f6nderi Kemal T\u00fcrkler, katledili\u015finden 30 y\u0131l sonra bir kez daha katledildi. Ya\u015fam\u0131n\u0131 T\u00fcrkiye i\u015f\u00e7i s\u0131n\u0131f\u0131na ve sendikal\" \/>\n<meta property=\"og:url\" content=\"https:\/\/birlikdayanisma.com\/v3\/2010\/12\/kemal-turkler-onurumuzdur\/\" \/>\n<meta property=\"og:site_name\" content=\"Birlik Dayan\u0131\u015fma Hareketi\" \/>\n<meta property=\"article:published_time\" content=\"2010-12-02T09:01:58+00:00\" \/>\n<meta property=\"article:modified_time\" content=\"2011-04-08T09:57:32+00:00\" \/>\n<meta name=\"author\" content=\"root\" \/>\n<meta name=\"twitter:card\" content=\"summary_large_image\" \/>\n<meta name=\"twitter:label1\" content=\"Yazan:\" \/>\n\t<meta name=\"twitter:data1\" content=\"root\" \/>\n\t<meta name=\"twitter:label2\" content=\"Tahmini okuma s\u00fcresi\" \/>\n\t<meta name=\"twitter:data2\" content=\"1 dakika\" \/>\n<script type=\"application\/ld+json\" class=\"yoast-schema-graph\">{\"@context\":\"https:\/\/schema.org\",\"@graph\":[{\"@type\":\"Article\",\"@id\":\"https:\/\/birlikdayanisma.com\/v3\/2010\/12\/kemal-turkler-onurumuzdur\/#article\",\"isPartOf\":{\"@id\":\"https:\/\/birlikdayanisma.com\/v3\/2010\/12\/kemal-turkler-onurumuzdur\/\"},\"author\":{\"name\":\"root\",\"@id\":\"https:\/\/birlikdayanisma.com\/v3\/#\/schema\/person\/2fd4a0bf332f1634d637e73cafde5aff\"},\"headline\":\"Kemal T\u00fcrkler Onurumuzdur!\",\"datePublished\":\"2010-12-02T09:01:58+00:00\",\"dateModified\":\"2011-04-08T09:57:32+00:00\",\"mainEntityOfPage\":{\"@id\":\"https:\/\/birlikdayanisma.com\/v3\/2010\/12\/kemal-turkler-onurumuzdur\/\"},\"wordCount\":288,\"publisher\":{\"@id\":\"https:\/\/birlikdayanisma.com\/v3\/#organization\"},\"keywords\":[\"Bdh\",\"Kemal T\u00fcrkler\"],\"articleSection\":[\"T\u00fcrkiyeden\"],\"inLanguage\":\"tr\"},{\"@type\":\"WebPage\",\"@id\":\"https:\/\/birlikdayanisma.com\/v3\/2010\/12\/kemal-turkler-onurumuzdur\/\",\"url\":\"https:\/\/birlikdayanisma.com\/v3\/2010\/12\/kemal-turkler-onurumuzdur\/\",\"name\":\"Kemal T\u00fcrkler Onurumuzdur! &#8211; Birlik Dayan\u0131\u015fma Hareketi\",\"isPartOf\":{\"@id\":\"https:\/\/birlikdayanisma.com\/v3\/#website\"},\"datePublished\":\"2010-12-02T09:01:58+00:00\",\"dateModified\":\"2011-04-08T09:57:32+00:00\",\"description\":\"T\u00fcrkiye i\u015f\u00e7i s\u0131n\u0131f\u0131n\u0131n sendikal \u00f6nderi Kemal T\u00fcrkler, katledili\u015finden 30 y\u0131l sonra bir kez daha katledildi. Ya\u015fam\u0131n\u0131 T\u00fcrkiye i\u015f\u00e7i s\u0131n\u0131f\u0131na ve sendikal\",\"breadcrumb\":{\"@id\":\"https:\/\/birlikdayanisma.com\/v3\/2010\/12\/kemal-turkler-onurumuzdur\/#breadcrumb\"},\"inLanguage\":\"tr\",\"potentialAction\":[{\"@type\":\"ReadAction\",\"target\":[\"https:\/\/birlikdayanisma.com\/v3\/2010\/12\/kemal-turkler-onurumuzdur\/\"]}]},{\"@type\":\"BreadcrumbList\",\"@id\":\"https:\/\/birlikdayanisma.com\/v3\/2010\/12\/kemal-turkler-onurumuzdur\/#breadcrumb\",\"itemListElement\":[{\"@type\":\"ListItem\",\"position\":1,\"name\":\"Ana sayfa\",\"item\":\"https:\/\/birlikdayanisma.com\/v3\/\"},{\"@type\":\"ListItem\",\"position\":2,\"name\":\"Kemal T\u00fcrkler Onurumuzdur!\"}]},{\"@type\":\"WebSite\",\"@id\":\"https:\/\/birlikdayanisma.com\/v3\/#website\",\"url\":\"https:\/\/birlikdayanisma.com\/v3\/\",\"name\":\"Birlik Dayan\u0131\u015fma Hareketi\",\"description\":\"\",\"publisher\":{\"@id\":\"https:\/\/birlikdayanisma.com\/v3\/#organization\"},\"potentialAction\":[{\"@type\":\"SearchAction\",\"target\":{\"@type\":\"EntryPoint\",\"urlTemplate\":\"https:\/\/birlikdayanisma.com\/v3\/?s={search_term_string}\"},\"query-input\":{\"@type\":\"PropertyValueSpecification\",\"valueRequired\":true,\"valueName\":\"search_term_string\"}}],\"inLanguage\":\"tr\"},{\"@type\":\"Organization\",\"@id\":\"https:\/\/birlikdayanisma.com\/v3\/#organization\",\"name\":\"Birlik Dayan\u0131\u015fma Hareketi\",\"url\":\"https:\/\/birlikdayanisma.com\/v3\/\",\"logo\":{\"@type\":\"ImageObject\",\"inLanguage\":\"tr\",\"@id\":\"https:\/\/birlikdayanisma.com\/v3\/#\/schema\/logo\/image\/\",\"url\":\"https:\/\/birlikdayanisma.com\/v3\/wp-content\/uploads\/bdh_logo_2016.png\",\"contentUrl\":\"https:\/\/birlikdayanisma.com\/v3\/wp-content\/uploads\/bdh_logo_2016.png\",\"width\":468,\"height\":60,\"caption\":\"Birlik Dayan\u0131\u015fma Hareketi\"},\"image\":{\"@id\":\"https:\/\/birlikdayanisma.com\/v3\/#\/schema\/logo\/image\/\"}},{\"@type\":\"Person\",\"@id\":\"https:\/\/birlikdayanisma.com\/v3\/#\/schema\/person\/2fd4a0bf332f1634d637e73cafde5aff\",\"name\":\"root\",\"image\":{\"@type\":\"ImageObject\",\"inLanguage\":\"tr\",\"@id\":\"https:\/\/birlikdayanisma.com\/v3\/#\/schema\/person\/image\/\",\"url\":\"https:\/\/secure.gravatar.com\/avatar\/d112a0f70b7f65f990d41bcb2260b0d5?s=96&d=mm&r=g\",\"contentUrl\":\"https:\/\/secure.gravatar.com\/avatar\/d112a0f70b7f65f990d41bcb2260b0d5?s=96&d=mm&r=g\",\"caption\":\"root\"},\"url\":\"https:\/\/birlikdayanisma.com\/v3\/author\/root\/\"}]}<\/script>\n<!-- \/ Yoast SEO plugin. -->","yoast_head_json":{"title":"Kemal T\u00fcrkler Onurumuzdur! &#8211; Birlik Dayan\u0131\u015fma Hareketi","description":"T\u00fcrkiye i\u015f\u00e7i s\u0131n\u0131f\u0131n\u0131n sendikal \u00f6nderi Kemal T\u00fcrkler, katledili\u015finden 30 y\u0131l sonra bir kez daha katledildi. Ya\u015fam\u0131n\u0131 T\u00fcrkiye i\u015f\u00e7i s\u0131n\u0131f\u0131na ve sendikal","robots":{"index":"index","follow":"follow","max-snippet":"max-snippet:-1","max-image-preview":"max-image-preview:large","max-video-preview":"max-video-preview:-1"},"canonical":"https:\/\/birlikdayanisma.com\/v3\/2010\/12\/kemal-turkler-onurumuzdur\/","og_locale":"tr_TR","og_type":"article","og_title":"Kemal T\u00fcrkler Onurumuzdur! &#8211; Birlik Dayan\u0131\u015fma Hareketi","og_description":"T\u00fcrkiye i\u015f\u00e7i s\u0131n\u0131f\u0131n\u0131n sendikal \u00f6nderi Kemal T\u00fcrkler, katledili\u015finden 30 y\u0131l sonra bir kez daha katledildi. Ya\u015fam\u0131n\u0131 T\u00fcrkiye i\u015f\u00e7i s\u0131n\u0131f\u0131na ve sendikal","og_url":"https:\/\/birlikdayanisma.com\/v3\/2010\/12\/kemal-turkler-onurumuzdur\/","og_site_name":"Birlik Dayan\u0131\u015fma Hareketi","article_published_time":"2010-12-02T09:01:58+00:00","article_modified_time":"2011-04-08T09:57:32+00:00","author":"root","twitter_card":"summary_large_image","twitter_misc":{"Yazan:":"root","Tahmini okuma s\u00fcresi":"1 dakika"},"schema":{"@context":"https:\/\/schema.org","@graph":[{"@type":"Article","@id":"https:\/\/birlikdayanisma.com\/v3\/2010\/12\/kemal-turkler-onurumuzdur\/#article","isPartOf":{"@id":"https:\/\/birlikdayanisma.com\/v3\/2010\/12\/kemal-turkler-onurumuzdur\/"},"author":{"name":"root","@id":"https:\/\/birlikdayanisma.com\/v3\/#\/schema\/person\/2fd4a0bf332f1634d637e73cafde5aff"},"headline":"Kemal T\u00fcrkler Onurumuzdur!","datePublished":"2010-12-02T09:01:58+00:00","dateModified":"2011-04-08T09:57:32+00:00","mainEntityOfPage":{"@id":"https:\/\/birlikdayanisma.com\/v3\/2010\/12\/kemal-turkler-onurumuzdur\/"},"wordCount":288,"publisher":{"@id":"https:\/\/birlikdayanisma.com\/v3\/#organization"},"keywords":["Bdh","Kemal T\u00fcrkler"],"articleSection":["T\u00fcrkiyeden"],"inLanguage":"tr"},{"@type":"WebPage","@id":"https:\/\/birlikdayanisma.com\/v3\/2010\/12\/kemal-turkler-onurumuzdur\/","url":"https:\/\/birlikdayanisma.com\/v3\/2010\/12\/kemal-turkler-onurumuzdur\/","name":"Kemal T\u00fcrkler Onurumuzdur! &#8211; Birlik Dayan\u0131\u015fma Hareketi","isPartOf":{"@id":"https:\/\/birlikdayanisma.com\/v3\/#website"},"datePublished":"2010-12-02T09:01:58+00:00","dateModified":"2011-04-08T09:57:32+00:00","description":"T\u00fcrkiye i\u015f\u00e7i s\u0131n\u0131f\u0131n\u0131n sendikal \u00f6nderi Kemal T\u00fcrkler, katledili\u015finden 30 y\u0131l sonra bir kez daha katledildi. Ya\u015fam\u0131n\u0131 T\u00fcrkiye i\u015f\u00e7i s\u0131n\u0131f\u0131na ve sendikal","breadcrumb":{"@id":"https:\/\/birlikdayanisma.com\/v3\/2010\/12\/kemal-turkler-onurumuzdur\/#breadcrumb"},"inLanguage":"tr","potentialAction":[{"@type":"ReadAction","target":["https:\/\/birlikdayanisma.com\/v3\/2010\/12\/kemal-turkler-onurumuzdur\/"]}]},{"@type":"BreadcrumbList","@id":"https:\/\/birlikdayanisma.com\/v3\/2010\/12\/kemal-turkler-onurumuzdur\/#breadcrumb","itemListElement":[{"@type":"ListItem","position":1,"name":"Ana sayfa","item":"https:\/\/birlikdayanisma.com\/v3\/"},{"@type":"ListItem","position":2,"name":"Kemal T\u00fcrkler Onurumuzdur!"}]},{"@type":"WebSite","@id":"https:\/\/birlikdayanisma.com\/v3\/#website","url":"https:\/\/birlikdayanisma.com\/v3\/","name":"Birlik Dayan\u0131\u015fma Hareketi","description":"","publisher":{"@id":"https:\/\/birlikdayanisma.com\/v3\/#organization"},"potentialAction":[{"@type":"SearchAction","target":{"@type":"EntryPoint","urlTemplate":"https:\/\/birlikdayanisma.com\/v3\/?s={search_term_string}"},"query-input":{"@type":"PropertyValueSpecification","valueRequired":true,"valueName":"search_term_string"}}],"inLanguage":"tr"},{"@type":"Organization","@id":"https:\/\/birlikdayanisma.com\/v3\/#organization","name":"Birlik Dayan\u0131\u015fma Hareketi","url":"https:\/\/birlikdayanisma.com\/v3\/","logo":{"@type":"ImageObject","inLanguage":"tr","@id":"https:\/\/birlikdayanisma.com\/v3\/#\/schema\/logo\/image\/","url":"https:\/\/birlikdayanisma.com\/v3\/wp-content\/uploads\/bdh_logo_2016.png","contentUrl":"https:\/\/birlikdayanisma.com\/v3\/wp-content\/uploads\/bdh_logo_2016.png","width":468,"height":60,"caption":"Birlik Dayan\u0131\u015fma Hareketi"},"image":{"@id":"https:\/\/birlikdayanisma.com\/v3\/#\/schema\/logo\/image\/"}},{"@type":"Person","@id":"https:\/\/birlikdayanisma.com\/v3\/#\/schema\/person\/2fd4a0bf332f1634d637e73cafde5aff","name":"root","image":{"@type":"ImageObject","inLanguage":"tr","@id":"https:\/\/birlikdayanisma.com\/v3\/#\/schema\/person\/image\/","url":"https:\/\/secure.gravatar.com\/avatar\/d112a0f70b7f65f990d41bcb2260b0d5?s=96&d=mm&r=g","contentUrl":"https:\/\/secure.gravatar.com\/avatar\/d112a0f70b7f65f990d41bcb2260b0d5?s=96&d=mm&r=g","caption":"root"},"url":"https:\/\/birlikdayanisma.com\/v3\/author\/root\/"}]}},"_links":{"self":[{"href":"https:\/\/birlikdayanisma.com\/v3\/wp-json\/wp\/v2\/posts\/2402","targetHints":{"allow":["GET"]}}],"collection":[{"href":"https:\/\/birlikdayanisma.com\/v3\/wp-json\/wp\/v2\/posts"}],"about":[{"href":"https:\/\/birlikdayanisma.com\/v3\/wp-json\/wp\/v2\/types\/post"}],"author":[{"embeddable":true,"href":"https:\/\/birlikdayanisma.com\/v3\/wp-json\/wp\/v2\/users\/4"}],"replies":[{"embeddable":true,"href":"https:\/\/birlikdayanisma.com\/v3\/wp-json\/wp\/v2\/comments?post=2402"}],"version-history":[{"count":0,"href":"https:\/\/birlikdayanisma.com\/v3\/wp-json\/wp\/v2\/posts\/2402\/revisions"}],"wp:attachment":[{"href":"https:\/\/birlikdayanisma.com\/v3\/wp-json\/wp\/v2\/media?parent=2402"}],"wp:term":[{"taxonomy":"category","embeddable":true,"href":"https:\/\/birlikdayanisma.com\/v3\/wp-json\/wp\/v2\/categories?post=2402"},{"taxonomy":"post_tag","embeddable":true,"href":"https:\/\/birlikdayanisma.com\/v3\/wp-json\/wp\/v2\/tags?post=2402"}],"curies":[{"name":"wp","href":"https:\/\/api.w.org\/{rel}","templated":true}]}}