{"id":3228,"date":"2012-06-14T23:29:24","date_gmt":"2012-06-14T20:29:24","guid":{"rendered":"http:\/\/birlikdayanisma.com\/v3\/?p=3228"},"modified":"2016-09-18T18:23:27","modified_gmt":"2016-09-18T15:23:27","slug":"5-16-haziranin-ruhuyla-direnen-kazanir","status":"publish","type":"post","link":"https:\/\/birlikdayanisma.com\/v3\/2012\/06\/5-16-haziranin-ruhuyla-direnen-kazanir\/","title":{"rendered":"15-16 Haziran&#8217;\u0131n ruhuyla; direnen kazan\u0131r!"},"content":{"rendered":"<p style=\"text-align: right;\"><a href=\"https:\/\/birlikdayanisma.com\/v3\/wp-content\/uploads\/2009\/06\/15-16haziran.jpg\"><img loading=\"lazy\" decoding=\"async\" class=\"size-medium wp-image-944 alignleft\" src=\"https:\/\/birlikdayanisma.com\/v3\/wp-content\/uploads\/2009\/06\/15-16haziran-300x177.jpg\" alt=\"15-16haziran\" width=\"300\" height=\"177\" srcset=\"https:\/\/birlikdayanisma.com\/v3\/wp-content\/uploads\/2009\/06\/15-16haziran-300x177.jpg 300w, https:\/\/birlikdayanisma.com\/v3\/wp-content\/uploads\/2009\/06\/15-16haziran.jpg 420w\" sizes=\"auto, (max-width: 300px) 100vw, 300px\" \/><\/a>&#8230;D\u00fc\u015f de\u011fil bu hayal de\u011fil he hey be hey<br \/>\nYetmi\u015f bin dev i\u015f\u00e7im kalkt\u0131 y\u00fcr\u00fcd\u00fc!<br \/>\nKoku\u015fmu\u015f d\u00fczene sahip \u00e7\u0131kan\u0131n<br \/>\nAln\u0131n\u0131n \u00e7at\u0131na bakt\u0131 y\u00fcr\u00fcd\u00fc!&#8230;<\/p>\n<p style=\"text-align: left;\">15-16 haziran; b\u00fcy\u00fck i\u015f\u00e7i direni\u015finin 1970&#8217;teki ad\u0131d\u0131r. Binlerce i\u015f\u00e7i \u0130stanbul ve Kocaeli&#8217;de i\u015f b\u0131rak\u0131p il\u00e7elerden merkezlere do\u011fru \u00e7o\u011fala \u00e7o\u011fala y\u00fcr\u00fcm\u00fc\u015ft\u00fcr. Ilk g\u00fcn 70 bin olan diren&#8217;i\u015f\u00e7i say\u0131s\u0131 ikinci g\u00fcn 150 bine ula\u015fm\u0131\u015ft\u0131r. Binlerce i\u015f\u00e7inin y\u00fcr\u00fcy\u00fc\u015fe ge\u00e7mesinin sebebi ise sermayenin hizmetkar\u0131 ve temsilcisi olan Demirel h\u00fck\u00fcmetinin \u00e7\u0131karmaya \u00e7al\u0131\u015ft\u0131\u011f\u0131 274 say\u0131l\u0131 Toplu \u0130\u015f S\u00f6zle\u015fmesi, Grev ve Lokavt Yasas\u0131 ile 275 say\u0131l\u0131 Sendikalar Yasas\u0131d\u0131r. \u00c7al\u0131\u015fma ya\u015fam\u0131n\u0131 ve sendikalar\u0131n mevzuat\u0131n\u0131 d\u00fczenleyen bu yasa ile hedeflenen ama\u00e7 ise sendikalar\u0131n mevcut h\u00fck\u00fcmetin\u00a0 dolay\u0131s\u0131 ile sermayenin g\u00fcd\u00fcm\u00fcnde yani &#8220;sar\u0131&#8221; olmas\u0131 buradan hareketle T\u00fcrk-i\u015f&#8217;ten D\u0130SK&#8217;e i\u015f\u00e7i ak\u0131\u015f\u0131n\u0131 \u00f6nlemek ve D\u0130SK&#8217;i fiilen yok etmekti. Burjuvazinin oyununu bilen i\u015f\u00e7iler sendikas\u0131na sahip \u00e7\u0131kt\u0131, y\u00fcr\u00fcd\u00fc ve bu oyunu bozdu.<\/p>\n<p style=\"text-align: left;\">Direni\u015f g\u00fcn\u00fcnde polisin a\u00e7t\u0131\u011f\u0131 ate\u015f sonucunda 5 i\u015f\u00e7i \u00f6ld\u00fc, onlarca ki\u015fi yaraland\u0131, \u00e7ok say\u0131da i\u015f\u00e7i g\u00f6zalt\u0131na al\u0131nd\u0131. 16 haziran ak\u015fam\u0131 s\u0131k\u0131y\u00f6netim ilan edildi. Sonras\u0131nda s\u0131k\u0131y\u00f6netim mahkemelerinde i\u015f\u00e7iler, \u00f6\u011frenciler, sendikac\u0131lar, D\u0130SK y\u00f6neticileri hakk\u0131nda dava a\u00e7\u0131ld\u0131. San\u0131lmas\u0131n ki i\u015f\u00e7i s\u0131n\u0131f\u0131 yenildi, alt edildi! 15-16 haziran direni\u015fi ilk meyvesini i\u015f\u00e7i s\u0131n\u0131f\u0131n\u0131n \u00f6rg\u00fctl\u00fcl\u00fc\u011f\u00fcne, s\u0131n\u0131f sendikac\u0131l\u0131\u011f\u0131na d\u00fc\u015fman olan yasan\u0131n iptali ile verdi. T\u00fcrkiye \u0130\u015f\u00e7i Partisinin ve CHP&#8217;den ba\u011f\u0131ms\u0131z olarak B\u00fclent ECEV\u0130T ve Erdal \u0130N\u00d6N\u00dc&#8217;n\u00fcn anayasa mahkemesine yasan\u0131n iptali i\u00e7in ba\u015fvurusunu g\u00f6r\u00fc\u015fen Anayasa Mahkemesi yasay\u0131 Anayasaya ayk\u0131r\u0131 bularak 8-9 \u015eubat 1972 tarihinde ortadan kald\u0131rd\u0131. Bu b\u00fcy\u00fck i\u015f\u00e7i direni\u015fi bize sendikan\u0131n, \u00f6rg\u00fctlenmenin ne kadar \u00f6nemli oldu\u011funu g\u00f6stermi\u015ftir. 15-16 haziran direni\u015finden \u00e7\u0131karmam\u0131z gereken en \u00f6nemli ders \u015fudur; &#8221;G\u00fcc\u00fcm\u00fcz birli\u011fimizden gelir!&#8221;<\/p>\n<p style=\"text-align: left;\">\u0130\u015f\u00e7i s\u0131n\u0131f\u0131n\u0131n \u00f6rg\u00fctlendi\u011finde neleri de\u011fi\u015ftirebilece\u011fini g\u00f6steren tek direni\u015f bu de\u011fil elbette! Bu direni\u015f T\u00fcrkiye i\u015f\u00e7i s\u0131n\u0131f\u0131 tarihinin en g\u00f6rkemli, en \u00f6rg\u00fctl\u00fc direni\u015fidir ve kazan\u0131mla son bulmu\u015ftur. \u00d6ncesinde Kavel Direni\u015fi vard\u0131r; \u0130\u015fverenin (Emin AKTAR, Vehbi KO\u00c7, Eli BURLA) i\u015f\u00e7ilerin mesai \u00fccretlerini ve y\u0131ll\u0131k ikramiyelerini \u00f6dememesi sebebiyle 1963 y\u0131l\u0131nda 36 g\u00fcn s\u00fcren, toplu s\u00f6zle\u015fme ve grev hakk\u0131n\u0131n nas\u0131l kullan\u0131laca\u011f\u0131na ili\u015fkin bir yasal d\u00fczenleme olmadan ilk kez kullan\u0131ld\u0131\u011f\u0131 direni\u015ftir. Bu direni\u015f \u00fclkemize Sendikalar ile Grev ve Lokavt Kanununu kazand\u0131rm\u0131\u015ft\u0131r. 1968 Derby Lastik Fabrikas\u0131 i\u015fgali vard\u0131r; Lastik-\u0130\u015f \u00fcyesi i\u015f\u00e7iler sendika se\u00e7me \u00f6zg\u00fcrl\u00fc\u011f\u00fcn\u00fc kullanmak i\u00e7in referandum talebiyle bu i\u015fgali ger\u00e7ekle\u015ftirmi\u015f ve demokratik bir y\u00f6ntemle i\u015f\u00e7ilerin kendi iradelerini ortaya koyacak referandumun yap\u0131lmas\u0131n\u0131 sa\u011flam\u0131\u015flard\u0131r. Sonras\u0131nda i\u015f\u00e7ilerin \u00f6zl\u00fck haklar\u0131 ve halk\u0131n siyasal haklar\u0131 i\u00e7in m\u00fccadele verdi\u011fi 1976 DGM direni\u015fi vard\u0131r, &#8216;DGM&#8217;yi ezdik s\u0131ra MESS&#8217;te!&#8217; slogan\u0131yla ba\u015flayan Madeni E\u015fya Sanayicileri ve \u0130\u015fverenleri Sendikas\u0131 (MESS) ile D\u0130SK&#8217;e ba\u011fl\u0131 Maden-\u0130\u015f Sendikas\u0131 aras\u0131nda ya\u015fanan toplu s\u00f6zle\u015fme m\u00fccadelesinin ya\u015fand\u0131\u011f\u0131 1978-1980 MESS Grevleri vard\u0131r. Ard\u0131ndan 1980 Tari\u015f Direni\u015fi gelir&#8230;<\/p>\n<p style=\"text-align: left;\">1980 y\u0131l\u0131na kadar b\u00fcy\u00fcyen, &#8217;77 Kanl\u0131 1 May\u0131s\u0131&#8217;n\u0131n bile engelleyemedi\u011fi sendikal ve siyasal \u00f6rg\u00fctl\u00fcl\u00fck 12 Eyl\u00fcl Darbesi ile yaralan\u0131r. Sermaye s\u0131n\u0131f\u0131 s\u00f6m\u00fcr\u00fc d\u00fczenini devam ettirmek, zenginliklerini korumak, karlar\u0131n\u0131 daha fazla payla\u015fmamak i\u00e7in silahl\u0131 g\u00fc\u00e7leri y\u00f6netime el koymaya \u00e7a\u011f\u0131r\u0131r, sendikalar kapat\u0131l\u0131r, grevler yasaklan\u0131r.. Herkes bilir ki \u00f6ld\u00fcrmeyen g\u00fc\u00e7lendirir! \u00c7ok de\u011fil 6 y\u0131l sonra 1986 Neta\u015f Grevi ile yeniden ba\u015flar i\u015f\u00e7i direni\u015fi, 3150 i\u015f\u00e7iyi kapsar, 93 g\u00fcn s\u00fcrer ve kazan\u0131mla sonu\u00e7lan\u0131r. Ard\u0131ndan Derby Jilet, Dizel Motor grevleri gelir. 1987 Migros, Devlet Demiryollar\u0131, Kazl\u0131\u00e7e\u015fme Deri i\u015f\u00e7ilerinin grevleriyle devam eder. 1991&#8217;de ger\u00e7ekle\u015fen 100\u00a0 bin maden i\u015f\u00e7isi ve ailelerinin kat\u0131ld\u0131\u011f\u0131 B\u00fcy\u00fck Madenci Y\u00fcr\u00fcy\u00fc\u015f\u00fc vard\u0131r&#8230; Tekel direni\u015fi vard\u0131r hepimiz hat\u0131rlar\u0131z.<\/p>\n<p style=\"text-align: left;\">Ve elbette t\u00fcm bu direni\u015flerin bize b\u0131rakt\u0131\u011f\u0131 yolumuzu ayd\u0131nlatan miraslar vard\u0131r. Me\u015frula\u015fmak ve kazanmak i\u00e7in \u00f6rg\u00fctlenmenin ne kadar \u00f6nemli oldu\u011funu g\u00f6sterir. Bu direni\u015flere salt i\u015f\u00e7ilerin haklar\u0131n\u0131 almak i\u00e7in kendi aralar\u0131nda konu\u015fup birden harekete ge\u00e7tikleri direni\u015fler olarak bakmamal\u0131y\u0131z, \u00e7\u00fcnk\u00fc bu grevlerin arka plan\u0131nda i\u015fverenin, devletin muhatap almak zorunda oldu\u011fu \u00f6rg\u00fctl\u00fc bir duru\u015f; sendikalar vard\u0131r. Sendikalar birlikten gelen g\u00fcc\u00fcn v\u00fccut buldu\u011fu yerlerdir. Sosyal ve ekonomik hak taleplerinde bulunabilmek, hak kayb\u0131 ya\u015famamak, konu\u015ftu\u011funda dinlemek zorunda kalacak muhatap bulmak i\u00e7in sendikal \u00f6rg\u00fctl\u00fcl\u00fck olmazsa olmaz bir ger\u00e7ekliktir.\u00a0\u00a0\u00a0 Bunun b\u00f6yle oldu\u011funu patronlar da bilir ve onlar da kendi i\u015fveren birliklerini kurmu\u015flard\u0131r. Kendi \u00e7\u0131karlar\u0131 i\u00e7in \u00f6rg\u00fctl\u00fc hareket etmektedirler. \u0130ktidardakiler de sermaye s\u0131n\u0131f\u0131n\u0131n bu \u00f6rg\u00fctl\u00fcl\u00fc\u011f\u00fcne ta\u015feron arac\u0131l\u0131\u011f\u0131yla destek sunmaktad\u0131r. \u00c7\u00fcnk\u00fc ta\u015feronda g\u00fcvencesizlik hat safhadad\u0131r. Kamu kurumlar\u0131nda ta\u015feron i\u015f\u00e7i say\u0131s\u0131 108 bini Sa\u011fl\u0131k Bakanl\u0131\u011f\u0131&#8217;nda olmak \u00fczere topam 175 bin kadard\u0131r. \u00c7al\u0131\u015fanlar\u0131n sosyal g\u00fcvenli\u011finden sorumlu olan \u00c7al\u0131\u015fma Bakanl\u0131\u011f\u0131 bile ta\u015feron i\u015f\u00e7i \u00e7al\u0131\u015ft\u0131rmaktad\u0131r. Ta\u015feronun tek bir amac\u0131 vard\u0131r; ucuz, g\u00fcvencesiz, \u00f6rg\u00fcts\u00fcz \u00e7al\u0131\u015ft\u0131rmak!<\/p>\n<p style=\"text-align: left;\">Nerde olursan ol, hangi i\u015f kolunda \u00e7al\u0131\u015f\u0131rsan \u00e7al\u0131\u015f a\u00e7 g\u00f6z\u00fcn\u00fc m\u00fccadele edenlere bir bak,\u00a0 hangi sendika seni kaps\u0131yor, senin hakk\u0131n i\u00e7in neler yap\u0131yor \u00f6\u011fren, s\u0131yr\u0131l kabu\u011fundan, g\u00fc\u00e7 ver sendikana! Her &#8220;olmaz, bir\u015fey de\u011fi\u015fmez!&#8221; dedi\u011finde d\u00f6n i\u015f\u00e7i s\u0131n\u0131f\u0131 tarihine bak; &#8220;Hak verilmez, al\u0131n\u0131r.&#8221; \u015fiar\u0131n\u0131 unutma!<\/p>\n<p><strong>\u00d6rg\u00fcts\u00fcz g\u00fc\u00e7, g\u00fc\u00e7 de\u011fildir.<\/strong><br \/>\n<strong>G\u00fcc\u00fcm\u00fcz birli\u011fimizden gelir!<\/strong><\/p>\n","protected":false},"excerpt":{"rendered":"<p>&#8230;D\u00fc\u015f de\u011fil bu hayal de\u011fil he hey be hey Yetmi\u015f bin dev i\u015f\u00e7im kalkt\u0131 y\u00fcr\u00fcd\u00fc! Koku\u015fmu\u015f d\u00fczene sahip \u00e7\u0131kan\u0131n Aln\u0131n\u0131n \u00e7at\u0131na bakt\u0131 y\u00fcr\u00fcd\u00fc!&#8230; 15-16 haziran; b\u00fcy\u00fck i\u015f\u00e7i direni\u015finin 1970&#8217;teki ad\u0131d\u0131r. Binlerce i\u015f\u00e7i \u0130stanbul ve Kocaeli&#8217;de i\u015f b\u0131rak\u0131p il\u00e7elerden merkezlere do\u011fru \u00e7o\u011fala \u00e7o\u011fala y\u00fcr\u00fcm\u00fc\u015ft\u00fcr. Ilk g\u00fcn 70 bin olan diren&#8217;i\u015f\u00e7i say\u0131s\u0131 ikinci g\u00fcn 150 bine ula\u015fm\u0131\u015ft\u0131r. [&hellip;]<\/p>\n","protected":false},"author":6,"featured_media":0,"comment_status":"open","ping_status":"open","sticky":false,"template":"","format":"standard","meta":{"_et_pb_use_builder":"","_et_pb_old_content":"","_et_gb_content_width":"","footnotes":""},"categories":[1,101,13,103],"tags":[243],"class_list":["post-3228","post","type-post","status-publish","format-standard","hentry","category-bildiri","category-manset","category-tarihten-belgeler","category-turkiyeden","tag-15-16-haziran","et-doesnt-have-format-content","et_post_format-et-post-format-standard"],"yoast_head":"<!-- This site is optimized with the Yoast SEO plugin v26.8 - https:\/\/yoast.com\/product\/yoast-seo-wordpress\/ -->\n<title>15-16 Haziran&#039;\u0131n ruhuyla; direnen kazan\u0131r! &#8211; Birlik Dayan\u0131\u015fma Hareketi<\/title>\n<meta name=\"description\" content=\"...D\u00fc\u015f de\u011fil bu hayal de\u011fil he hey be hey Yetmi\u015f bin dev i\u015f\u00e7im kalkt\u0131 y\u00fcr\u00fcd\u00fc! Koku\u015fmu\u015f d\u00fczene sahip \u00e7\u0131kan\u0131n Aln\u0131n\u0131n \u00e7at\u0131na bakt\u0131 y\u00fcr\u00fcd\u00fc!... 15-16 haziran;\" \/>\n<meta name=\"robots\" content=\"index, follow, max-snippet:-1, max-image-preview:large, max-video-preview:-1\" \/>\n<link rel=\"canonical\" href=\"https:\/\/birlikdayanisma.com\/v3\/2012\/06\/5-16-haziranin-ruhuyla-direnen-kazanir\/\" \/>\n<meta property=\"og:locale\" content=\"tr_TR\" \/>\n<meta property=\"og:type\" content=\"article\" \/>\n<meta property=\"og:title\" content=\"15-16 Haziran&#039;\u0131n ruhuyla; direnen kazan\u0131r! &#8211; Birlik Dayan\u0131\u015fma Hareketi\" \/>\n<meta property=\"og:description\" content=\"...D\u00fc\u015f de\u011fil bu hayal de\u011fil he hey be hey Yetmi\u015f bin dev i\u015f\u00e7im kalkt\u0131 y\u00fcr\u00fcd\u00fc! Koku\u015fmu\u015f d\u00fczene sahip \u00e7\u0131kan\u0131n Aln\u0131n\u0131n \u00e7at\u0131na bakt\u0131 y\u00fcr\u00fcd\u00fc!... 15-16 haziran;\" \/>\n<meta property=\"og:url\" content=\"https:\/\/birlikdayanisma.com\/v3\/2012\/06\/5-16-haziranin-ruhuyla-direnen-kazanir\/\" \/>\n<meta property=\"og:site_name\" content=\"Birlik Dayan\u0131\u015fma Hareketi\" \/>\n<meta property=\"article:published_time\" content=\"2012-06-14T20:29:24+00:00\" \/>\n<meta property=\"article:modified_time\" content=\"2016-09-18T15:23:27+00:00\" \/>\n<meta property=\"og:image\" content=\"https:\/\/birlikdayanisma.com\/v3\/wp-content\/uploads\/2009\/06\/15-16haziran.jpg\" \/>\n\t<meta property=\"og:image:width\" content=\"420\" \/>\n\t<meta property=\"og:image:height\" content=\"248\" \/>\n\t<meta property=\"og:image:type\" content=\"image\/jpeg\" \/>\n<meta name=\"author\" content=\"ist1\" \/>\n<meta name=\"twitter:card\" content=\"summary_large_image\" \/>\n<meta name=\"twitter:label1\" content=\"Yazan:\" \/>\n\t<meta name=\"twitter:data1\" content=\"ist1\" \/>\n\t<meta name=\"twitter:label2\" content=\"Tahmini okuma s\u00fcresi\" \/>\n\t<meta name=\"twitter:data2\" content=\"5 dakika\" \/>\n<script type=\"application\/ld+json\" class=\"yoast-schema-graph\">{\"@context\":\"https:\/\/schema.org\",\"@graph\":[{\"@type\":\"Article\",\"@id\":\"https:\/\/birlikdayanisma.com\/v3\/2012\/06\/5-16-haziranin-ruhuyla-direnen-kazanir\/#article\",\"isPartOf\":{\"@id\":\"https:\/\/birlikdayanisma.com\/v3\/2012\/06\/5-16-haziranin-ruhuyla-direnen-kazanir\/\"},\"author\":{\"name\":\"ist1\",\"@id\":\"https:\/\/birlikdayanisma.com\/v3\/#\/schema\/person\/a6c1604ac6e48c5cde049a78a437dfbe\"},\"headline\":\"15-16 Haziran&#8217;\u0131n ruhuyla; direnen kazan\u0131r!\",\"datePublished\":\"2012-06-14T20:29:24+00:00\",\"dateModified\":\"2016-09-18T15:23:27+00:00\",\"mainEntityOfPage\":{\"@id\":\"https:\/\/birlikdayanisma.com\/v3\/2012\/06\/5-16-haziranin-ruhuyla-direnen-kazanir\/\"},\"wordCount\":1096,\"commentCount\":0,\"publisher\":{\"@id\":\"https:\/\/birlikdayanisma.com\/v3\/#organization\"},\"image\":{\"@id\":\"https:\/\/birlikdayanisma.com\/v3\/2012\/06\/5-16-haziranin-ruhuyla-direnen-kazanir\/#primaryimage\"},\"thumbnailUrl\":\"https:\/\/birlikdayanisma.com\/v3\/wp-content\/uploads\/2009\/06\/15-16haziran-300x177.jpg\",\"keywords\":[\"15-16 Haziran\"],\"articleSection\":[\"Bildiri\",\"Manset\",\"Tarihten Belgeler\",\"T\u00fcrkiyeden\"],\"inLanguage\":\"tr\",\"potentialAction\":[{\"@type\":\"CommentAction\",\"name\":\"Comment\",\"target\":[\"https:\/\/birlikdayanisma.com\/v3\/2012\/06\/5-16-haziranin-ruhuyla-direnen-kazanir\/#respond\"]}]},{\"@type\":\"WebPage\",\"@id\":\"https:\/\/birlikdayanisma.com\/v3\/2012\/06\/5-16-haziranin-ruhuyla-direnen-kazanir\/\",\"url\":\"https:\/\/birlikdayanisma.com\/v3\/2012\/06\/5-16-haziranin-ruhuyla-direnen-kazanir\/\",\"name\":\"15-16 Haziran'\u0131n ruhuyla; direnen kazan\u0131r! &#8211; Birlik Dayan\u0131\u015fma Hareketi\",\"isPartOf\":{\"@id\":\"https:\/\/birlikdayanisma.com\/v3\/#website\"},\"primaryImageOfPage\":{\"@id\":\"https:\/\/birlikdayanisma.com\/v3\/2012\/06\/5-16-haziranin-ruhuyla-direnen-kazanir\/#primaryimage\"},\"image\":{\"@id\":\"https:\/\/birlikdayanisma.com\/v3\/2012\/06\/5-16-haziranin-ruhuyla-direnen-kazanir\/#primaryimage\"},\"thumbnailUrl\":\"https:\/\/birlikdayanisma.com\/v3\/wp-content\/uploads\/2009\/06\/15-16haziran-300x177.jpg\",\"datePublished\":\"2012-06-14T20:29:24+00:00\",\"dateModified\":\"2016-09-18T15:23:27+00:00\",\"description\":\"...D\u00fc\u015f de\u011fil bu hayal de\u011fil he hey be hey Yetmi\u015f bin dev i\u015f\u00e7im kalkt\u0131 y\u00fcr\u00fcd\u00fc! Koku\u015fmu\u015f d\u00fczene sahip \u00e7\u0131kan\u0131n Aln\u0131n\u0131n \u00e7at\u0131na bakt\u0131 y\u00fcr\u00fcd\u00fc!... 15-16 haziran;\",\"breadcrumb\":{\"@id\":\"https:\/\/birlikdayanisma.com\/v3\/2012\/06\/5-16-haziranin-ruhuyla-direnen-kazanir\/#breadcrumb\"},\"inLanguage\":\"tr\",\"potentialAction\":[{\"@type\":\"ReadAction\",\"target\":[\"https:\/\/birlikdayanisma.com\/v3\/2012\/06\/5-16-haziranin-ruhuyla-direnen-kazanir\/\"]}]},{\"@type\":\"ImageObject\",\"inLanguage\":\"tr\",\"@id\":\"https:\/\/birlikdayanisma.com\/v3\/2012\/06\/5-16-haziranin-ruhuyla-direnen-kazanir\/#primaryimage\",\"url\":\"https:\/\/birlikdayanisma.com\/v3\/wp-content\/uploads\/2009\/06\/15-16haziran.jpg\",\"contentUrl\":\"https:\/\/birlikdayanisma.com\/v3\/wp-content\/uploads\/2009\/06\/15-16haziran.jpg\",\"width\":\"420\",\"height\":\"248\"},{\"@type\":\"BreadcrumbList\",\"@id\":\"https:\/\/birlikdayanisma.com\/v3\/2012\/06\/5-16-haziranin-ruhuyla-direnen-kazanir\/#breadcrumb\",\"itemListElement\":[{\"@type\":\"ListItem\",\"position\":1,\"name\":\"Ana sayfa\",\"item\":\"https:\/\/birlikdayanisma.com\/v3\/\"},{\"@type\":\"ListItem\",\"position\":2,\"name\":\"15-16 Haziran&#8217;\u0131n ruhuyla; direnen kazan\u0131r!\"}]},{\"@type\":\"WebSite\",\"@id\":\"https:\/\/birlikdayanisma.com\/v3\/#website\",\"url\":\"https:\/\/birlikdayanisma.com\/v3\/\",\"name\":\"Birlik Dayan\u0131\u015fma Hareketi\",\"description\":\"\",\"publisher\":{\"@id\":\"https:\/\/birlikdayanisma.com\/v3\/#organization\"},\"potentialAction\":[{\"@type\":\"SearchAction\",\"target\":{\"@type\":\"EntryPoint\",\"urlTemplate\":\"https:\/\/birlikdayanisma.com\/v3\/?s={search_term_string}\"},\"query-input\":{\"@type\":\"PropertyValueSpecification\",\"valueRequired\":true,\"valueName\":\"search_term_string\"}}],\"inLanguage\":\"tr\"},{\"@type\":\"Organization\",\"@id\":\"https:\/\/birlikdayanisma.com\/v3\/#organization\",\"name\":\"Birlik Dayan\u0131\u015fma Hareketi\",\"url\":\"https:\/\/birlikdayanisma.com\/v3\/\",\"logo\":{\"@type\":\"ImageObject\",\"inLanguage\":\"tr\",\"@id\":\"https:\/\/birlikdayanisma.com\/v3\/#\/schema\/logo\/image\/\",\"url\":\"https:\/\/birlikdayanisma.com\/v3\/wp-content\/uploads\/bdh_logo_2016.png\",\"contentUrl\":\"https:\/\/birlikdayanisma.com\/v3\/wp-content\/uploads\/bdh_logo_2016.png\",\"width\":468,\"height\":60,\"caption\":\"Birlik Dayan\u0131\u015fma Hareketi\"},\"image\":{\"@id\":\"https:\/\/birlikdayanisma.com\/v3\/#\/schema\/logo\/image\/\"}},{\"@type\":\"Person\",\"@id\":\"https:\/\/birlikdayanisma.com\/v3\/#\/schema\/person\/a6c1604ac6e48c5cde049a78a437dfbe\",\"name\":\"ist1\",\"image\":{\"@type\":\"ImageObject\",\"inLanguage\":\"tr\",\"@id\":\"https:\/\/birlikdayanisma.com\/v3\/#\/schema\/person\/image\/\",\"url\":\"https:\/\/secure.gravatar.com\/avatar\/b0a7a88ac88ad67c164d694a0c190da5?s=96&d=mm&r=g\",\"contentUrl\":\"https:\/\/secure.gravatar.com\/avatar\/b0a7a88ac88ad67c164d694a0c190da5?s=96&d=mm&r=g\",\"caption\":\"ist1\"},\"url\":\"https:\/\/birlikdayanisma.com\/v3\/author\/ist1\/\"}]}<\/script>\n<!-- \/ Yoast SEO plugin. -->","yoast_head_json":{"title":"15-16 Haziran'\u0131n ruhuyla; direnen kazan\u0131r! &#8211; Birlik Dayan\u0131\u015fma Hareketi","description":"...D\u00fc\u015f de\u011fil bu hayal de\u011fil he hey be hey Yetmi\u015f bin dev i\u015f\u00e7im kalkt\u0131 y\u00fcr\u00fcd\u00fc! Koku\u015fmu\u015f d\u00fczene sahip \u00e7\u0131kan\u0131n Aln\u0131n\u0131n \u00e7at\u0131na bakt\u0131 y\u00fcr\u00fcd\u00fc!... 15-16 haziran;","robots":{"index":"index","follow":"follow","max-snippet":"max-snippet:-1","max-image-preview":"max-image-preview:large","max-video-preview":"max-video-preview:-1"},"canonical":"https:\/\/birlikdayanisma.com\/v3\/2012\/06\/5-16-haziranin-ruhuyla-direnen-kazanir\/","og_locale":"tr_TR","og_type":"article","og_title":"15-16 Haziran'\u0131n ruhuyla; direnen kazan\u0131r! &#8211; Birlik Dayan\u0131\u015fma Hareketi","og_description":"...D\u00fc\u015f de\u011fil bu hayal de\u011fil he hey be hey Yetmi\u015f bin dev i\u015f\u00e7im kalkt\u0131 y\u00fcr\u00fcd\u00fc! Koku\u015fmu\u015f d\u00fczene sahip \u00e7\u0131kan\u0131n Aln\u0131n\u0131n \u00e7at\u0131na bakt\u0131 y\u00fcr\u00fcd\u00fc!... 15-16 haziran;","og_url":"https:\/\/birlikdayanisma.com\/v3\/2012\/06\/5-16-haziranin-ruhuyla-direnen-kazanir\/","og_site_name":"Birlik Dayan\u0131\u015fma Hareketi","article_published_time":"2012-06-14T20:29:24+00:00","article_modified_time":"2016-09-18T15:23:27+00:00","og_image":[{"width":420,"height":248,"url":"https:\/\/birlikdayanisma.com\/v3\/wp-content\/uploads\/2009\/06\/15-16haziran.jpg","type":"image\/jpeg"}],"author":"ist1","twitter_card":"summary_large_image","twitter_misc":{"Yazan:":"ist1","Tahmini okuma s\u00fcresi":"5 dakika"},"schema":{"@context":"https:\/\/schema.org","@graph":[{"@type":"Article","@id":"https:\/\/birlikdayanisma.com\/v3\/2012\/06\/5-16-haziranin-ruhuyla-direnen-kazanir\/#article","isPartOf":{"@id":"https:\/\/birlikdayanisma.com\/v3\/2012\/06\/5-16-haziranin-ruhuyla-direnen-kazanir\/"},"author":{"name":"ist1","@id":"https:\/\/birlikdayanisma.com\/v3\/#\/schema\/person\/a6c1604ac6e48c5cde049a78a437dfbe"},"headline":"15-16 Haziran&#8217;\u0131n ruhuyla; direnen kazan\u0131r!","datePublished":"2012-06-14T20:29:24+00:00","dateModified":"2016-09-18T15:23:27+00:00","mainEntityOfPage":{"@id":"https:\/\/birlikdayanisma.com\/v3\/2012\/06\/5-16-haziranin-ruhuyla-direnen-kazanir\/"},"wordCount":1096,"commentCount":0,"publisher":{"@id":"https:\/\/birlikdayanisma.com\/v3\/#organization"},"image":{"@id":"https:\/\/birlikdayanisma.com\/v3\/2012\/06\/5-16-haziranin-ruhuyla-direnen-kazanir\/#primaryimage"},"thumbnailUrl":"https:\/\/birlikdayanisma.com\/v3\/wp-content\/uploads\/2009\/06\/15-16haziran-300x177.jpg","keywords":["15-16 Haziran"],"articleSection":["Bildiri","Manset","Tarihten Belgeler","T\u00fcrkiyeden"],"inLanguage":"tr","potentialAction":[{"@type":"CommentAction","name":"Comment","target":["https:\/\/birlikdayanisma.com\/v3\/2012\/06\/5-16-haziranin-ruhuyla-direnen-kazanir\/#respond"]}]},{"@type":"WebPage","@id":"https:\/\/birlikdayanisma.com\/v3\/2012\/06\/5-16-haziranin-ruhuyla-direnen-kazanir\/","url":"https:\/\/birlikdayanisma.com\/v3\/2012\/06\/5-16-haziranin-ruhuyla-direnen-kazanir\/","name":"15-16 Haziran'\u0131n ruhuyla; direnen kazan\u0131r! &#8211; Birlik Dayan\u0131\u015fma Hareketi","isPartOf":{"@id":"https:\/\/birlikdayanisma.com\/v3\/#website"},"primaryImageOfPage":{"@id":"https:\/\/birlikdayanisma.com\/v3\/2012\/06\/5-16-haziranin-ruhuyla-direnen-kazanir\/#primaryimage"},"image":{"@id":"https:\/\/birlikdayanisma.com\/v3\/2012\/06\/5-16-haziranin-ruhuyla-direnen-kazanir\/#primaryimage"},"thumbnailUrl":"https:\/\/birlikdayanisma.com\/v3\/wp-content\/uploads\/2009\/06\/15-16haziran-300x177.jpg","datePublished":"2012-06-14T20:29:24+00:00","dateModified":"2016-09-18T15:23:27+00:00","description":"...D\u00fc\u015f de\u011fil bu hayal de\u011fil he hey be hey Yetmi\u015f bin dev i\u015f\u00e7im kalkt\u0131 y\u00fcr\u00fcd\u00fc! Koku\u015fmu\u015f d\u00fczene sahip \u00e7\u0131kan\u0131n Aln\u0131n\u0131n \u00e7at\u0131na bakt\u0131 y\u00fcr\u00fcd\u00fc!... 15-16 haziran;","breadcrumb":{"@id":"https:\/\/birlikdayanisma.com\/v3\/2012\/06\/5-16-haziranin-ruhuyla-direnen-kazanir\/#breadcrumb"},"inLanguage":"tr","potentialAction":[{"@type":"ReadAction","target":["https:\/\/birlikdayanisma.com\/v3\/2012\/06\/5-16-haziranin-ruhuyla-direnen-kazanir\/"]}]},{"@type":"ImageObject","inLanguage":"tr","@id":"https:\/\/birlikdayanisma.com\/v3\/2012\/06\/5-16-haziranin-ruhuyla-direnen-kazanir\/#primaryimage","url":"https:\/\/birlikdayanisma.com\/v3\/wp-content\/uploads\/2009\/06\/15-16haziran.jpg","contentUrl":"https:\/\/birlikdayanisma.com\/v3\/wp-content\/uploads\/2009\/06\/15-16haziran.jpg","width":"420","height":"248"},{"@type":"BreadcrumbList","@id":"https:\/\/birlikdayanisma.com\/v3\/2012\/06\/5-16-haziranin-ruhuyla-direnen-kazanir\/#breadcrumb","itemListElement":[{"@type":"ListItem","position":1,"name":"Ana sayfa","item":"https:\/\/birlikdayanisma.com\/v3\/"},{"@type":"ListItem","position":2,"name":"15-16 Haziran&#8217;\u0131n ruhuyla; direnen kazan\u0131r!"}]},{"@type":"WebSite","@id":"https:\/\/birlikdayanisma.com\/v3\/#website","url":"https:\/\/birlikdayanisma.com\/v3\/","name":"Birlik Dayan\u0131\u015fma Hareketi","description":"","publisher":{"@id":"https:\/\/birlikdayanisma.com\/v3\/#organization"},"potentialAction":[{"@type":"SearchAction","target":{"@type":"EntryPoint","urlTemplate":"https:\/\/birlikdayanisma.com\/v3\/?s={search_term_string}"},"query-input":{"@type":"PropertyValueSpecification","valueRequired":true,"valueName":"search_term_string"}}],"inLanguage":"tr"},{"@type":"Organization","@id":"https:\/\/birlikdayanisma.com\/v3\/#organization","name":"Birlik Dayan\u0131\u015fma Hareketi","url":"https:\/\/birlikdayanisma.com\/v3\/","logo":{"@type":"ImageObject","inLanguage":"tr","@id":"https:\/\/birlikdayanisma.com\/v3\/#\/schema\/logo\/image\/","url":"https:\/\/birlikdayanisma.com\/v3\/wp-content\/uploads\/bdh_logo_2016.png","contentUrl":"https:\/\/birlikdayanisma.com\/v3\/wp-content\/uploads\/bdh_logo_2016.png","width":468,"height":60,"caption":"Birlik Dayan\u0131\u015fma Hareketi"},"image":{"@id":"https:\/\/birlikdayanisma.com\/v3\/#\/schema\/logo\/image\/"}},{"@type":"Person","@id":"https:\/\/birlikdayanisma.com\/v3\/#\/schema\/person\/a6c1604ac6e48c5cde049a78a437dfbe","name":"ist1","image":{"@type":"ImageObject","inLanguage":"tr","@id":"https:\/\/birlikdayanisma.com\/v3\/#\/schema\/person\/image\/","url":"https:\/\/secure.gravatar.com\/avatar\/b0a7a88ac88ad67c164d694a0c190da5?s=96&d=mm&r=g","contentUrl":"https:\/\/secure.gravatar.com\/avatar\/b0a7a88ac88ad67c164d694a0c190da5?s=96&d=mm&r=g","caption":"ist1"},"url":"https:\/\/birlikdayanisma.com\/v3\/author\/ist1\/"}]}},"_links":{"self":[{"href":"https:\/\/birlikdayanisma.com\/v3\/wp-json\/wp\/v2\/posts\/3228","targetHints":{"allow":["GET"]}}],"collection":[{"href":"https:\/\/birlikdayanisma.com\/v3\/wp-json\/wp\/v2\/posts"}],"about":[{"href":"https:\/\/birlikdayanisma.com\/v3\/wp-json\/wp\/v2\/types\/post"}],"author":[{"embeddable":true,"href":"https:\/\/birlikdayanisma.com\/v3\/wp-json\/wp\/v2\/users\/6"}],"replies":[{"embeddable":true,"href":"https:\/\/birlikdayanisma.com\/v3\/wp-json\/wp\/v2\/comments?post=3228"}],"version-history":[{"count":0,"href":"https:\/\/birlikdayanisma.com\/v3\/wp-json\/wp\/v2\/posts\/3228\/revisions"}],"wp:attachment":[{"href":"https:\/\/birlikdayanisma.com\/v3\/wp-json\/wp\/v2\/media?parent=3228"}],"wp:term":[{"taxonomy":"category","embeddable":true,"href":"https:\/\/birlikdayanisma.com\/v3\/wp-json\/wp\/v2\/categories?post=3228"},{"taxonomy":"post_tag","embeddable":true,"href":"https:\/\/birlikdayanisma.com\/v3\/wp-json\/wp\/v2\/tags?post=3228"}],"curies":[{"name":"wp","href":"https:\/\/api.w.org\/{rel}","templated":true}]}}