{"id":3398,"date":"2012-10-19T22:47:34","date_gmt":"2012-10-19T19:47:34","guid":{"rendered":"http:\/\/birlikdayanisma.com\/v3\/?p=3398"},"modified":"2021-11-03T13:24:12","modified_gmt":"2021-11-03T10:24:12","slug":"thyde-grev-yasagi-kalkti-simdi-sira-ise-iadelerde","status":"publish","type":"post","link":"https:\/\/birlikdayanisma.com\/v3\/2012\/10\/thyde-grev-yasagi-kalkti-simdi-sira-ise-iadelerde\/","title":{"rendered":"THY&#8217;de grev yasa\u011f\u0131 kalkt\u0131, \u015fimdi s\u0131ra i\u015fe iadelerde"},"content":{"rendered":"<p>D\u00fcn ak\u015fam meclisten ge\u00e7erek yasala\u015fan Sendikalar ve Toplu \u0130\u015f S\u00f6zle\u015fmesi Yasas\u0131 ile mevcut durumda yasak olan hava i\u015f kolundaki grev yasa\u011f\u0131 ortadan kalk\u0131yor. Genel anlamda bir\u00e7ok olumsuzlu\u011fu i\u00e7inde bar\u0131nd\u0131ran ra\u011fmen yeni yasa 5 ay \u00f6nce getirilen havac\u0131l\u0131k i\u015f kolundaki grev yasa\u011f\u0131n\u0131 i\u00e7ermiyor.<!--more--><\/p>\n<p>Konuyla ilgili Yeni D\u00fcnya Gazetesi&#8217;ne a\u00e7\u0131klamada bulunan Hava-\u0130\u015f genel ba\u015fkan\u0131 Atilay Ay\u00e7in \u201cYap\u0131lan bu d\u00fczenleme bizim hakl\u0131l\u0131\u011f\u0131m\u0131z\u0131 bir kez daha ortaya \u00e7\u0131kard\u0131. Bu yasa \u00e7\u0131kmadan \u00f6nce biz h\u00fck\u00fcmete bu yasa\u011f\u0131n d\u00fcnyada e\u015finin benzerinin olmad\u0131\u011f\u0131n\u0131, yap\u0131lan\u0131n yanl\u0131\u015f oldu\u011funu, hava ta\u015f\u0131mac\u0131l\u0131\u011f\u0131 i\u015f kolunun grev yasa\u011f\u0131 kapsam\u0131nda olmas\u0131n\u0131n bu \u00fclkenin d\u0131\u015far\u0131ya bakan y\u00fcz\u00fc a\u00e7\u0131s\u0131ndan olumsuz baz\u0131 sonu\u00e7lar\u0131 do\u011furaca\u011f\u0131n\u0131 s\u00f6ylemi\u015ftik. Ama malesef THY ve h\u00fck\u00fcmet bunu dikkate almad\u0131. \u015eimdi gariptir 5 ay \u00f6nce s\u00f6ylediklerimizi dikkate almayan h\u00fck\u00fcmet 5 ay sonra kendi yapm\u0131\u015f oldu\u011fu hatay\u0131 kendi eliyle d\u00fczeltme yoluna gitti.\u201d dedi.<\/p>\n<p>Ayr\u0131ca geli\u015fmelerle ilgili Hava-\u0130\u015f Sendikas\u0131 Genel Merkez Y\u00f6netim Kurulu da bir a\u00e7\u0131klamada bulundu.<\/p>\n<blockquote><p>De\u011ferli \u00dcyelerimiz<br \/>\nTBMM\u2019de Kabul Edilen Sendikalar ve Toplu \u0130\u015f S\u00f6zle\u015fmesi Kanunu \u0130le Havac\u0131l\u0131k Hizmetlerinde Getirilen Grev Yasa\u011f\u0131n\u0131 Kald\u0131r\u0131ld\u0131.<\/p>\n<p>Genel anlamda bir\u00e7ok olumsuzlu\u011fu yine i\u00e7inde bar\u0131nd\u0131ran bu yasa ne yaz\u0131k ki demokratik evrensel hukuk normlar\u0131na tamamen z\u0131t ve sendikas\u0131zla\u015ft\u0131rmay\u0131 hedef alan i\u015fveren \u00f6nerileri ile delik de\u015fik edildi.<br \/>\nBu aleyhe de\u011fi\u015fikliklerin, i\u015fveren \u00f6rg\u00fctlerinin bask\u0131lar\u0131 yan\u0131nda, Hak-\u0130\u015f ve T\u00fcrk-\u0130\u015f \u0130\u015f\u00e7i Konfederasyonlar\u0131n\u0131n da imzalad\u0131klar\u0131 \u00f6ne s\u00fcr\u00fclen gizli protokole dayand\u0131r\u0131ld\u0131\u011f\u0131 iddias\u0131 ger\u00e7ek ise bu i\u015f\u00e7i s\u0131n\u0131f\u0131na yap\u0131labilecek en b\u00fcy\u00fck k\u00f6t\u00fcl\u00fck olarak tarihe ge\u00e7ecektir. Konfederasyonumuz T\u00fcrk-\u0130\u015f\u2019in b\u00f6yle bir protokol\u00fc net ve kesin bi\u00e7imde reddetmemesi ise b\u00fcy\u00fck talihsizliktir.<br \/>\nSendikam\u0131z Yeni Kanun hakk\u0131nda Say\u0131n Cumhurba\u015fkan\u0131nca onaylan\u0131p yay\u0131nland\u0131ktan sonra daha geni\u015f bilgilendirmede bulunacakt\u0131r.<br \/>\nAncak sendikam\u0131z a\u00e7\u0131\u015f\u0131ndan de\u011ferlendirildi\u011finde bu yasa ile ilgili 3 \u00f6nemli de\u011fi\u015fiklik bizler i\u00e7in hayati \u00f6neme sahiptir.<br \/>\n\u0130lk olarak AKP Milletvekillerince 5 ay \u00f6nce getirilen havac\u0131l\u0131k hizmetlerindeki grev yasa\u011f\u0131 Yeni Kanunun 62. Maddesi ile ortadan kald\u0131r\u0131lm\u0131\u015ft\u0131r.<br \/>\nKomisyon ve Genel Kurul \u00e7al\u0131\u015fmalar\u0131nda grev yasa\u011f\u0131n\u0131n kald\u0131r\u0131lmas\u0131 i\u00e7in b\u00fcy\u00fck emekleri ge\u00e7en ba\u015fta CHP Milletvekilleri say\u0131n S\u00fcleyman \u00c7elebi ve Musa \u00c7am, Avrupa Parlamentosunda b\u00fcy\u00fck \u00e7aba harcayan BDP Milletvekili Say\u0131n Ertu\u011frul K\u00fcrk\u00e7\u00fc\u2019ye CHP, MHP, BDP gruplar\u0131na i\u015f\u00e7iler ad\u0131na \u015f\u00fckranlar\u0131m\u0131z\u0131 sunar\u0131z.<br \/>\nYASA\u011eI A\u015eTIK, SIRA \u0130\u015eE GER\u0130 D\u00d6N\u00dc\u015eTE!<br \/>\nBu yasak kendili\u011finden kalkmam\u0131\u015ft\u0131r. Sendikalar\u0131 ile birlikte 143 g\u00fcnd\u00fcr onurla direnen THY i\u015f\u00e7ilerinin i\u015f\u00e7i s\u0131n\u0131f\u0131m\u0131za \u00f6rnek olacak m\u00fccadelesi, ulusal ve uluslararas\u0131 d\u00fczeyde emek dostlar\u0131n\u0131n verdi\u011fi kapsaml\u0131 m\u00fccadele, yasa\u011f\u0131 getiren H\u00fck\u00fcmet ve AKP milletvekillerini \u00f6yle utand\u0131rm\u0131\u015ft\u0131r ki, bu grev yasa\u011f\u0131n\u0131 ay\u0131b\u0131n\u0131 Yeni Kanunda d\u00fczenleyememi\u015fleridir.<br \/>\nDirenen THY i\u015f\u00e7ilerinin onurlu m\u00fccadelesini a\u015famam\u0131\u015flard\u0131r\u2026<br \/>\nGrev yasa\u011f\u0131 yasa teklifini THY A.O Y\u00f6netimi istedi diye g\u00fcndeme getiren ve yasala\u015ft\u0131ran AKP Milletvekilleri ile THY Y\u00f6netim Kurulu Ba\u015fkan\u0131 kamuoyundan ve i\u015f\u00e7ilerden \u00f6z\u00fcr dilemelidir. Anti demokratik bu grev yasa\u011f\u0131na kar\u015f\u0131 \u00e7\u0131kt\u0131klar\u0131 i\u00e7in i\u015ften \u00e7\u0131kar\u0131lan 305 i\u015f\u00e7i derhal i\u015fe geri al\u0131nmal\u0131d\u0131r.<br \/>\nSoruyoruz. 5 ay \u00f6nce havac\u0131l\u0131k sekt\u00f6r\u00fcne getirdi\u011finiz grev yasa\u011f\u0131 gerek\u00e7eleri 5 ay i\u00e7inde nas\u0131l de\u011fi\u015fti de bu yasa\u011f\u0131 kald\u0131rd\u0131n\u0131z? 305 \u00fcyemizi ac\u0131mas\u0131zca i\u015ften \u00e7\u0131karma bahanesi olarak kulland\u0131\u011f\u0131n\u0131z bu mesnetsiz de\u011fi\u015fiklikle yaratt\u0131\u011f\u0131m\u0131z y\u0131k\u0131m\u0131 onarmak art\u0131k sizlerin vebali olmu\u015ftur.<br \/>\n\u00d6zellikle d\u00fc\u015f\u00fcnmeden ta\u015f\u0131nmadan bu yasa\u011f\u0131 Parlamentoya ta\u015f\u0131yanlar yeniden bir vicdani hesap yapmal\u0131, yap\u0131lan bu hatan\u0131n kurban\u0131 haline getirilen i\u015f\u00e7ilerimizin i\u015fe geri d\u00f6n\u00fc\u015f\u00fc i\u00e7in ad\u0131m atmal\u0131d\u0131r.<br \/>\nTHY A.O Y\u00f6netimini ise \u015fimdiden uyar\u0131yoruz. 1-2 ay i\u00e7inde yeni d\u00f6nem toplu i\u015f s\u00f6zle\u015fmesi g\u00f6r\u00fc\u015fmeleri ba\u015flayacakt\u0131r. Art\u0131k kendinizi kurtaracak grev yasa\u011f\u0131n\u0131zda yok. Bu d\u00f6nem toplu i\u015f s\u00f6zle\u015fmesinde yaratt\u0131\u011f\u0131n\u0131z bu sosyal ay\u0131b\u0131 ortadan kald\u0131r\u0131n, i\u015fyerlerinde i\u015f bar\u0131\u015f\u0131 ve huzuruna katk\u0131 sa\u011flay\u0131n. Yeni Toplu i\u015f s\u00f6zle\u015fmesinin kaderi ataca\u011f\u0131n\u0131z bu ad\u0131ma ba\u011fl\u0131 olacakt\u0131r.<br \/>\n\u0130kinci olarak Yeni Kanun Sendikam\u0131z ve Havac\u0131l\u0131k i\u015f\u00e7ileri a\u00e7\u0131s\u0131ndan mevcut 21 Say\u0131l\u0131 Hava Ta\u015f\u0131mac\u0131l\u0131\u011f\u0131 \u0130\u015fkolunu ortadan kald\u0131rarak ve 15 Nolu Ta\u015f\u0131mac\u0131l\u0131k i\u015fkoluna d\u00e2hil ederek i\u015fkolumuzu kara, demiryollar\u0131 ve hava ta\u015f\u0131mac\u0131l\u0131\u011f\u0131 olarak yeniden belirlememi\u015ftir. Sendikam\u0131z\u0131n yeni i\u015fkolu TA\u015eIMACILIK \u0130\u015fkolu olmu\u015ftur.<br \/>\nKanunun ilgili h\u00fck\u00fcmleri \u00e7er\u00e7evesinde Y\u00f6netim Kurulumuz Sendikam\u0131z\u0131n T\u00dcZ\u00dc\u011e\u00dc ve \u0130\u015eKOLUNU yeniden d\u00fczenleyerek \u00f6rg\u00fctlenmesini bu \u00e7er\u00e7evede geni\u015fletecektir.<br \/>\nSGK kay\u0131tlar\u0131na g\u00f6re yakla\u015f\u0131k 750 bin i\u015f\u00e7inin \u00e7al\u0131\u015ft\u0131\u011f\u0131 bu yeni i\u015fkolunda sendikam\u0131z yeni yasaya g\u00f6re yetkisini koruyacakt\u0131r.<br \/>\nBu \u00e7er\u00e7evede birilerinin sendikaya s\u0131rf muhalefet olmu\u015f olmak i\u00e7in ele\u015ftirdikleri THY A.O\u2019daki 22 D\u00f6nemde T\u0130S yetki a\u015famas\u0131nda Bakanl\u0131k\u00e7a \u00fcye say\u0131m\u0131z\u0131n 3500 eksik g\u00f6sterilmesine sendikam\u0131z\u0131n yapt\u0131\u011f\u0131 itiraz ve Bakanl\u0131k kay\u0131tlar\u0131n\u0131n Yarg\u0131tay Kararlar\u0131 ile g\u00fcncelle\u015ftirilmesinin ne kadar \u00f6nemli ve stratejik oldu\u011fu ortaya \u00e7\u0131km\u0131\u015ft\u0131r. Bu da Hava-\u0130\u015f sendikas\u0131n\u0131n tecr\u00fcbe ve \u00f6ng\u00f6r\u00fcl\u00fc politikalar\u0131n\u0131n \u00fcr\u00fcn\u00fcd\u00fcr.<br \/>\n\u00dc\u00e7\u00fcnc\u00fc olarak THY A.O ve THY Teknik A.\u015e\u2019de i\u015fvereninin sendikam\u0131z\u0131n \u00f6rg\u00fctlenmesini zay\u0131flatmak ve sendikay\u0131 kendi insan kaynaklar\u0131 b\u00fcrosu haline \u00e7evirmek i\u00e7in sendikam\u0131z t\u00fczelli\u011fine, temsilci ve amat\u00f6r y\u00f6neticilerimize kar\u015f\u0131 y\u00fcr\u00fctt\u00fc\u011f\u00fc keyfi i\u015ften \u00e7\u0131karma politikalar\u0131 bu Kanun ile Sendika Temsilcisi ve i\u015fyerinde \u00e7al\u0131\u015fan amat\u00f6r y\u00f6neticilerine getirilen sendikal g\u00fcvence ile ortadan kalkacakt\u0131r.<br \/>\n\u0130\u015fveren sendika temsilci ve amat\u00f6r y\u00f6neticilerini i\u015ften \u00e7\u0131kard\u0131\u011f\u0131nda mutlak i\u015fe iade yolu a\u00e7\u0131lm\u0131\u015ft\u0131r.<br \/>\nSendikalar olarak daha \u00f6zg\u00fcrl\u00fck\u00e7\u00fc, uluslararas\u0131 s\u00f6zle\u015fmelere uygun, \u00e7a\u011fda\u015f, demokratik \u00e7al\u0131\u015fma hayat\u0131n\u0131 sa\u011flayacak bir yasa i\u00e7in y\u0131llard\u0131r m\u00fccadele ediyoruz. \u0130stedi\u011fimiz, d\u00fcnyan\u0131n kabul etti\u011fi en temel haklar. Yani: \u0130\u015ften \u00e7\u0131kart\u0131lma korkusu olmadan sendikalara \u00fcye olmak, uzun ve karma\u015f\u0131k yetki prosed\u00fcrleriyle oyalanmadan s\u00f6zle\u015fme masas\u0131na oturabilmek, i\u015fkolunda, i\u015fyerinde baraj tehditleri, s\u0131n\u0131rlar\u0131 olmadan \u00f6zg\u00fcrce \u00f6rg\u00fctlenebilmek ve grev hakk\u0131n\u0131 yasaks\u0131z ve en geni\u015f bi\u00e7imde kullanabilmek.<br \/>\nBiz Hava-\u0130\u015f Sendikas\u0131 olarak i\u015f\u00e7i s\u0131n\u0131f\u0131m\u0131z\u0131n m\u00fccadeleden yana, \u00f6zg\u00fcrl\u00fckleri ve haklar\u0131 savunan t\u00fcm kesimleriyle dayan\u0131\u015fma i\u00e7inde \u00fczerimize d\u00fc\u015fen tarihi sorumlulu\u011fu yerine getirmeye devam ediyoruz, edece\u011fiz. Bizim g\u00fcc\u00fcm\u00fcz tarihsel hakl\u0131l\u0131\u011f\u0131m\u0131zdan ve \u00fcyelerimizin iradesinden kaynakl\u0131d\u0131r.<br \/>\nSendikalar yasas\u0131n\u0131 sendikas\u0131zla\u015ft\u0131rma yasas\u0131na d\u00f6n\u00fc\u015ft\u00fcrenler, bu yasan\u0131n ge\u00e7mesi i\u00e7in ellerinden geleni yapmakta hi\u00e7bir sak\u0131nca g\u00f6rmemi\u015f, \u201cMilletin Meclisi\u201dne derdini anlatmaya gelen i\u015f\u00e7ileri sokmamak i\u00e7in art\u0131k bir y\u00f6ntem olarak benimsedikleri \u201csay\u0131sal \u00e7o\u011funluk\u201d ter\u00f6r\u00fcn\u00fc i\u015f\u00e7iden de esirgememi\u015flerdir.<br \/>\n\u0130\u015f\u00e7ilere barikatlar kurulmu\u015f, saatlerce gaz s\u0131k\u0131lm\u0131\u015f, milletvekilleri, sendika y\u00f6neticileri ve i\u015f\u00e7iler tartaklanm\u0131\u015f, devletin resmi kolluk g\u00fc\u00e7lerince a\u011fza al\u0131nmayacak k\u00fcf\u00fcrlerle rencide edilmi\u015flerdir. Toplumun demokrasi ve \u00f6zg\u00fcrl\u00fckler isteyen t\u00fcm kesimlerine kar\u015f\u0131 fa\u015fizan sald\u0131r\u0131larla g\u00fc\u00e7 g\u00f6sterisi yapan AKP iktidar\u0131n\u0131n demokrasiyle bir ilgisinin olmad\u0131\u011f\u0131, \u00e7\u0131kard\u0131\u011f\u0131 k\u00f6lelik yasalar\u0131ndan da, uygulad\u0131\u011f\u0131 bask\u0131 ve y\u0131ld\u0131rma politikalar\u0131ndan da yeteri kadar a\u00e7\u0131kt\u0131r.<br \/>\nAncak biz emek g\u00fc\u00e7leri haklar\u0131m\u0131z\u0131 almak i\u00e7in direnmek ve m\u00fccadele etmekten ba\u015fka bir yol olmad\u0131\u011f\u0131n\u0131 art\u0131k \u00f6\u011frenmek zorunday\u0131z. Demokratik ve me\u015fru m\u00fccadelemizi y\u0131lmadan y\u0131lg\u0131nl\u0131\u011fa u\u011framadan s\u00fcrd\u00fcrmek zorunday\u0131z. Unutmamal\u0131y\u0131z ki \u00fclkemizde t\u00fcm kesimler \u00fczerine \u00e7\u00f6kertilmeye \u00e7al\u0131\u015f\u0131lan karanl\u0131k \u00f6nce biz i\u015f\u00e7ilere i\u015fyerlerimizde dayat\u0131lmak istenmektedir. \u0130\u015fyerlerinde onurluca ortaya koyaca\u011f\u0131m\u0131z kar\u015f\u0131 \u00e7\u0131k\u0131\u015f \u00fclkemizdeki bask\u0131c\u0131, anti demokratik, emperyalist g\u00fc\u00e7lerle i\u015fbirlik\u00e7i emek kar\u015f\u0131t\u0131 politikalara dur diyecektir.<\/p>\n<p>Sayg\u0131lar\u0131m\u0131zla.<br \/>\nHAVA-\u0130\u015e GENEL MERKEZ Y\u00d6NET\u0130M KURULU<\/p><\/blockquote>\n","protected":false},"excerpt":{"rendered":"<p>D\u00fcn ak\u015fam meclisten ge\u00e7erek yasala\u015fan Sendikalar ve Toplu \u0130\u015f S\u00f6zle\u015fmesi Yasas\u0131 ile mevcut durumda yasak olan hava i\u015f kolundaki grev yasa\u011f\u0131 ortadan kalk\u0131yor. Genel anlamda bir\u00e7ok olumsuzlu\u011fu i\u00e7inde bar\u0131nd\u0131ran ra\u011fmen yeni yasa 5 ay \u00f6nce getirilen havac\u0131l\u0131k i\u015f kolundaki grev yasa\u011f\u0131n\u0131 i\u00e7ermiyor.<\/p>\n","protected":false},"author":6,"featured_media":3397,"comment_status":"open","ping_status":"open","sticky":false,"template":"","format":"standard","meta":{"_et_pb_use_builder":"","_et_pb_old_content":"","_et_gb_content_width":"","footnotes":""},"categories":[3,103],"tags":[66,247],"class_list":["post-3398","post","type-post","status-publish","format-standard","has-post-thumbnail","hentry","category-haberler","category-turkiyeden","tag-hava-is","tag-thy","et-has-post-format-content","et_post_format-et-post-format-standard"],"yoast_head":"<!-- This site is optimized with the Yoast SEO plugin v26.8 - https:\/\/yoast.com\/product\/yoast-seo-wordpress\/ -->\n<title>THY&#039;de grev yasa\u011f\u0131 kalkt\u0131, \u015fimdi s\u0131ra i\u015fe iadelerde &#8211; Birlik Dayan\u0131\u015fma Hareketi<\/title>\n<meta name=\"description\" content=\"D\u00fcn ak\u015fam meclisten ge\u00e7erek yasala\u015fan Sendikalar ve Toplu \u0130\u015f S\u00f6zle\u015fmesi Yasas\u0131 ile mevcut durumda yasak olan hava i\u015f kolundaki grev yasa\u011f\u0131 ortadan\" \/>\n<meta name=\"robots\" content=\"index, follow, max-snippet:-1, max-image-preview:large, max-video-preview:-1\" \/>\n<link rel=\"canonical\" href=\"https:\/\/birlikdayanisma.com\/v3\/2012\/10\/thyde-grev-yasagi-kalkti-simdi-sira-ise-iadelerde\/\" \/>\n<meta property=\"og:locale\" content=\"tr_TR\" \/>\n<meta property=\"og:type\" content=\"article\" \/>\n<meta property=\"og:title\" content=\"THY&#039;de grev yasa\u011f\u0131 kalkt\u0131, \u015fimdi s\u0131ra i\u015fe iadelerde &#8211; Birlik Dayan\u0131\u015fma Hareketi\" \/>\n<meta property=\"og:description\" content=\"D\u00fcn ak\u015fam meclisten ge\u00e7erek yasala\u015fan Sendikalar ve Toplu \u0130\u015f S\u00f6zle\u015fmesi Yasas\u0131 ile mevcut durumda yasak olan hava i\u015f kolundaki grev yasa\u011f\u0131 ortadan\" \/>\n<meta property=\"og:url\" content=\"https:\/\/birlikdayanisma.com\/v3\/2012\/10\/thyde-grev-yasagi-kalkti-simdi-sira-ise-iadelerde\/\" \/>\n<meta property=\"og:site_name\" content=\"Birlik Dayan\u0131\u015fma Hareketi\" \/>\n<meta property=\"article:published_time\" content=\"2012-10-19T19:47:34+00:00\" \/>\n<meta property=\"article:modified_time\" content=\"2021-11-03T10:24:12+00:00\" \/>\n<meta property=\"og:image\" content=\"https:\/\/birlikdayanisma.com\/v3\/wp-content\/uploads\/hava-is_grev_yasagi_kalkti.jpg\" \/>\n\t<meta property=\"og:image:width\" content=\"260\" \/>\n\t<meta property=\"og:image:height\" content=\"145\" \/>\n\t<meta property=\"og:image:type\" content=\"image\/jpeg\" \/>\n<meta name=\"author\" content=\"ist1\" \/>\n<meta name=\"twitter:card\" content=\"summary_large_image\" \/>\n<meta name=\"twitter:label1\" content=\"Yazan:\" \/>\n\t<meta name=\"twitter:data1\" content=\"ist1\" \/>\n\t<meta name=\"twitter:label2\" content=\"Tahmini okuma s\u00fcresi\" \/>\n\t<meta name=\"twitter:data2\" content=\"5 dakika\" \/>\n<script type=\"application\/ld+json\" class=\"yoast-schema-graph\">{\"@context\":\"https:\/\/schema.org\",\"@graph\":[{\"@type\":\"Article\",\"@id\":\"https:\/\/birlikdayanisma.com\/v3\/2012\/10\/thyde-grev-yasagi-kalkti-simdi-sira-ise-iadelerde\/#article\",\"isPartOf\":{\"@id\":\"https:\/\/birlikdayanisma.com\/v3\/2012\/10\/thyde-grev-yasagi-kalkti-simdi-sira-ise-iadelerde\/\"},\"author\":{\"name\":\"ist1\",\"@id\":\"https:\/\/birlikdayanisma.com\/v3\/#\/schema\/person\/a6c1604ac6e48c5cde049a78a437dfbe\"},\"headline\":\"THY&#8217;de grev yasa\u011f\u0131 kalkt\u0131, \u015fimdi s\u0131ra i\u015fe iadelerde\",\"datePublished\":\"2012-10-19T19:47:34+00:00\",\"dateModified\":\"2021-11-03T10:24:12+00:00\",\"mainEntityOfPage\":{\"@id\":\"https:\/\/birlikdayanisma.com\/v3\/2012\/10\/thyde-grev-yasagi-kalkti-simdi-sira-ise-iadelerde\/\"},\"wordCount\":1495,\"commentCount\":0,\"publisher\":{\"@id\":\"https:\/\/birlikdayanisma.com\/v3\/#organization\"},\"image\":{\"@id\":\"https:\/\/birlikdayanisma.com\/v3\/2012\/10\/thyde-grev-yasagi-kalkti-simdi-sira-ise-iadelerde\/#primaryimage\"},\"thumbnailUrl\":\"https:\/\/birlikdayanisma.com\/v3\/wp-content\/uploads\/hava-is_grev_yasagi_kalkti.jpg\",\"keywords\":[\"Hava-\u0130\u015f\",\"THY\"],\"articleSection\":[\"Haberler\",\"T\u00fcrkiyeden\"],\"inLanguage\":\"tr\",\"potentialAction\":[{\"@type\":\"CommentAction\",\"name\":\"Comment\",\"target\":[\"https:\/\/birlikdayanisma.com\/v3\/2012\/10\/thyde-grev-yasagi-kalkti-simdi-sira-ise-iadelerde\/#respond\"]}]},{\"@type\":\"WebPage\",\"@id\":\"https:\/\/birlikdayanisma.com\/v3\/2012\/10\/thyde-grev-yasagi-kalkti-simdi-sira-ise-iadelerde\/\",\"url\":\"https:\/\/birlikdayanisma.com\/v3\/2012\/10\/thyde-grev-yasagi-kalkti-simdi-sira-ise-iadelerde\/\",\"name\":\"THY'de grev yasa\u011f\u0131 kalkt\u0131, \u015fimdi s\u0131ra i\u015fe iadelerde &#8211; Birlik Dayan\u0131\u015fma Hareketi\",\"isPartOf\":{\"@id\":\"https:\/\/birlikdayanisma.com\/v3\/#website\"},\"primaryImageOfPage\":{\"@id\":\"https:\/\/birlikdayanisma.com\/v3\/2012\/10\/thyde-grev-yasagi-kalkti-simdi-sira-ise-iadelerde\/#primaryimage\"},\"image\":{\"@id\":\"https:\/\/birlikdayanisma.com\/v3\/2012\/10\/thyde-grev-yasagi-kalkti-simdi-sira-ise-iadelerde\/#primaryimage\"},\"thumbnailUrl\":\"https:\/\/birlikdayanisma.com\/v3\/wp-content\/uploads\/hava-is_grev_yasagi_kalkti.jpg\",\"datePublished\":\"2012-10-19T19:47:34+00:00\",\"dateModified\":\"2021-11-03T10:24:12+00:00\",\"description\":\"D\u00fcn ak\u015fam meclisten ge\u00e7erek yasala\u015fan Sendikalar ve Toplu \u0130\u015f S\u00f6zle\u015fmesi Yasas\u0131 ile mevcut durumda yasak olan hava i\u015f kolundaki grev yasa\u011f\u0131 ortadan\",\"breadcrumb\":{\"@id\":\"https:\/\/birlikdayanisma.com\/v3\/2012\/10\/thyde-grev-yasagi-kalkti-simdi-sira-ise-iadelerde\/#breadcrumb\"},\"inLanguage\":\"tr\",\"potentialAction\":[{\"@type\":\"ReadAction\",\"target\":[\"https:\/\/birlikdayanisma.com\/v3\/2012\/10\/thyde-grev-yasagi-kalkti-simdi-sira-ise-iadelerde\/\"]}]},{\"@type\":\"ImageObject\",\"inLanguage\":\"tr\",\"@id\":\"https:\/\/birlikdayanisma.com\/v3\/2012\/10\/thyde-grev-yasagi-kalkti-simdi-sira-ise-iadelerde\/#primaryimage\",\"url\":\"https:\/\/birlikdayanisma.com\/v3\/wp-content\/uploads\/hava-is_grev_yasagi_kalkti.jpg\",\"contentUrl\":\"https:\/\/birlikdayanisma.com\/v3\/wp-content\/uploads\/hava-is_grev_yasagi_kalkti.jpg\",\"width\":\"260\",\"height\":\"145\"},{\"@type\":\"BreadcrumbList\",\"@id\":\"https:\/\/birlikdayanisma.com\/v3\/2012\/10\/thyde-grev-yasagi-kalkti-simdi-sira-ise-iadelerde\/#breadcrumb\",\"itemListElement\":[{\"@type\":\"ListItem\",\"position\":1,\"name\":\"Ana sayfa\",\"item\":\"https:\/\/birlikdayanisma.com\/v3\/\"},{\"@type\":\"ListItem\",\"position\":2,\"name\":\"THY&#8217;de grev yasa\u011f\u0131 kalkt\u0131, \u015fimdi s\u0131ra i\u015fe iadelerde\"}]},{\"@type\":\"WebSite\",\"@id\":\"https:\/\/birlikdayanisma.com\/v3\/#website\",\"url\":\"https:\/\/birlikdayanisma.com\/v3\/\",\"name\":\"Birlik Dayan\u0131\u015fma Hareketi\",\"description\":\"\",\"publisher\":{\"@id\":\"https:\/\/birlikdayanisma.com\/v3\/#organization\"},\"potentialAction\":[{\"@type\":\"SearchAction\",\"target\":{\"@type\":\"EntryPoint\",\"urlTemplate\":\"https:\/\/birlikdayanisma.com\/v3\/?s={search_term_string}\"},\"query-input\":{\"@type\":\"PropertyValueSpecification\",\"valueRequired\":true,\"valueName\":\"search_term_string\"}}],\"inLanguage\":\"tr\"},{\"@type\":\"Organization\",\"@id\":\"https:\/\/birlikdayanisma.com\/v3\/#organization\",\"name\":\"Birlik Dayan\u0131\u015fma Hareketi\",\"url\":\"https:\/\/birlikdayanisma.com\/v3\/\",\"logo\":{\"@type\":\"ImageObject\",\"inLanguage\":\"tr\",\"@id\":\"https:\/\/birlikdayanisma.com\/v3\/#\/schema\/logo\/image\/\",\"url\":\"https:\/\/birlikdayanisma.com\/v3\/wp-content\/uploads\/bdh_logo_2016.png\",\"contentUrl\":\"https:\/\/birlikdayanisma.com\/v3\/wp-content\/uploads\/bdh_logo_2016.png\",\"width\":468,\"height\":60,\"caption\":\"Birlik Dayan\u0131\u015fma Hareketi\"},\"image\":{\"@id\":\"https:\/\/birlikdayanisma.com\/v3\/#\/schema\/logo\/image\/\"}},{\"@type\":\"Person\",\"@id\":\"https:\/\/birlikdayanisma.com\/v3\/#\/schema\/person\/a6c1604ac6e48c5cde049a78a437dfbe\",\"name\":\"ist1\",\"image\":{\"@type\":\"ImageObject\",\"inLanguage\":\"tr\",\"@id\":\"https:\/\/birlikdayanisma.com\/v3\/#\/schema\/person\/image\/\",\"url\":\"https:\/\/secure.gravatar.com\/avatar\/b0a7a88ac88ad67c164d694a0c190da5?s=96&d=mm&r=g\",\"contentUrl\":\"https:\/\/secure.gravatar.com\/avatar\/b0a7a88ac88ad67c164d694a0c190da5?s=96&d=mm&r=g\",\"caption\":\"ist1\"},\"url\":\"https:\/\/birlikdayanisma.com\/v3\/author\/ist1\/\"}]}<\/script>\n<!-- \/ Yoast SEO plugin. -->","yoast_head_json":{"title":"THY'de grev yasa\u011f\u0131 kalkt\u0131, \u015fimdi s\u0131ra i\u015fe iadelerde &#8211; Birlik Dayan\u0131\u015fma Hareketi","description":"D\u00fcn ak\u015fam meclisten ge\u00e7erek yasala\u015fan Sendikalar ve Toplu \u0130\u015f S\u00f6zle\u015fmesi Yasas\u0131 ile mevcut durumda yasak olan hava i\u015f kolundaki grev yasa\u011f\u0131 ortadan","robots":{"index":"index","follow":"follow","max-snippet":"max-snippet:-1","max-image-preview":"max-image-preview:large","max-video-preview":"max-video-preview:-1"},"canonical":"https:\/\/birlikdayanisma.com\/v3\/2012\/10\/thyde-grev-yasagi-kalkti-simdi-sira-ise-iadelerde\/","og_locale":"tr_TR","og_type":"article","og_title":"THY'de grev yasa\u011f\u0131 kalkt\u0131, \u015fimdi s\u0131ra i\u015fe iadelerde &#8211; Birlik Dayan\u0131\u015fma Hareketi","og_description":"D\u00fcn ak\u015fam meclisten ge\u00e7erek yasala\u015fan Sendikalar ve Toplu \u0130\u015f S\u00f6zle\u015fmesi Yasas\u0131 ile mevcut durumda yasak olan hava i\u015f kolundaki grev yasa\u011f\u0131 ortadan","og_url":"https:\/\/birlikdayanisma.com\/v3\/2012\/10\/thyde-grev-yasagi-kalkti-simdi-sira-ise-iadelerde\/","og_site_name":"Birlik Dayan\u0131\u015fma Hareketi","article_published_time":"2012-10-19T19:47:34+00:00","article_modified_time":"2021-11-03T10:24:12+00:00","og_image":[{"width":260,"height":145,"url":"https:\/\/birlikdayanisma.com\/v3\/wp-content\/uploads\/hava-is_grev_yasagi_kalkti.jpg","type":"image\/jpeg"}],"author":"ist1","twitter_card":"summary_large_image","twitter_misc":{"Yazan:":"ist1","Tahmini okuma s\u00fcresi":"5 dakika"},"schema":{"@context":"https:\/\/schema.org","@graph":[{"@type":"Article","@id":"https:\/\/birlikdayanisma.com\/v3\/2012\/10\/thyde-grev-yasagi-kalkti-simdi-sira-ise-iadelerde\/#article","isPartOf":{"@id":"https:\/\/birlikdayanisma.com\/v3\/2012\/10\/thyde-grev-yasagi-kalkti-simdi-sira-ise-iadelerde\/"},"author":{"name":"ist1","@id":"https:\/\/birlikdayanisma.com\/v3\/#\/schema\/person\/a6c1604ac6e48c5cde049a78a437dfbe"},"headline":"THY&#8217;de grev yasa\u011f\u0131 kalkt\u0131, \u015fimdi s\u0131ra i\u015fe iadelerde","datePublished":"2012-10-19T19:47:34+00:00","dateModified":"2021-11-03T10:24:12+00:00","mainEntityOfPage":{"@id":"https:\/\/birlikdayanisma.com\/v3\/2012\/10\/thyde-grev-yasagi-kalkti-simdi-sira-ise-iadelerde\/"},"wordCount":1495,"commentCount":0,"publisher":{"@id":"https:\/\/birlikdayanisma.com\/v3\/#organization"},"image":{"@id":"https:\/\/birlikdayanisma.com\/v3\/2012\/10\/thyde-grev-yasagi-kalkti-simdi-sira-ise-iadelerde\/#primaryimage"},"thumbnailUrl":"https:\/\/birlikdayanisma.com\/v3\/wp-content\/uploads\/hava-is_grev_yasagi_kalkti.jpg","keywords":["Hava-\u0130\u015f","THY"],"articleSection":["Haberler","T\u00fcrkiyeden"],"inLanguage":"tr","potentialAction":[{"@type":"CommentAction","name":"Comment","target":["https:\/\/birlikdayanisma.com\/v3\/2012\/10\/thyde-grev-yasagi-kalkti-simdi-sira-ise-iadelerde\/#respond"]}]},{"@type":"WebPage","@id":"https:\/\/birlikdayanisma.com\/v3\/2012\/10\/thyde-grev-yasagi-kalkti-simdi-sira-ise-iadelerde\/","url":"https:\/\/birlikdayanisma.com\/v3\/2012\/10\/thyde-grev-yasagi-kalkti-simdi-sira-ise-iadelerde\/","name":"THY'de grev yasa\u011f\u0131 kalkt\u0131, \u015fimdi s\u0131ra i\u015fe iadelerde &#8211; Birlik Dayan\u0131\u015fma Hareketi","isPartOf":{"@id":"https:\/\/birlikdayanisma.com\/v3\/#website"},"primaryImageOfPage":{"@id":"https:\/\/birlikdayanisma.com\/v3\/2012\/10\/thyde-grev-yasagi-kalkti-simdi-sira-ise-iadelerde\/#primaryimage"},"image":{"@id":"https:\/\/birlikdayanisma.com\/v3\/2012\/10\/thyde-grev-yasagi-kalkti-simdi-sira-ise-iadelerde\/#primaryimage"},"thumbnailUrl":"https:\/\/birlikdayanisma.com\/v3\/wp-content\/uploads\/hava-is_grev_yasagi_kalkti.jpg","datePublished":"2012-10-19T19:47:34+00:00","dateModified":"2021-11-03T10:24:12+00:00","description":"D\u00fcn ak\u015fam meclisten ge\u00e7erek yasala\u015fan Sendikalar ve Toplu \u0130\u015f S\u00f6zle\u015fmesi Yasas\u0131 ile mevcut durumda yasak olan hava i\u015f kolundaki grev yasa\u011f\u0131 ortadan","breadcrumb":{"@id":"https:\/\/birlikdayanisma.com\/v3\/2012\/10\/thyde-grev-yasagi-kalkti-simdi-sira-ise-iadelerde\/#breadcrumb"},"inLanguage":"tr","potentialAction":[{"@type":"ReadAction","target":["https:\/\/birlikdayanisma.com\/v3\/2012\/10\/thyde-grev-yasagi-kalkti-simdi-sira-ise-iadelerde\/"]}]},{"@type":"ImageObject","inLanguage":"tr","@id":"https:\/\/birlikdayanisma.com\/v3\/2012\/10\/thyde-grev-yasagi-kalkti-simdi-sira-ise-iadelerde\/#primaryimage","url":"https:\/\/birlikdayanisma.com\/v3\/wp-content\/uploads\/hava-is_grev_yasagi_kalkti.jpg","contentUrl":"https:\/\/birlikdayanisma.com\/v3\/wp-content\/uploads\/hava-is_grev_yasagi_kalkti.jpg","width":"260","height":"145"},{"@type":"BreadcrumbList","@id":"https:\/\/birlikdayanisma.com\/v3\/2012\/10\/thyde-grev-yasagi-kalkti-simdi-sira-ise-iadelerde\/#breadcrumb","itemListElement":[{"@type":"ListItem","position":1,"name":"Ana sayfa","item":"https:\/\/birlikdayanisma.com\/v3\/"},{"@type":"ListItem","position":2,"name":"THY&#8217;de grev yasa\u011f\u0131 kalkt\u0131, \u015fimdi s\u0131ra i\u015fe iadelerde"}]},{"@type":"WebSite","@id":"https:\/\/birlikdayanisma.com\/v3\/#website","url":"https:\/\/birlikdayanisma.com\/v3\/","name":"Birlik Dayan\u0131\u015fma Hareketi","description":"","publisher":{"@id":"https:\/\/birlikdayanisma.com\/v3\/#organization"},"potentialAction":[{"@type":"SearchAction","target":{"@type":"EntryPoint","urlTemplate":"https:\/\/birlikdayanisma.com\/v3\/?s={search_term_string}"},"query-input":{"@type":"PropertyValueSpecification","valueRequired":true,"valueName":"search_term_string"}}],"inLanguage":"tr"},{"@type":"Organization","@id":"https:\/\/birlikdayanisma.com\/v3\/#organization","name":"Birlik Dayan\u0131\u015fma Hareketi","url":"https:\/\/birlikdayanisma.com\/v3\/","logo":{"@type":"ImageObject","inLanguage":"tr","@id":"https:\/\/birlikdayanisma.com\/v3\/#\/schema\/logo\/image\/","url":"https:\/\/birlikdayanisma.com\/v3\/wp-content\/uploads\/bdh_logo_2016.png","contentUrl":"https:\/\/birlikdayanisma.com\/v3\/wp-content\/uploads\/bdh_logo_2016.png","width":468,"height":60,"caption":"Birlik Dayan\u0131\u015fma Hareketi"},"image":{"@id":"https:\/\/birlikdayanisma.com\/v3\/#\/schema\/logo\/image\/"}},{"@type":"Person","@id":"https:\/\/birlikdayanisma.com\/v3\/#\/schema\/person\/a6c1604ac6e48c5cde049a78a437dfbe","name":"ist1","image":{"@type":"ImageObject","inLanguage":"tr","@id":"https:\/\/birlikdayanisma.com\/v3\/#\/schema\/person\/image\/","url":"https:\/\/secure.gravatar.com\/avatar\/b0a7a88ac88ad67c164d694a0c190da5?s=96&d=mm&r=g","contentUrl":"https:\/\/secure.gravatar.com\/avatar\/b0a7a88ac88ad67c164d694a0c190da5?s=96&d=mm&r=g","caption":"ist1"},"url":"https:\/\/birlikdayanisma.com\/v3\/author\/ist1\/"}]}},"_links":{"self":[{"href":"https:\/\/birlikdayanisma.com\/v3\/wp-json\/wp\/v2\/posts\/3398","targetHints":{"allow":["GET"]}}],"collection":[{"href":"https:\/\/birlikdayanisma.com\/v3\/wp-json\/wp\/v2\/posts"}],"about":[{"href":"https:\/\/birlikdayanisma.com\/v3\/wp-json\/wp\/v2\/types\/post"}],"author":[{"embeddable":true,"href":"https:\/\/birlikdayanisma.com\/v3\/wp-json\/wp\/v2\/users\/6"}],"replies":[{"embeddable":true,"href":"https:\/\/birlikdayanisma.com\/v3\/wp-json\/wp\/v2\/comments?post=3398"}],"version-history":[{"count":1,"href":"https:\/\/birlikdayanisma.com\/v3\/wp-json\/wp\/v2\/posts\/3398\/revisions"}],"predecessor-version":[{"id":4207,"href":"https:\/\/birlikdayanisma.com\/v3\/wp-json\/wp\/v2\/posts\/3398\/revisions\/4207"}],"wp:featuredmedia":[{"embeddable":true,"href":"https:\/\/birlikdayanisma.com\/v3\/wp-json\/wp\/v2\/media\/3397"}],"wp:attachment":[{"href":"https:\/\/birlikdayanisma.com\/v3\/wp-json\/wp\/v2\/media?parent=3398"}],"wp:term":[{"taxonomy":"category","embeddable":true,"href":"https:\/\/birlikdayanisma.com\/v3\/wp-json\/wp\/v2\/categories?post=3398"},{"taxonomy":"post_tag","embeddable":true,"href":"https:\/\/birlikdayanisma.com\/v3\/wp-json\/wp\/v2\/tags?post=3398"}],"curies":[{"name":"wp","href":"https:\/\/api.w.org\/{rel}","templated":true}]}}