{"id":3414,"date":"2012-10-31T05:01:09","date_gmt":"2012-10-31T02:01:09","guid":{"rendered":"http:\/\/birlikdayanisma.com\/v3\/?p=3414"},"modified":"2021-11-03T13:21:04","modified_gmt":"2021-11-03T10:21:04","slug":"bir-is-iki-isci-yarim-maas","status":"publish","type":"post","link":"https:\/\/birlikdayanisma.com\/v3\/2012\/10\/bir-is-iki-isci-yarim-maas\/","title":{"rendered":"Bir i\u015f, iki i\u015f\u00e7i, yar\u0131m maa\u015f!"},"content":{"rendered":"<p>H\u00fck\u00fcmet, sendikalar\u0131n ele\u015ftirdi\u011fi esnek \u00e7al\u0131\u015fma plan\u0131ndan 2013 Y\u0131l\u0131 Program\u0131\u2019nda da vazge\u00e7medi. Esnek \u00e7al\u0131\u015fma program\u0131 hayata ge\u00e7erse, kriz d\u00f6nemlerinde bir i\u015f, iki i\u015f\u00e7i aras\u0131nda yar\u0131m maa\u015fla payla\u015ft\u0131r\u0131labilecek.<!--more--><strong>\u00c7al\u0131\u015fanlara h\u00fck\u00fcmetten k\u00f6t\u00fc haber var!<\/strong><br \/>\nH\u00fck\u00fcmet\u2019in 2013 y\u0131l\u0131 program\u0131nda bir patron krizi bahane ederek bir i\u015fi iki \u00e7al\u0131\u015fan\u0131na sadece yar\u0131m maa\u015fa yapt\u0131rabilecek. 2013 y\u0131l\u0131, \u00e7al\u0131\u015fan i\u00e7in k\u00f6t\u00fc haberlerle beraber geliyor. AKP h\u00fck\u00fcmeti, sendikalar\u0131n s\u00fcrekli ele\u015ftirerek uygulanmas\u0131n\u0131 istemedi\u011fi esnek \u00e7al\u0131\u015fma plan\u0131ndan 2013 Y\u0131l\u0131 Program\u0131\u2019nda da vazge\u00e7medi. Program hayata ge\u00e7erse, \u00e7al\u0131\u015fan\u0131n adeta \u00f6l\u00fcm ferman\u0131 anlam\u0131na gelen uygulamayla i\u015fveren \u201ckriz d\u00f6nemindeyim\u201d diyerek bir i\u015fi, iki i\u015f\u00e7i aras\u0131nda yar\u0131m maa\u015fla payla\u015ft\u0131r\u0131labilecek.<\/p>\n<p><strong>\u201c\u0130\u015f ba\u015f\u0131na mesai\u201d geliyor<\/strong><br \/>\nH\u00fck\u00fcmet, 2013 program\u0131nda \u201cevde \u00e7al\u0131\u015fma, uzaktan \u00e7al\u0131\u015fma, i\u015f payla\u015f\u0131m\u0131 ve esnek zaman\u201d metotlar\u0131n\u0131 yayg\u0131n \u015fekilde uygulamay\u0131 da hedefledi. Esnek zaman uygulamas\u0131 ile \u00e7al\u0131\u015fma saatleri d\u00fc\u015f\u00fcr\u00fcl\u00fcrken, maa\u015flar da indiriliyor. Bu kapsamdaki \u201ci\u015f ba\u015f\u0131na mesai\u201d uygulamas\u0131nda i\u015fverenin, belirli bir i\u015f yahut projeye \u00f6zel i\u015f\u00e7i istihdam etmesi, sonra da i\u015fine son vermesi \u00f6ng\u00f6r\u00fcl\u00fcyor.<\/p>\n<p><strong>\u0130\u015f\u00e7inin haklar\u0131 de\u011fi\u015fime u\u011frayacak<\/strong><br \/>\nEvden \u00e7al\u0131\u015fma ya da uzaktan \u00e7al\u0131\u015fma ad\u0131 verilen y\u00f6ntemse internetin kullan\u0131labilece\u011fi yahut par\u00e7a ba\u015f\u0131 i\u015flerin icra edilebilece\u011fi mesleklerde d\u00fc\u015f\u00fck maa\u015fla evden \u00e7al\u0131\u015fma olarak uygulanacak. B\u00f6ylece, evinden \u00e7al\u0131\u015fan i\u015f\u00e7inin sadece maa\u015f\u0131 d\u00fc\u015fmeyecek, sosyal g\u00fcvenlik ile ilgili haklar\u0131 da b\u00fcy\u00fck de\u011fi\u015fimlere u\u011frayabilecek. H\u00fck\u00fcmet, bu y\u00f6ntemde i\u015f ve aile ya\u015fam\u0131n\u0131n uyumu gerek\u00e7esi ile daha \u00e7ok kad\u0131nlar\u0131 i\u015faret ediyor.<\/p>\n<p><strong>Kriz d\u00f6nemlerinde bir i\u015f, iki i\u015f\u00e7i aras\u0131nda yar\u0131m maa\u015fla payla\u015ft\u0131r\u0131labilecek<\/strong><br \/>\nBir ba\u015fka se\u00e7enek de kriz gibi dar bo\u011faz durumlar\u0131n\u0131 gerek\u00e7e g\u00f6stererek bir i\u015fin iki i\u015f\u00e7i aras\u0131nda \u201ci\u015f payla\u015f\u0131m\u0131\u201d ad\u0131 alt\u0131nda payla\u015ft\u0131r\u0131lma uygulamas\u0131. Bu uygulamada, kriz gerek\u00e7e g\u00f6sterilerek maa\u015flar da, sosyal \u00f6denekler de i\u015fveren taraf\u0131ndan ikiye b\u00f6l\u00fcnebilecek. Program hayata ge\u00e7erse, kriz d\u00f6nemlerinde bir i\u015f, iki i\u015f\u00e7i aras\u0131nda yar\u0131m maa\u015fla payla\u015ft\u0131r\u0131labilecek.<\/p>\n<p><strong>K\u0131dem tazminat\u0131 fonunda da geri ad\u0131m yok<\/strong><br \/>\nH\u00fck\u00fcmetten di\u011fer bir k\u00f6t\u00fc haber ise, k\u0131dem tazminatlar\u0131 konusundan geldi.<\/p>\n<p>Daha \u00f6nce K\u0131dem Tazminat\u0131 Fonu&#8217;nun olu\u015fturulmas\u0131n\u0131 rafa kald\u0131rd\u0131k, g\u00fcndemimizden \u00e7\u0131kard\u0131k diyen h\u00fck\u00fcmet, K\u0131dem Tazminat\u0131 Fonu&#8217;nun olu\u015fturulmas\u0131nda geri ad\u0131m atmayarak, bu y\u00f6ndeki \u00e7al\u0131\u015fmalar\u0131n\u0131 s\u00fcrd\u00fcrd\u00fc\u011f\u00fcn\u00fc bildirdi.<\/p>\n<p>Bir gecede milletvekillerinin maa\u015flar\u0131n\u0131 art\u0131ranlar, i\u015f\u00e7ilere gelince bir i\u015fi, iki i\u015f\u00e7i aras\u0131nda yar\u0131m maa\u015fla payla\u015ft\u0131rabilmeyi reva g\u00f6r\u00fcyor.<\/p>\n<p>Kaynak: <a title=\"Yeni D\u00fcnya internet gazetesi\" href=\"https:\/\/yenidunya.org\/haber\/11604\/bir-iki-isci-yarim-maas\" target=\"_blank\" rel=\"noopener noreferrer\">YeniD\u00fcnya \u0130nternet Gazetesi<\/a><\/p>\n","protected":false},"excerpt":{"rendered":"<p>H\u00fck\u00fcmet, sendikalar\u0131n ele\u015ftirdi\u011fi esnek \u00e7al\u0131\u015fma plan\u0131ndan 2013 Y\u0131l\u0131 Program\u0131\u2019nda da vazge\u00e7medi. Esnek \u00e7al\u0131\u015fma program\u0131 hayata ge\u00e7erse, kriz d\u00f6nemlerinde bir i\u015f, iki i\u015f\u00e7i aras\u0131nda yar\u0131m maa\u015fla payla\u015ft\u0131r\u0131labilecek.<\/p>\n","protected":false},"author":6,"featured_media":3413,"comment_status":"open","ping_status":"open","sticky":false,"template":"","format":"standard","meta":{"_et_pb_use_builder":"","_et_pb_old_content":"","_et_gb_content_width":"","footnotes":""},"categories":[3,103],"tags":[214],"class_list":["post-3414","post","type-post","status-publish","format-standard","has-post-thumbnail","hentry","category-haberler","category-turkiyeden","tag-kidem-tazminati","et-has-post-format-content","et_post_format-et-post-format-standard"],"yoast_head":"<!-- This site is optimized with the Yoast SEO plugin v26.8 - https:\/\/yoast.com\/product\/yoast-seo-wordpress\/ -->\n<title>Bir i\u015f, iki i\u015f\u00e7i, yar\u0131m maa\u015f! &#8211; Birlik Dayan\u0131\u015fma Hareketi<\/title>\n<meta name=\"description\" content=\"H\u00fck\u00fcmet, sendikalar\u0131n ele\u015ftirdi\u011fi esnek \u00e7al\u0131\u015fma plan\u0131ndan 2013 Y\u0131l\u0131 Program\u0131\u2019nda da vazge\u00e7medi. Esnek \u00e7al\u0131\u015fma program\u0131 hayata ge\u00e7erse, kriz d\u00f6nemlerinde\" \/>\n<meta name=\"robots\" content=\"index, follow, max-snippet:-1, max-image-preview:large, max-video-preview:-1\" \/>\n<link rel=\"canonical\" href=\"https:\/\/birlikdayanisma.com\/v3\/2012\/10\/bir-is-iki-isci-yarim-maas\/\" \/>\n<meta property=\"og:locale\" content=\"tr_TR\" \/>\n<meta property=\"og:type\" content=\"article\" \/>\n<meta property=\"og:title\" content=\"Bir i\u015f, iki i\u015f\u00e7i, yar\u0131m maa\u015f! &#8211; Birlik Dayan\u0131\u015fma Hareketi\" \/>\n<meta property=\"og:description\" content=\"H\u00fck\u00fcmet, sendikalar\u0131n ele\u015ftirdi\u011fi esnek \u00e7al\u0131\u015fma plan\u0131ndan 2013 Y\u0131l\u0131 Program\u0131\u2019nda da vazge\u00e7medi. Esnek \u00e7al\u0131\u015fma program\u0131 hayata ge\u00e7erse, kriz d\u00f6nemlerinde\" \/>\n<meta property=\"og:url\" content=\"https:\/\/birlikdayanisma.com\/v3\/2012\/10\/bir-is-iki-isci-yarim-maas\/\" \/>\n<meta property=\"og:site_name\" content=\"Birlik Dayan\u0131\u015fma Hareketi\" \/>\n<meta property=\"article:published_time\" content=\"2012-10-31T02:01:09+00:00\" \/>\n<meta property=\"article:modified_time\" content=\"2021-11-03T10:21:04+00:00\" \/>\n<meta property=\"og:image\" content=\"https:\/\/birlikdayanisma.com\/v3\/wp-content\/uploads\/tam_is_yarim_maas.jpg\" \/>\n\t<meta property=\"og:image:width\" content=\"260\" \/>\n\t<meta property=\"og:image:height\" content=\"145\" \/>\n\t<meta property=\"og:image:type\" content=\"image\/jpeg\" \/>\n<meta name=\"author\" content=\"ist1\" \/>\n<meta name=\"twitter:card\" content=\"summary_large_image\" \/>\n<meta name=\"twitter:label1\" content=\"Yazan:\" \/>\n\t<meta name=\"twitter:data1\" content=\"ist1\" \/>\n\t<meta name=\"twitter:label2\" content=\"Tahmini okuma s\u00fcresi\" \/>\n\t<meta name=\"twitter:data2\" content=\"2 dakika\" \/>\n<script type=\"application\/ld+json\" class=\"yoast-schema-graph\">{\"@context\":\"https:\/\/schema.org\",\"@graph\":[{\"@type\":\"Article\",\"@id\":\"https:\/\/birlikdayanisma.com\/v3\/2012\/10\/bir-is-iki-isci-yarim-maas\/#article\",\"isPartOf\":{\"@id\":\"https:\/\/birlikdayanisma.com\/v3\/2012\/10\/bir-is-iki-isci-yarim-maas\/\"},\"author\":{\"name\":\"ist1\",\"@id\":\"https:\/\/birlikdayanisma.com\/v3\/#\/schema\/person\/a6c1604ac6e48c5cde049a78a437dfbe\"},\"headline\":\"Bir i\u015f, iki i\u015f\u00e7i, yar\u0131m maa\u015f!\",\"datePublished\":\"2012-10-31T02:01:09+00:00\",\"dateModified\":\"2021-11-03T10:21:04+00:00\",\"mainEntityOfPage\":{\"@id\":\"https:\/\/birlikdayanisma.com\/v3\/2012\/10\/bir-is-iki-isci-yarim-maas\/\"},\"wordCount\":530,\"commentCount\":0,\"publisher\":{\"@id\":\"https:\/\/birlikdayanisma.com\/v3\/#organization\"},\"image\":{\"@id\":\"https:\/\/birlikdayanisma.com\/v3\/2012\/10\/bir-is-iki-isci-yarim-maas\/#primaryimage\"},\"thumbnailUrl\":\"https:\/\/birlikdayanisma.com\/v3\/wp-content\/uploads\/tam_is_yarim_maas.jpg\",\"keywords\":[\"k\u0131dem tazminat\u0131\"],\"articleSection\":[\"Haberler\",\"T\u00fcrkiyeden\"],\"inLanguage\":\"tr\",\"potentialAction\":[{\"@type\":\"CommentAction\",\"name\":\"Comment\",\"target\":[\"https:\/\/birlikdayanisma.com\/v3\/2012\/10\/bir-is-iki-isci-yarim-maas\/#respond\"]}]},{\"@type\":\"WebPage\",\"@id\":\"https:\/\/birlikdayanisma.com\/v3\/2012\/10\/bir-is-iki-isci-yarim-maas\/\",\"url\":\"https:\/\/birlikdayanisma.com\/v3\/2012\/10\/bir-is-iki-isci-yarim-maas\/\",\"name\":\"Bir i\u015f, iki i\u015f\u00e7i, yar\u0131m maa\u015f! &#8211; Birlik Dayan\u0131\u015fma Hareketi\",\"isPartOf\":{\"@id\":\"https:\/\/birlikdayanisma.com\/v3\/#website\"},\"primaryImageOfPage\":{\"@id\":\"https:\/\/birlikdayanisma.com\/v3\/2012\/10\/bir-is-iki-isci-yarim-maas\/#primaryimage\"},\"image\":{\"@id\":\"https:\/\/birlikdayanisma.com\/v3\/2012\/10\/bir-is-iki-isci-yarim-maas\/#primaryimage\"},\"thumbnailUrl\":\"https:\/\/birlikdayanisma.com\/v3\/wp-content\/uploads\/tam_is_yarim_maas.jpg\",\"datePublished\":\"2012-10-31T02:01:09+00:00\",\"dateModified\":\"2021-11-03T10:21:04+00:00\",\"description\":\"H\u00fck\u00fcmet, sendikalar\u0131n ele\u015ftirdi\u011fi esnek \u00e7al\u0131\u015fma plan\u0131ndan 2013 Y\u0131l\u0131 Program\u0131\u2019nda da vazge\u00e7medi. Esnek \u00e7al\u0131\u015fma program\u0131 hayata ge\u00e7erse, kriz d\u00f6nemlerinde\",\"breadcrumb\":{\"@id\":\"https:\/\/birlikdayanisma.com\/v3\/2012\/10\/bir-is-iki-isci-yarim-maas\/#breadcrumb\"},\"inLanguage\":\"tr\",\"potentialAction\":[{\"@type\":\"ReadAction\",\"target\":[\"https:\/\/birlikdayanisma.com\/v3\/2012\/10\/bir-is-iki-isci-yarim-maas\/\"]}]},{\"@type\":\"ImageObject\",\"inLanguage\":\"tr\",\"@id\":\"https:\/\/birlikdayanisma.com\/v3\/2012\/10\/bir-is-iki-isci-yarim-maas\/#primaryimage\",\"url\":\"https:\/\/birlikdayanisma.com\/v3\/wp-content\/uploads\/tam_is_yarim_maas.jpg\",\"contentUrl\":\"https:\/\/birlikdayanisma.com\/v3\/wp-content\/uploads\/tam_is_yarim_maas.jpg\",\"width\":\"260\",\"height\":\"145\"},{\"@type\":\"BreadcrumbList\",\"@id\":\"https:\/\/birlikdayanisma.com\/v3\/2012\/10\/bir-is-iki-isci-yarim-maas\/#breadcrumb\",\"itemListElement\":[{\"@type\":\"ListItem\",\"position\":1,\"name\":\"Ana sayfa\",\"item\":\"https:\/\/birlikdayanisma.com\/v3\/\"},{\"@type\":\"ListItem\",\"position\":2,\"name\":\"Bir i\u015f, iki i\u015f\u00e7i, yar\u0131m maa\u015f!\"}]},{\"@type\":\"WebSite\",\"@id\":\"https:\/\/birlikdayanisma.com\/v3\/#website\",\"url\":\"https:\/\/birlikdayanisma.com\/v3\/\",\"name\":\"Birlik Dayan\u0131\u015fma Hareketi\",\"description\":\"\",\"publisher\":{\"@id\":\"https:\/\/birlikdayanisma.com\/v3\/#organization\"},\"potentialAction\":[{\"@type\":\"SearchAction\",\"target\":{\"@type\":\"EntryPoint\",\"urlTemplate\":\"https:\/\/birlikdayanisma.com\/v3\/?s={search_term_string}\"},\"query-input\":{\"@type\":\"PropertyValueSpecification\",\"valueRequired\":true,\"valueName\":\"search_term_string\"}}],\"inLanguage\":\"tr\"},{\"@type\":\"Organization\",\"@id\":\"https:\/\/birlikdayanisma.com\/v3\/#organization\",\"name\":\"Birlik Dayan\u0131\u015fma Hareketi\",\"url\":\"https:\/\/birlikdayanisma.com\/v3\/\",\"logo\":{\"@type\":\"ImageObject\",\"inLanguage\":\"tr\",\"@id\":\"https:\/\/birlikdayanisma.com\/v3\/#\/schema\/logo\/image\/\",\"url\":\"https:\/\/birlikdayanisma.com\/v3\/wp-content\/uploads\/bdh_logo_2016.png\",\"contentUrl\":\"https:\/\/birlikdayanisma.com\/v3\/wp-content\/uploads\/bdh_logo_2016.png\",\"width\":468,\"height\":60,\"caption\":\"Birlik Dayan\u0131\u015fma Hareketi\"},\"image\":{\"@id\":\"https:\/\/birlikdayanisma.com\/v3\/#\/schema\/logo\/image\/\"}},{\"@type\":\"Person\",\"@id\":\"https:\/\/birlikdayanisma.com\/v3\/#\/schema\/person\/a6c1604ac6e48c5cde049a78a437dfbe\",\"name\":\"ist1\",\"image\":{\"@type\":\"ImageObject\",\"inLanguage\":\"tr\",\"@id\":\"https:\/\/birlikdayanisma.com\/v3\/#\/schema\/person\/image\/\",\"url\":\"https:\/\/secure.gravatar.com\/avatar\/b0a7a88ac88ad67c164d694a0c190da5?s=96&d=mm&r=g\",\"contentUrl\":\"https:\/\/secure.gravatar.com\/avatar\/b0a7a88ac88ad67c164d694a0c190da5?s=96&d=mm&r=g\",\"caption\":\"ist1\"},\"url\":\"https:\/\/birlikdayanisma.com\/v3\/author\/ist1\/\"}]}<\/script>\n<!-- \/ Yoast SEO plugin. -->","yoast_head_json":{"title":"Bir i\u015f, iki i\u015f\u00e7i, yar\u0131m maa\u015f! &#8211; Birlik Dayan\u0131\u015fma Hareketi","description":"H\u00fck\u00fcmet, sendikalar\u0131n ele\u015ftirdi\u011fi esnek \u00e7al\u0131\u015fma plan\u0131ndan 2013 Y\u0131l\u0131 Program\u0131\u2019nda da vazge\u00e7medi. Esnek \u00e7al\u0131\u015fma program\u0131 hayata ge\u00e7erse, kriz d\u00f6nemlerinde","robots":{"index":"index","follow":"follow","max-snippet":"max-snippet:-1","max-image-preview":"max-image-preview:large","max-video-preview":"max-video-preview:-1"},"canonical":"https:\/\/birlikdayanisma.com\/v3\/2012\/10\/bir-is-iki-isci-yarim-maas\/","og_locale":"tr_TR","og_type":"article","og_title":"Bir i\u015f, iki i\u015f\u00e7i, yar\u0131m maa\u015f! &#8211; Birlik Dayan\u0131\u015fma Hareketi","og_description":"H\u00fck\u00fcmet, sendikalar\u0131n ele\u015ftirdi\u011fi esnek \u00e7al\u0131\u015fma plan\u0131ndan 2013 Y\u0131l\u0131 Program\u0131\u2019nda da vazge\u00e7medi. Esnek \u00e7al\u0131\u015fma program\u0131 hayata ge\u00e7erse, kriz d\u00f6nemlerinde","og_url":"https:\/\/birlikdayanisma.com\/v3\/2012\/10\/bir-is-iki-isci-yarim-maas\/","og_site_name":"Birlik Dayan\u0131\u015fma Hareketi","article_published_time":"2012-10-31T02:01:09+00:00","article_modified_time":"2021-11-03T10:21:04+00:00","og_image":[{"width":260,"height":145,"url":"https:\/\/birlikdayanisma.com\/v3\/wp-content\/uploads\/tam_is_yarim_maas.jpg","type":"image\/jpeg"}],"author":"ist1","twitter_card":"summary_large_image","twitter_misc":{"Yazan:":"ist1","Tahmini okuma s\u00fcresi":"2 dakika"},"schema":{"@context":"https:\/\/schema.org","@graph":[{"@type":"Article","@id":"https:\/\/birlikdayanisma.com\/v3\/2012\/10\/bir-is-iki-isci-yarim-maas\/#article","isPartOf":{"@id":"https:\/\/birlikdayanisma.com\/v3\/2012\/10\/bir-is-iki-isci-yarim-maas\/"},"author":{"name":"ist1","@id":"https:\/\/birlikdayanisma.com\/v3\/#\/schema\/person\/a6c1604ac6e48c5cde049a78a437dfbe"},"headline":"Bir i\u015f, iki i\u015f\u00e7i, yar\u0131m maa\u015f!","datePublished":"2012-10-31T02:01:09+00:00","dateModified":"2021-11-03T10:21:04+00:00","mainEntityOfPage":{"@id":"https:\/\/birlikdayanisma.com\/v3\/2012\/10\/bir-is-iki-isci-yarim-maas\/"},"wordCount":530,"commentCount":0,"publisher":{"@id":"https:\/\/birlikdayanisma.com\/v3\/#organization"},"image":{"@id":"https:\/\/birlikdayanisma.com\/v3\/2012\/10\/bir-is-iki-isci-yarim-maas\/#primaryimage"},"thumbnailUrl":"https:\/\/birlikdayanisma.com\/v3\/wp-content\/uploads\/tam_is_yarim_maas.jpg","keywords":["k\u0131dem tazminat\u0131"],"articleSection":["Haberler","T\u00fcrkiyeden"],"inLanguage":"tr","potentialAction":[{"@type":"CommentAction","name":"Comment","target":["https:\/\/birlikdayanisma.com\/v3\/2012\/10\/bir-is-iki-isci-yarim-maas\/#respond"]}]},{"@type":"WebPage","@id":"https:\/\/birlikdayanisma.com\/v3\/2012\/10\/bir-is-iki-isci-yarim-maas\/","url":"https:\/\/birlikdayanisma.com\/v3\/2012\/10\/bir-is-iki-isci-yarim-maas\/","name":"Bir i\u015f, iki i\u015f\u00e7i, yar\u0131m maa\u015f! &#8211; Birlik Dayan\u0131\u015fma Hareketi","isPartOf":{"@id":"https:\/\/birlikdayanisma.com\/v3\/#website"},"primaryImageOfPage":{"@id":"https:\/\/birlikdayanisma.com\/v3\/2012\/10\/bir-is-iki-isci-yarim-maas\/#primaryimage"},"image":{"@id":"https:\/\/birlikdayanisma.com\/v3\/2012\/10\/bir-is-iki-isci-yarim-maas\/#primaryimage"},"thumbnailUrl":"https:\/\/birlikdayanisma.com\/v3\/wp-content\/uploads\/tam_is_yarim_maas.jpg","datePublished":"2012-10-31T02:01:09+00:00","dateModified":"2021-11-03T10:21:04+00:00","description":"H\u00fck\u00fcmet, sendikalar\u0131n ele\u015ftirdi\u011fi esnek \u00e7al\u0131\u015fma plan\u0131ndan 2013 Y\u0131l\u0131 Program\u0131\u2019nda da vazge\u00e7medi. Esnek \u00e7al\u0131\u015fma program\u0131 hayata ge\u00e7erse, kriz d\u00f6nemlerinde","breadcrumb":{"@id":"https:\/\/birlikdayanisma.com\/v3\/2012\/10\/bir-is-iki-isci-yarim-maas\/#breadcrumb"},"inLanguage":"tr","potentialAction":[{"@type":"ReadAction","target":["https:\/\/birlikdayanisma.com\/v3\/2012\/10\/bir-is-iki-isci-yarim-maas\/"]}]},{"@type":"ImageObject","inLanguage":"tr","@id":"https:\/\/birlikdayanisma.com\/v3\/2012\/10\/bir-is-iki-isci-yarim-maas\/#primaryimage","url":"https:\/\/birlikdayanisma.com\/v3\/wp-content\/uploads\/tam_is_yarim_maas.jpg","contentUrl":"https:\/\/birlikdayanisma.com\/v3\/wp-content\/uploads\/tam_is_yarim_maas.jpg","width":"260","height":"145"},{"@type":"BreadcrumbList","@id":"https:\/\/birlikdayanisma.com\/v3\/2012\/10\/bir-is-iki-isci-yarim-maas\/#breadcrumb","itemListElement":[{"@type":"ListItem","position":1,"name":"Ana sayfa","item":"https:\/\/birlikdayanisma.com\/v3\/"},{"@type":"ListItem","position":2,"name":"Bir i\u015f, iki i\u015f\u00e7i, yar\u0131m maa\u015f!"}]},{"@type":"WebSite","@id":"https:\/\/birlikdayanisma.com\/v3\/#website","url":"https:\/\/birlikdayanisma.com\/v3\/","name":"Birlik Dayan\u0131\u015fma Hareketi","description":"","publisher":{"@id":"https:\/\/birlikdayanisma.com\/v3\/#organization"},"potentialAction":[{"@type":"SearchAction","target":{"@type":"EntryPoint","urlTemplate":"https:\/\/birlikdayanisma.com\/v3\/?s={search_term_string}"},"query-input":{"@type":"PropertyValueSpecification","valueRequired":true,"valueName":"search_term_string"}}],"inLanguage":"tr"},{"@type":"Organization","@id":"https:\/\/birlikdayanisma.com\/v3\/#organization","name":"Birlik Dayan\u0131\u015fma Hareketi","url":"https:\/\/birlikdayanisma.com\/v3\/","logo":{"@type":"ImageObject","inLanguage":"tr","@id":"https:\/\/birlikdayanisma.com\/v3\/#\/schema\/logo\/image\/","url":"https:\/\/birlikdayanisma.com\/v3\/wp-content\/uploads\/bdh_logo_2016.png","contentUrl":"https:\/\/birlikdayanisma.com\/v3\/wp-content\/uploads\/bdh_logo_2016.png","width":468,"height":60,"caption":"Birlik Dayan\u0131\u015fma Hareketi"},"image":{"@id":"https:\/\/birlikdayanisma.com\/v3\/#\/schema\/logo\/image\/"}},{"@type":"Person","@id":"https:\/\/birlikdayanisma.com\/v3\/#\/schema\/person\/a6c1604ac6e48c5cde049a78a437dfbe","name":"ist1","image":{"@type":"ImageObject","inLanguage":"tr","@id":"https:\/\/birlikdayanisma.com\/v3\/#\/schema\/person\/image\/","url":"https:\/\/secure.gravatar.com\/avatar\/b0a7a88ac88ad67c164d694a0c190da5?s=96&d=mm&r=g","contentUrl":"https:\/\/secure.gravatar.com\/avatar\/b0a7a88ac88ad67c164d694a0c190da5?s=96&d=mm&r=g","caption":"ist1"},"url":"https:\/\/birlikdayanisma.com\/v3\/author\/ist1\/"}]}},"_links":{"self":[{"href":"https:\/\/birlikdayanisma.com\/v3\/wp-json\/wp\/v2\/posts\/3414","targetHints":{"allow":["GET"]}}],"collection":[{"href":"https:\/\/birlikdayanisma.com\/v3\/wp-json\/wp\/v2\/posts"}],"about":[{"href":"https:\/\/birlikdayanisma.com\/v3\/wp-json\/wp\/v2\/types\/post"}],"author":[{"embeddable":true,"href":"https:\/\/birlikdayanisma.com\/v3\/wp-json\/wp\/v2\/users\/6"}],"replies":[{"embeddable":true,"href":"https:\/\/birlikdayanisma.com\/v3\/wp-json\/wp\/v2\/comments?post=3414"}],"version-history":[{"count":2,"href":"https:\/\/birlikdayanisma.com\/v3\/wp-json\/wp\/v2\/posts\/3414\/revisions"}],"predecessor-version":[{"id":4205,"href":"https:\/\/birlikdayanisma.com\/v3\/wp-json\/wp\/v2\/posts\/3414\/revisions\/4205"}],"wp:featuredmedia":[{"embeddable":true,"href":"https:\/\/birlikdayanisma.com\/v3\/wp-json\/wp\/v2\/media\/3413"}],"wp:attachment":[{"href":"https:\/\/birlikdayanisma.com\/v3\/wp-json\/wp\/v2\/media?parent=3414"}],"wp:term":[{"taxonomy":"category","embeddable":true,"href":"https:\/\/birlikdayanisma.com\/v3\/wp-json\/wp\/v2\/categories?post=3414"},{"taxonomy":"post_tag","embeddable":true,"href":"https:\/\/birlikdayanisma.com\/v3\/wp-json\/wp\/v2\/tags?post=3414"}],"curies":[{"name":"wp","href":"https:\/\/api.w.org\/{rel}","templated":true}]}}