{"id":673,"date":"2008-07-21T06:08:19","date_gmt":"2008-07-21T10:08:19","guid":{"rendered":"http:\/\/birlikdayanisma.com\/v3\/?p=673"},"modified":"2009-06-13T04:49:16","modified_gmt":"2009-06-13T08:49:16","slug":"kemal-turkler","status":"publish","type":"post","link":"https:\/\/birlikdayanisma.com\/v3\/2008\/07\/kemal-turkler\/","title":{"rendered":"Kemal T\u00fcrkler an\u0131l\u0131yor"},"content":{"rendered":"<p align=\"justify\">Birlik Dayan\u0131\u015fma Hareketi olarak T\u00fcrkiye i\u015f\u00e7i s\u0131n\u0131f\u0131n\u0131n yeti\u015ftirdi\u011fi en yi\u011fit evlatlar\u0131ndan KEMAL T\u00dcRKLER&#8217;i 22 Temmuz Sal\u0131 g\u00fcn\u00fc saat: 11:00&#8217;de \u0130stanbul\u2019da Topkap\u0131 Mezarl\u0131\u011f\u0131&#8217;nda bulunan mezar\u0131 ba\u015f\u0131nda anaca\u011f\u0131z.<\/p>\n<p align=\"justify\"><!--more-->Devrimci \u0130\u015f\u00e7i sendikalar\u0131 D\u0130SK&#8217;in kurulu\u015fundan 1977 y\u0131l\u0131na kadar T\u00fcrkiye&#8217;nin bu en m\u00fccadeleci konfederasyonunun ba\u015fkanl\u0131\u011f\u0131n\u0131 yapan KEMAL T\u00dcRKLER hayat\u0131n\u0131 i\u015f\u00e7i s\u0131n\u0131f\u0131 m\u00fccadelesine adam\u0131\u015f, daha \u00f6zg\u00fcr, daha e\u015fit, daha adil, karde\u015f\u00e7e ya\u015fanabilir bir d\u00fcnya yaratabilmek i\u00e7in bir \u00f6m\u00fcr m\u00fccadele etmi\u015fti. M\u00fccadelenin y\u00fckseldi\u011fi, i\u015f\u00e7i s\u0131n\u0131f\u0131n\u0131n iktidara y\u00fcr\u00fcd\u00fc\u011f\u00fc y\u0131llarda katledilen KEMAL T\u00dcRKLER \u00fclkemizde s\u0131n\u0131f ve kitle sendikac\u0131l\u0131\u011f\u0131n\u0131 \u015fiar edinmi\u015f ender sendikac\u0131lardand\u0131. KEMAL T\u00dcRKLER 22 Temmuz 1980\u2019de D\u0130SK\u2019e giderken evinin \u00f6n\u00fcnde kurulmu\u015f hain bir pusuda \u00f6rd\u00fcr\u00fclm\u00fc\u015ft\u00fc. <strong><\/strong><\/p>\n<p align=\"justify\"><strong>Onurlu bir sendikac\u0131yd\u0131, fa\u015fistler katletti onu!<\/strong><br \/>\n12 Eyl\u00fcl\u2019den sonra g\u00f6r\u00fclen MHP ana davas\u0131nda T\u00dcRKLER\u2019in katli de g\u00fcndeme gelmi\u015f ve \u00f6l\u00fcm emrini do\u011frudan Alparslan T\u00fcrke\u015f\u2019in verdi\u011fi hukuksal olarak olmasa da fiilen ortaya \u00e7\u0131km\u0131\u015ft\u0131. Asl\u0131nda T\u00dcRKLER\u2019in m\u00fccadele arkada\u015flar\u0131 en ba\u015ftan beri teti\u011fin arkas\u0131ndaki eli ve hedefini \u00e7ok iyi biliyordu. T\u00dcRKLER&#8217;in cenazesine Alparslan T\u00fcrke\u015f imzas\u0131yla g\u00f6nderilen \u00e7elengin binlerce i\u015f\u00e7inin ayaklar\u0131 alt\u0131nda par\u00e7alanmas\u0131 herhalde bunun en a\u00e7\u0131k g\u00f6stergelerindendi. Ancak aradan ge\u00e7en onlarca y\u0131la ra\u011fmen ne azmettiriciler ne de onlar\u0131n ma\u015fas\u0131 olan tetik\u00e7iler hak ettikleri cezay\u0131 almad\u0131.<\/p>\n<p align=\"justify\"><strong>D\u00fcn\u00fc bug\u00fcne ba\u011flayal\u0131m<br \/>\n<\/strong>O y\u0131llardan bug\u00fcne T\u00fcrkiye\u2019nin t\u0131pk\u0131 insan haklar\u0131 alan\u0131nda oldu\u011fu gibi sendikal haklar alan\u0131nda da ald\u0131\u011f\u0131 yol ancak birka\u00e7 arpa boyu. Bug\u00fcn belediye i\u015f\u00e7ilerine, daha d\u00fcn liman i\u015f\u00e7ilerine, nakliyat i\u015f\u00e7ilerine, deri i\u015f\u00e7ilerine ve sendikalar\u0131na yap\u0131lan sald\u0131r\u0131lar bunlardan sadece baz\u0131lar\u0131. Sosyal ve ekonomik y\u0131k\u0131m\u0131n daha da \u015fiddetlendi\u011fi g\u00fcn\u00fcm\u00fczde i\u015f\u00e7i s\u0131n\u0131f\u0131n\u0131n yeni KEMAL T\u00dcRKLER gibi s\u0131ra neferlerine ihtiyac\u0131 var. S\u0131n\u0131f ve kitle sendikac\u0131l\u0131\u011f\u0131n\u0131 \u015fiar edinmi\u015f, i\u015f\u00e7inin yan\u0131nda, cesur, uzla\u015fmaz s\u0131n\u0131f \u00e7eli\u015fkilerinden beslenen, d\u00fcr\u00fcst ve namuslu sendikac\u0131larla bu m\u00fccadeleyi tekrar ye\u015fertece\u011fimize inan\u0131yoruz.<\/p>\n<p align=\"justify\">Ba\u015fkan\u0131n, i\u015f yeri ziyaretlerinde, bas\u0131n a\u00e7\u0131klamalar\u0131nda s\u0131k\u00e7a yineledi\u011fi, Naz\u0131m\u2019a ait bir dizede dendi\u011fi gibi: <em>\u201cBurjuvazi bizi kavgaya davet etti davetleri kabul\u00fcm\u00fczd\u00fcr!\u201d<\/em><\/p>\n","protected":false},"excerpt":{"rendered":"<p>Birlik Dayan\u0131\u015fma Hareketi olarak T\u00fcrkiye i\u015f\u00e7i s\u0131n\u0131f\u0131n\u0131n yeti\u015ftirdi\u011fi en yi\u011fit evlatlar\u0131ndan KEMAL T\u00dcRKLER&#8217;i 22 Temmuz Sal\u0131 g\u00fcn\u00fc saat: 11:00&#8217;de \u0130stanbul\u2019da Topkap\u0131 Mezarl\u0131\u011f\u0131&#8217;nda bulunan mezar\u0131 ba\u015f\u0131nda anaca\u011f\u0131z.<\/p>\n","protected":false},"author":4,"featured_media":0,"comment_status":"closed","ping_status":"open","sticky":false,"template":"","format":"standard","meta":{"_et_pb_use_builder":"","_et_pb_old_content":"","_et_gb_content_width":"","footnotes":""},"categories":[103],"tags":[7,6,5],"class_list":["post-673","post","type-post","status-publish","format-standard","hentry","category-turkiyeden","tag-anma","tag-bdh","tag-kemal-turkler","et-doesnt-have-format-content","et_post_format-et-post-format-standard"],"yoast_head":"<!-- This site is optimized with the Yoast SEO plugin v26.8 - https:\/\/yoast.com\/product\/yoast-seo-wordpress\/ -->\n<title>Kemal T\u00fcrkler an\u0131l\u0131yor &#8211; Birlik Dayan\u0131\u015fma Hareketi<\/title>\n<meta name=\"description\" content=\"Birlik Dayan\u0131\u015fma Hareketi olarak T\u00fcrkiye i\u015f\u00e7i s\u0131n\u0131f\u0131n\u0131n yeti\u015ftirdi\u011fi en yi\u011fit evlatlar\u0131ndan KEMAL T\u00dcRKLER&#039;i 22 Temmuz Sal\u0131 g\u00fcn\u00fc saat: 11:00&#039;de \u0130stanbul\u2019da\" \/>\n<meta name=\"robots\" content=\"index, follow, max-snippet:-1, max-image-preview:large, max-video-preview:-1\" \/>\n<link rel=\"canonical\" href=\"https:\/\/birlikdayanisma.com\/v3\/2008\/07\/kemal-turkler\/\" \/>\n<meta property=\"og:locale\" content=\"tr_TR\" \/>\n<meta property=\"og:type\" content=\"article\" \/>\n<meta property=\"og:title\" content=\"Kemal T\u00fcrkler an\u0131l\u0131yor &#8211; Birlik Dayan\u0131\u015fma Hareketi\" \/>\n<meta property=\"og:description\" content=\"Birlik Dayan\u0131\u015fma Hareketi olarak T\u00fcrkiye i\u015f\u00e7i s\u0131n\u0131f\u0131n\u0131n yeti\u015ftirdi\u011fi en yi\u011fit evlatlar\u0131ndan KEMAL T\u00dcRKLER&#039;i 22 Temmuz Sal\u0131 g\u00fcn\u00fc saat: 11:00&#039;de \u0130stanbul\u2019da\" \/>\n<meta property=\"og:url\" content=\"https:\/\/birlikdayanisma.com\/v3\/2008\/07\/kemal-turkler\/\" \/>\n<meta property=\"og:site_name\" content=\"Birlik Dayan\u0131\u015fma Hareketi\" \/>\n<meta property=\"article:published_time\" content=\"2008-07-21T10:08:19+00:00\" \/>\n<meta property=\"article:modified_time\" content=\"2009-06-13T08:49:16+00:00\" \/>\n<meta name=\"author\" content=\"root\" \/>\n<meta name=\"twitter:card\" content=\"summary_large_image\" \/>\n<meta name=\"twitter:label1\" content=\"Yazan:\" \/>\n\t<meta name=\"twitter:data1\" content=\"root\" \/>\n\t<meta name=\"twitter:label2\" content=\"Tahmini okuma s\u00fcresi\" \/>\n\t<meta name=\"twitter:data2\" content=\"2 dakika\" \/>\n<script type=\"application\/ld+json\" class=\"yoast-schema-graph\">{\"@context\":\"https:\/\/schema.org\",\"@graph\":[{\"@type\":\"Article\",\"@id\":\"https:\/\/birlikdayanisma.com\/v3\/2008\/07\/kemal-turkler\/#article\",\"isPartOf\":{\"@id\":\"https:\/\/birlikdayanisma.com\/v3\/2008\/07\/kemal-turkler\/\"},\"author\":{\"name\":\"root\",\"@id\":\"https:\/\/birlikdayanisma.com\/v3\/#\/schema\/person\/2fd4a0bf332f1634d637e73cafde5aff\"},\"headline\":\"Kemal T\u00fcrkler an\u0131l\u0131yor\",\"datePublished\":\"2008-07-21T10:08:19+00:00\",\"dateModified\":\"2009-06-13T08:49:16+00:00\",\"mainEntityOfPage\":{\"@id\":\"https:\/\/birlikdayanisma.com\/v3\/2008\/07\/kemal-turkler\/\"},\"wordCount\":458,\"publisher\":{\"@id\":\"https:\/\/birlikdayanisma.com\/v3\/#organization\"},\"keywords\":[\"Anma\",\"Bdh\",\"Kemal T\u00fcrkler\"],\"articleSection\":[\"T\u00fcrkiyeden\"],\"inLanguage\":\"tr\"},{\"@type\":\"WebPage\",\"@id\":\"https:\/\/birlikdayanisma.com\/v3\/2008\/07\/kemal-turkler\/\",\"url\":\"https:\/\/birlikdayanisma.com\/v3\/2008\/07\/kemal-turkler\/\",\"name\":\"Kemal T\u00fcrkler an\u0131l\u0131yor &#8211; Birlik Dayan\u0131\u015fma Hareketi\",\"isPartOf\":{\"@id\":\"https:\/\/birlikdayanisma.com\/v3\/#website\"},\"datePublished\":\"2008-07-21T10:08:19+00:00\",\"dateModified\":\"2009-06-13T08:49:16+00:00\",\"description\":\"Birlik Dayan\u0131\u015fma Hareketi olarak T\u00fcrkiye i\u015f\u00e7i s\u0131n\u0131f\u0131n\u0131n yeti\u015ftirdi\u011fi en yi\u011fit evlatlar\u0131ndan KEMAL T\u00dcRKLER'i 22 Temmuz Sal\u0131 g\u00fcn\u00fc saat: 11:00'de \u0130stanbul\u2019da\",\"breadcrumb\":{\"@id\":\"https:\/\/birlikdayanisma.com\/v3\/2008\/07\/kemal-turkler\/#breadcrumb\"},\"inLanguage\":\"tr\",\"potentialAction\":[{\"@type\":\"ReadAction\",\"target\":[\"https:\/\/birlikdayanisma.com\/v3\/2008\/07\/kemal-turkler\/\"]}]},{\"@type\":\"BreadcrumbList\",\"@id\":\"https:\/\/birlikdayanisma.com\/v3\/2008\/07\/kemal-turkler\/#breadcrumb\",\"itemListElement\":[{\"@type\":\"ListItem\",\"position\":1,\"name\":\"Ana sayfa\",\"item\":\"https:\/\/birlikdayanisma.com\/v3\/\"},{\"@type\":\"ListItem\",\"position\":2,\"name\":\"Kemal T\u00fcrkler an\u0131l\u0131yor\"}]},{\"@type\":\"WebSite\",\"@id\":\"https:\/\/birlikdayanisma.com\/v3\/#website\",\"url\":\"https:\/\/birlikdayanisma.com\/v3\/\",\"name\":\"Birlik Dayan\u0131\u015fma Hareketi\",\"description\":\"\",\"publisher\":{\"@id\":\"https:\/\/birlikdayanisma.com\/v3\/#organization\"},\"potentialAction\":[{\"@type\":\"SearchAction\",\"target\":{\"@type\":\"EntryPoint\",\"urlTemplate\":\"https:\/\/birlikdayanisma.com\/v3\/?s={search_term_string}\"},\"query-input\":{\"@type\":\"PropertyValueSpecification\",\"valueRequired\":true,\"valueName\":\"search_term_string\"}}],\"inLanguage\":\"tr\"},{\"@type\":\"Organization\",\"@id\":\"https:\/\/birlikdayanisma.com\/v3\/#organization\",\"name\":\"Birlik Dayan\u0131\u015fma Hareketi\",\"url\":\"https:\/\/birlikdayanisma.com\/v3\/\",\"logo\":{\"@type\":\"ImageObject\",\"inLanguage\":\"tr\",\"@id\":\"https:\/\/birlikdayanisma.com\/v3\/#\/schema\/logo\/image\/\",\"url\":\"https:\/\/birlikdayanisma.com\/v3\/wp-content\/uploads\/bdh_logo_2016.png\",\"contentUrl\":\"https:\/\/birlikdayanisma.com\/v3\/wp-content\/uploads\/bdh_logo_2016.png\",\"width\":468,\"height\":60,\"caption\":\"Birlik Dayan\u0131\u015fma Hareketi\"},\"image\":{\"@id\":\"https:\/\/birlikdayanisma.com\/v3\/#\/schema\/logo\/image\/\"}},{\"@type\":\"Person\",\"@id\":\"https:\/\/birlikdayanisma.com\/v3\/#\/schema\/person\/2fd4a0bf332f1634d637e73cafde5aff\",\"name\":\"root\",\"image\":{\"@type\":\"ImageObject\",\"inLanguage\":\"tr\",\"@id\":\"https:\/\/birlikdayanisma.com\/v3\/#\/schema\/person\/image\/\",\"url\":\"https:\/\/secure.gravatar.com\/avatar\/d112a0f70b7f65f990d41bcb2260b0d5?s=96&d=mm&r=g\",\"contentUrl\":\"https:\/\/secure.gravatar.com\/avatar\/d112a0f70b7f65f990d41bcb2260b0d5?s=96&d=mm&r=g\",\"caption\":\"root\"},\"url\":\"https:\/\/birlikdayanisma.com\/v3\/author\/root\/\"}]}<\/script>\n<!-- \/ Yoast SEO plugin. -->","yoast_head_json":{"title":"Kemal T\u00fcrkler an\u0131l\u0131yor &#8211; Birlik Dayan\u0131\u015fma Hareketi","description":"Birlik Dayan\u0131\u015fma Hareketi olarak T\u00fcrkiye i\u015f\u00e7i s\u0131n\u0131f\u0131n\u0131n yeti\u015ftirdi\u011fi en yi\u011fit evlatlar\u0131ndan KEMAL T\u00dcRKLER'i 22 Temmuz Sal\u0131 g\u00fcn\u00fc saat: 11:00'de \u0130stanbul\u2019da","robots":{"index":"index","follow":"follow","max-snippet":"max-snippet:-1","max-image-preview":"max-image-preview:large","max-video-preview":"max-video-preview:-1"},"canonical":"https:\/\/birlikdayanisma.com\/v3\/2008\/07\/kemal-turkler\/","og_locale":"tr_TR","og_type":"article","og_title":"Kemal T\u00fcrkler an\u0131l\u0131yor &#8211; Birlik Dayan\u0131\u015fma Hareketi","og_description":"Birlik Dayan\u0131\u015fma Hareketi olarak T\u00fcrkiye i\u015f\u00e7i s\u0131n\u0131f\u0131n\u0131n yeti\u015ftirdi\u011fi en yi\u011fit evlatlar\u0131ndan KEMAL T\u00dcRKLER'i 22 Temmuz Sal\u0131 g\u00fcn\u00fc saat: 11:00'de \u0130stanbul\u2019da","og_url":"https:\/\/birlikdayanisma.com\/v3\/2008\/07\/kemal-turkler\/","og_site_name":"Birlik Dayan\u0131\u015fma Hareketi","article_published_time":"2008-07-21T10:08:19+00:00","article_modified_time":"2009-06-13T08:49:16+00:00","author":"root","twitter_card":"summary_large_image","twitter_misc":{"Yazan:":"root","Tahmini okuma s\u00fcresi":"2 dakika"},"schema":{"@context":"https:\/\/schema.org","@graph":[{"@type":"Article","@id":"https:\/\/birlikdayanisma.com\/v3\/2008\/07\/kemal-turkler\/#article","isPartOf":{"@id":"https:\/\/birlikdayanisma.com\/v3\/2008\/07\/kemal-turkler\/"},"author":{"name":"root","@id":"https:\/\/birlikdayanisma.com\/v3\/#\/schema\/person\/2fd4a0bf332f1634d637e73cafde5aff"},"headline":"Kemal T\u00fcrkler an\u0131l\u0131yor","datePublished":"2008-07-21T10:08:19+00:00","dateModified":"2009-06-13T08:49:16+00:00","mainEntityOfPage":{"@id":"https:\/\/birlikdayanisma.com\/v3\/2008\/07\/kemal-turkler\/"},"wordCount":458,"publisher":{"@id":"https:\/\/birlikdayanisma.com\/v3\/#organization"},"keywords":["Anma","Bdh","Kemal T\u00fcrkler"],"articleSection":["T\u00fcrkiyeden"],"inLanguage":"tr"},{"@type":"WebPage","@id":"https:\/\/birlikdayanisma.com\/v3\/2008\/07\/kemal-turkler\/","url":"https:\/\/birlikdayanisma.com\/v3\/2008\/07\/kemal-turkler\/","name":"Kemal T\u00fcrkler an\u0131l\u0131yor &#8211; Birlik Dayan\u0131\u015fma Hareketi","isPartOf":{"@id":"https:\/\/birlikdayanisma.com\/v3\/#website"},"datePublished":"2008-07-21T10:08:19+00:00","dateModified":"2009-06-13T08:49:16+00:00","description":"Birlik Dayan\u0131\u015fma Hareketi olarak T\u00fcrkiye i\u015f\u00e7i s\u0131n\u0131f\u0131n\u0131n yeti\u015ftirdi\u011fi en yi\u011fit evlatlar\u0131ndan KEMAL T\u00dcRKLER'i 22 Temmuz Sal\u0131 g\u00fcn\u00fc saat: 11:00'de \u0130stanbul\u2019da","breadcrumb":{"@id":"https:\/\/birlikdayanisma.com\/v3\/2008\/07\/kemal-turkler\/#breadcrumb"},"inLanguage":"tr","potentialAction":[{"@type":"ReadAction","target":["https:\/\/birlikdayanisma.com\/v3\/2008\/07\/kemal-turkler\/"]}]},{"@type":"BreadcrumbList","@id":"https:\/\/birlikdayanisma.com\/v3\/2008\/07\/kemal-turkler\/#breadcrumb","itemListElement":[{"@type":"ListItem","position":1,"name":"Ana sayfa","item":"https:\/\/birlikdayanisma.com\/v3\/"},{"@type":"ListItem","position":2,"name":"Kemal T\u00fcrkler an\u0131l\u0131yor"}]},{"@type":"WebSite","@id":"https:\/\/birlikdayanisma.com\/v3\/#website","url":"https:\/\/birlikdayanisma.com\/v3\/","name":"Birlik Dayan\u0131\u015fma Hareketi","description":"","publisher":{"@id":"https:\/\/birlikdayanisma.com\/v3\/#organization"},"potentialAction":[{"@type":"SearchAction","target":{"@type":"EntryPoint","urlTemplate":"https:\/\/birlikdayanisma.com\/v3\/?s={search_term_string}"},"query-input":{"@type":"PropertyValueSpecification","valueRequired":true,"valueName":"search_term_string"}}],"inLanguage":"tr"},{"@type":"Organization","@id":"https:\/\/birlikdayanisma.com\/v3\/#organization","name":"Birlik Dayan\u0131\u015fma Hareketi","url":"https:\/\/birlikdayanisma.com\/v3\/","logo":{"@type":"ImageObject","inLanguage":"tr","@id":"https:\/\/birlikdayanisma.com\/v3\/#\/schema\/logo\/image\/","url":"https:\/\/birlikdayanisma.com\/v3\/wp-content\/uploads\/bdh_logo_2016.png","contentUrl":"https:\/\/birlikdayanisma.com\/v3\/wp-content\/uploads\/bdh_logo_2016.png","width":468,"height":60,"caption":"Birlik Dayan\u0131\u015fma Hareketi"},"image":{"@id":"https:\/\/birlikdayanisma.com\/v3\/#\/schema\/logo\/image\/"}},{"@type":"Person","@id":"https:\/\/birlikdayanisma.com\/v3\/#\/schema\/person\/2fd4a0bf332f1634d637e73cafde5aff","name":"root","image":{"@type":"ImageObject","inLanguage":"tr","@id":"https:\/\/birlikdayanisma.com\/v3\/#\/schema\/person\/image\/","url":"https:\/\/secure.gravatar.com\/avatar\/d112a0f70b7f65f990d41bcb2260b0d5?s=96&d=mm&r=g","contentUrl":"https:\/\/secure.gravatar.com\/avatar\/d112a0f70b7f65f990d41bcb2260b0d5?s=96&d=mm&r=g","caption":"root"},"url":"https:\/\/birlikdayanisma.com\/v3\/author\/root\/"}]}},"_links":{"self":[{"href":"https:\/\/birlikdayanisma.com\/v3\/wp-json\/wp\/v2\/posts\/673","targetHints":{"allow":["GET"]}}],"collection":[{"href":"https:\/\/birlikdayanisma.com\/v3\/wp-json\/wp\/v2\/posts"}],"about":[{"href":"https:\/\/birlikdayanisma.com\/v3\/wp-json\/wp\/v2\/types\/post"}],"author":[{"embeddable":true,"href":"https:\/\/birlikdayanisma.com\/v3\/wp-json\/wp\/v2\/users\/4"}],"replies":[{"embeddable":true,"href":"https:\/\/birlikdayanisma.com\/v3\/wp-json\/wp\/v2\/comments?post=673"}],"version-history":[{"count":0,"href":"https:\/\/birlikdayanisma.com\/v3\/wp-json\/wp\/v2\/posts\/673\/revisions"}],"wp:attachment":[{"href":"https:\/\/birlikdayanisma.com\/v3\/wp-json\/wp\/v2\/media?parent=673"}],"wp:term":[{"taxonomy":"category","embeddable":true,"href":"https:\/\/birlikdayanisma.com\/v3\/wp-json\/wp\/v2\/categories?post=673"},{"taxonomy":"post_tag","embeddable":true,"href":"https:\/\/birlikdayanisma.com\/v3\/wp-json\/wp\/v2\/tags?post=673"}],"curies":[{"name":"wp","href":"https:\/\/api.w.org\/{rel}","templated":true}]}}